{"id":1957,"date":"2021-05-25T04:27:28","date_gmt":"2021-05-25T02:27:28","guid":{"rendered":"http:\/\/www.infokuryr.cz\/n\/?p=1957"},"modified":"2021-05-25T04:27:28","modified_gmt":"2021-05-25T02:27:28","slug":"fantasticka-podoba-pavla-fishera-a-emanuela-moravce","status":"publish","type":"post","link":"https:\/\/www.infokuryr.cz\/n\/2021\/05\/25\/fantasticka-podoba-pavla-fishera-a-emanuela-moravce\/","title":{"rendered":"Fantastick\u00e1 podoba Pavla Fishera a Emanuela Moravce"},"content":{"rendered":"<div id=\"fb-root\"><\/div>\n<p>Ministra protektor\u00e1tn\u00ed vl\u00e1dy Emanuela Moravce jsem vid\u011bl nes\u010d\u00edsln\u011bkr\u00e1t na filmov\u00fdch z\u00e1b\u011brech a jednou dokonce i v re\u00e1lu, kdy\u017e n\u011bkdy kolem roku 1943 nav\u0161t\u00edvil T\u0159eb\u00ed\u010d. Vracel jsem se ze \u0161koly, kdy\u017e tento nesmrteln\u00fd symbol n\u00e1rodn\u00ed zrady spolu s far\u00e1\u0159em, kter\u00fd n\u00e1s u\u010dil n\u00e1bo\u017eenstv\u00ed, vych\u00e1zel z podchodu budovy stoj\u00edc\u00ed p\u0159ed bazilikou Sv. Prokopa v T\u0159eb\u00ed\u010di-Podkl\u00e1\u0161te\u0159\u00ed.<\/p>\n<p>Co\u017e byl ov\u0161em jen moment, kter\u00fd mi o \u0159e\u010di t\u011bla, hlasu a v\u016fbec o osobnosti ministra Moravce ne\u0159ekl t\u00e9m\u011b\u0159 nic, ale doh\u00e1n\u011bl jsem pozn\u00e1n\u00ed toho v\u0161eho nedobrovoln\u011b p\u0159i sledov\u00e1n\u00ed protektor\u00e1tn\u00edch filmov\u00fdch\u00a0 t\u00fdden\u00edk\u016f, kter\u00e9 Moravcovi jako ministru nejhorliv\u011bji oddan\u00e9mu na\u0161emu n\u00e1rodn\u00edmu poroben\u00ed n\u00e1rodem n\u011bmeck\u00fdm, v\u011bnovaly nejdel\u0161\u00ed metr\u00e1\u017e. Tak\u017ee jsem si mnoh\u00e9 z Moravce tak n\u011bjak odkoukal a dal\u0161\u00edch t\u00e9m\u011b\u0159 80 let jsem nespat\u0159il nikoho, kdo by mi ho t\u0159eba i jen p\u0159ibli\u017en\u011b p\u0159ipomn\u011bl.<\/p>\n<p>A\u017e jsem na obrazovce \u010cT spat\u0159il nez\u00e1visl\u00e9ho sen\u00e1tora a p\u0159edsedu zahrani\u010dn\u00edho v\u00fdboru Sen\u00e1tu Pavla Fischera a byl jsem v tu r\u00e1nu o uveden\u00fdch 80 let zp\u00e1tky. A v \u0161oku, jak\u00fd jsem u\u017e dlouho neza\u017eil. Proto\u017ee podobnost t\u011bch dvou mu\u017e\u016f m\u011b omr\u00e1\u010dila. Podobn\u00fd a\u017e t\u00e9m\u011b\u0159 toto\u017en\u00fd tvar lebky, podobn\u00e1 postava, tyt\u00e9\u017e ost\u0159e semknut\u00e9 rty coby nezbytn\u00fd dopln\u011bk pr\u00e1v\u011b vy\u0159\u010den\u00fdch argument\u016f, a podobn\u00fd, a jako by z hloubi fanatick\u00e9 v\u00edry \u010di fanatick\u00e9 nen\u00e1visti vych\u00e1zej\u00edc\u00ed a v\u016fl\u00ed sou\u010dasn\u011b spolehliv\u011b kontrolovan\u00fd hlas. A tent\u00fd\u017e up\u0159en\u00fd a sou\u010dasn\u011b i p\u00e1trav\u00fd pohled, nekompromisn\u011b si vy\u017eaduj\u00edc\u00ed poslu\u0161nost a p\u0159itak\u00e1n\u00ed.<\/p>\n<p>Jsou-li si dva lid\u00e9 takto n\u00e1padn\u011b podobn\u00ed ve sf\u00e9\u0159e vlastnost\u00ed t\u011blesn\u00fdch, neubr\u00e1n\u00edte se poku\u0161en\u00ed srovn\u00e1vat i jejich vlastnosti du\u0161evn\u00ed. A \u017ee je v tomto p\u0159\u00edpad\u011b opravdu co srovn\u00e1vat, mo\u017en\u00e1 u\u017e v\u00edte, a\u00a0 pokud ne, pokus\u00edm se doplnit s\u00e1m. Fanatizmus a hlavn\u011b schopnost fanaticky nen\u00e1vid\u011bt ty, kte\u0159\u00ed se odva\u017euj\u00ed v\u00e1m oponovat, v\u00e1\u017ee k sob\u011b tyto dva mu\u017ee jako to, co je pro oba ze v\u0161ech du\u0161evn\u00edch hnut\u00ed hnut\u00edm nejcharakteristi\u010dt\u011bj\u0161\u00edm. Moravec vz\u00fdval Hitlerovo N\u011bmecko, ale nemiloval ho, ale zato um\u011bl horoucn\u011b a \u017ehav\u011b nen\u00e1vid\u011bt. Nen\u00e1vid\u011bl Brit\u00e1nii, Ameriku, Sov\u011btsk\u00fd svaz, Bene\u0161e, Churchilla, Roosevelta a Stalina, katol\u00edky, hloup\u00e9 \u010desk\u00e9 Va\u0161ky, kter\u00fdmi myslel \u010cechy, poslouchaj\u00edc\u00ed Lond\u00fdn, a t\u00e9\u017e \u010desk\u00e9 \u201eobr\u00fdlen\u00e9 mandar\u00edny\u201c, kter\u00fdmi myslel ty vedouc\u00ed \u010cechy, kte\u0159\u00ed se nestav\u011bli tak pozitivn\u011b ke spolupr\u00e1ci s N\u011bmci, jako se stav\u011bl on.<\/p>\n<p>Sen\u00e1tor Fischer vz\u00fdv\u00e1 Z\u00e1pad, ale trouf\u00e1m si tvrdit, \u017ee k n\u011bmu \u017e\u00e1dnou zvl\u00e1\u0161tn\u00ed l\u00e1skou neplane, ale zato um\u00ed takt\u00e9\u017e bytostn\u011b nen\u00e1vid\u011bt. V prv\u00e9 \u0159ad\u011b cel\u00e9 Rusko a v\u0161echny Rusy a t\u00e9\u017e ka\u017ed\u00e9ho, kdo kdy o Rusku, Rusech \u010di Srbech, \u010di B\u011blorusech, \u010di Kub\u00e1nc\u00edch, \u010di Venezuelanech, \u010di Sy\u0159anech, \u010di komunistech, \u010di \u010dlenech SPD utrousil dobr\u00e9 slovo. K smrti nen\u00e1vid\u00ed t\u00e9\u017e ka\u017ed\u00e9ho, kdo se stav\u00ed proti politice Z\u00e1padu \u010di proti koalici SPOLU a koalici Pir\u00e1tu a STANu. Nen\u00e1vid\u00ed prezidenta, vol\u00e1 po jeho odvol\u00e1n\u00ed, povykuje, \u017ee \u00fakolem prezidenta nen\u00ed zahrab\u00e1vat se v Hradu, ale kdyby se prezident za\u010dal aktivn\u011bji projevovat, je\u010del by na plnou pusu, \u017ee nen\u00ed \u00fakolem prezidenta zasahovat do denodenn\u00ed politiky. Prost\u011b by si h\u016fl v\u017edycky na\u0161el, a jako si ji se zjevn\u00fdm uspokojen\u00edm denodenn\u011b nach\u00e1z\u00ed ve v\u00fdpadech proti Rusku, ve dnech pr\u00e1v\u011b prob\u00edhaj\u00edc\u00edch nah\u00e1n\u00ed n\u00e1rod k tomu, abychom jednostrann\u011b vypov\u011bd\u011bli \u010di zru\u0161ili smlouvu o p\u0159\u00e1telsk\u00fdch vztaz\u00edch a spolupr\u00e1ci mezi \u010ceskou republikou a Ruskou federac\u00ed, kterou za \u010cR podepsal n\u011bkdej\u0161\u00ed prezident Havel a kter\u00e1 za dva roky, pokud Fischer a jemu podobn\u00ed se svou podkopnou \u010dinnosti proti n\u00ed neusp\u011bj\u00ed, oslav\u00ed u\u017e 30. let\u00e9 trv\u00e1n\u00ed sv\u00e9 platnosti.<\/p>\n<p>V ka\u017ed\u00e9m p\u0159\u00edpad\u011b v\u0161ak plat\u00ed, \u017ee je\u0161t\u011b jedna v\u011bc je jak ministru Moravcovi, tak sen\u00e1toru Fischerovi spole\u010dn\u00e1. A to je jejich bezuzdn\u00e9 ba\u017een\u00ed po moci. Ministr Moravec se cht\u011bl st\u00e1t po H\u00e1chovi protektor\u00e1tn\u00edm prezidentem, a kam m\u00ed\u0159\u00ed sen\u00e1tor Fisher je\u0161t\u011b p\u0159esn\u011b nev\u00edme. Ale \u017ee to bude hodn\u011b vysoko m\u016f\u017eeme soudit z toho, \u017ee se jeho jm\u00e9no a jeho n\u00e1zory na t\u00e9m\u011b\u0159 v\u0161e u n\u00e1s i v zahrani\u010d\u00ed objevuj\u00ed v na\u0161ich prostituj\u00edc\u00edch se m\u00e9di\u00edch st\u00e1le \u010dast\u011bji a v\u00fdrazn\u011bji.<\/p>\n<p>Z\u00e1le\u017e\u00ed na n\u00e1s p\u0159i volb\u00e1ch, kam a\u017e mu dovol\u00edme doj\u00edt. Co\u017e znamen\u00e1 tot\u00e9\u017e, jako kam a\u017e dovol\u00edme doj\u00edt nen\u00e1visti. A zl\u00e9mu duchu, kter\u00e9ho tento mu\u017e naprosto ide\u00e1ln\u011b zt\u011bles\u0148uje.<\/p>\n<p>Lubom\u00edr Man<\/p>\n<p><img decoding=\"async\" loading=\"lazy\" class=\"alignnone  wp-image-860\" src=\"http:\/\/www.infokuryr.cz\/n\/wp-content\/uploads\/2021\/04\/lub_man.jpg\" alt=\"\" width=\"107\" height=\"150\" \/><\/p>\n<p>&nbsp;<\/p>\n<p>&nbsp;<\/p>\n","protected":false},"excerpt":{"rendered":"<p>Ministra protektor\u00e1tn\u00ed vl\u00e1dy Emanuela Moravce jsem vid\u011bl nes\u010d\u00edsln\u011bkr\u00e1t na filmov\u00fdch z\u00e1b\u011brech a jednou dokonce i&#8230;<\/p>\n","protected":false},"author":2,"featured_media":1958,"comment_status":"closed","ping_status":"closed","sticky":false,"template":"","format":"standard","meta":[],"categories":[6],"tags":[450,29,449,451],"_links":{"self":[{"href":"https:\/\/www.infokuryr.cz\/n\/wp-json\/wp\/v2\/posts\/1957"}],"collection":[{"href":"https:\/\/www.infokuryr.cz\/n\/wp-json\/wp\/v2\/posts"}],"about":[{"href":"https:\/\/www.infokuryr.cz\/n\/wp-json\/wp\/v2\/types\/post"}],"author":[{"embeddable":true,"href":"https:\/\/www.infokuryr.cz\/n\/wp-json\/wp\/v2\/users\/2"}],"replies":[{"embeddable":true,"href":"https:\/\/www.infokuryr.cz\/n\/wp-json\/wp\/v2\/comments?post=1957"}],"version-history":[{"count":0,"href":"https:\/\/www.infokuryr.cz\/n\/wp-json\/wp\/v2\/posts\/1957\/revisions"}],"wp:featuredmedia":[{"embeddable":true,"href":"https:\/\/www.infokuryr.cz\/n\/wp-json\/wp\/v2\/media\/1958"}],"wp:attachment":[{"href":"https:\/\/www.infokuryr.cz\/n\/wp-json\/wp\/v2\/media?parent=1957"}],"wp:term":[{"taxonomy":"category","embeddable":true,"href":"https:\/\/www.infokuryr.cz\/n\/wp-json\/wp\/v2\/categories?post=1957"},{"taxonomy":"post_tag","embeddable":true,"href":"https:\/\/www.infokuryr.cz\/n\/wp-json\/wp\/v2\/tags?post=1957"}],"curies":[{"name":"wp","href":"https:\/\/api.w.org\/{rel}","templated":true}]}}