{"id":1955,"date":"2021-05-25T04:17:41","date_gmt":"2021-05-25T02:17:41","guid":{"rendered":"http:\/\/www.infokuryr.cz\/n\/?p=1955"},"modified":"2021-05-25T04:17:41","modified_gmt":"2021-05-25T02:17:41","slug":"beloruska-policie-zverejnila-video-s-protasevicem-ve-vazebni-veznici","status":"publish","type":"post","link":"https:\/\/www.infokuryr.cz\/n\/2021\/05\/25\/beloruska-policie-zverejnila-video-s-protasevicem-ve-vazebni-veznici\/","title":{"rendered":"B\u011blorusk\u00e1 policie zve\u0159ejnila video s Protasevi\u010dem ve vazebn\u00ed v\u011bznici"},"content":{"rendered":"<div id=\"fb-root\"><\/div>\n<p><strong>Roman Protasevi\u010d, jeden ze zakladatel\u016f kan\u00e1lu Nexta na s\u00edti Telegram, kter\u00fd je v B\u011blorusku pova\u017eov\u00e1n za extremistu a kter\u00fd byl v\u010dera zadr\u017een na leti\u0161ti v Minsku, uvedl, \u017ee nem\u00e1 \u017e\u00e1dn\u00e9 zdravotn\u00ed probl\u00e9my. Z\u00e1rove\u0148 uvedl, \u017ee se p\u0159izn\u00e1v\u00e1 k organizaci hromadn\u00fdch nepokoj\u016f.<\/strong><\/p>\n<p>Protasevi\u010d se objevil na\u00a0<strong>videu<\/strong>\u00a0v b\u011blorusk\u00e9 st\u00e1tn\u00ed televizi Belarus. Ve sv\u00e9m vyj\u00e1d\u0159en\u00ed uv\u00e1d\u00ed, \u017ee se k n\u011bmu dozorci chovaj\u00ed korektn\u011b a promluvil i o sv\u00e9m zdravotn\u00edm stavu.<\/p>\n<p>\u201eV\u010dera jsem byl zadr\u017een p\u0159\u00edslu\u0161n\u00edky ministerstva vnitra na n\u00e1rodn\u00edm leti\u0161ti v Minsku. Nyn\u00ed jsem ve vazebn\u00ed v\u011bznici \u010d. 1 v Minsku. Mohu prohl\u00e1sit, \u017ee netrp\u00edm \u017e\u00e1dn\u00fdmi zdravotn\u00edmi probl\u00e9my, ani se srdcem, ani s jin\u00fdmi ostatn\u00ed org\u00e1ny. A pokud jde o chov\u00e1n\u00ed zam\u011bstnanc\u016f (bezpe\u010dnostn\u00edch \u00fa\u0159edn\u00edk\u016f, pozn. red.) v\u016f\u010di m\u00e9 osob\u011b, je maxim\u00e1ln\u011b korektn\u00ed a podle z\u00e1kona,\u201c uvedl Protasevi\u010d.<\/p>\n<p>Doty\u010dn\u00fd se tak\u00e9 doznal se k organizov\u00e1n\u00ed nepokoj\u016f.<\/p>\n<p>\u201ePokra\u010duji ve spolupr\u00e1ci s vy\u0161et\u0159ov\u00e1n\u00edm a p\u0159izn\u00e1v\u00e1m se k organizaci masov\u00fdch nepokoj\u016f (po prezidentsk\u00fdch volb\u00e1ch) v Minsku,\u201c zn\u00ed na videu z \u00fast \u0161estadvacetilet\u00e9ho bloggera.<\/p>\n<p>Zmi\u0148me, \u017ee na videu je\u00a0Protasevi\u010d zachycen, jak sed\u00ed s\u00e1m za stolem. Ze z\u00e1b\u011br\u016f v\u0161ak nen\u00ed z\u0159ejm\u00e9, co a kdo se nach\u00e1z\u00ed okolo n\u011bj.<\/p>\n<div class=\"article__block\" data-type=\"quote\">\n<div class=\"article__quote\">\n<div class=\"article__quote-info\">\n<div class=\"elem-info\">\n<div class=\"elem-info__share\">\n<div class=\"share\" data-id=\"14606519\" data-url=\"https:\/\/cz.sputniknews.com\/20210524\/beloruska-policie-zverejnila-video-s-protasevicem-ve-vazebni-veznici-14606519.html?share-block=14606521\" data-title=\"\u201eV\u010dera jsem byl zadr\u017een p\u0159\u00edslu\u0161n\u00edky ministerstva vnitra na n\u00e1rodn\u00edm leti\u0161ti v Minsku. Nyn\u00ed jsem ve vazebn\u00ed v\u011bznici \u010d. 1 v Minsku. Mohu prohl\u00e1sit, \u017ee netrp\u00edm \u017e\u00e1dn\u00fdmi zdravotn\u00edmi probl\u00e9my, ani se srdcem, ani s jin\u00fdmi ostatn\u00ed org\u00e1ny. A pokud jde o chov\u00e1n\u00ed zam\u011bstnanc\u016f (bezpe\u010dnostn\u00edch \u00fa\u0159edn\u00edk\u016f, pozn. red.) v\u016f\u010di m\u00e9 osob\u011b, je maxim\u00e1ln\u011b korektn\u00ed a podle z\u00e1kona,\u201c uvedl Protasevi\u010d.\"><\/div>\n<\/div>\n<\/div>\n<\/div>\n<\/div>\n<\/div>\n<div class=\"article__block\" data-type=\"social\">\n<div class=\"ria-tweet\">\n<div class=\"twitter-tweet twitter-tweet-rendered\"><iframe id=\"twitter-widget-0\" class=\"\" title=\"Twitter Tweet\" src=\"https:\/\/platform.twitter.com\/embed\/Tweet.html?dnt=false&amp;embedId=twitter-widget-0&amp;features=eyJ0ZndfZXhwZXJpbWVudHNfY29va2llX2V4cGlyYXRpb24iOnsiYnVja2V0IjoxMjA5NjAwLCJ2ZXJzaW9uIjpudWxsfSwidGZ3X2hvcml6b25fdHdlZXRfZW1iZWRfOTU1NSI6eyJidWNrZXQiOiJodGUiLCJ2ZXJzaW9uIjpudWxsfSwidGZ3X3R3ZWV0X2VtYmVkX2NsaWNrYWJpbGl0eV8xMjEwMiI6eyJidWNrZXQiOiJjb250cm9sIiwidmVyc2lvbiI6bnVsbH19&amp;frame=false&amp;hideCard=false&amp;hideThread=false&amp;id=1396900282093686788&amp;lang=cs&amp;origin=https%3A%2F%2Fcz.sputniknews.com%2F20210524%2Fbeloruska-policie-zverejnila-video-s-protasevicem-ve-vazebni-veznici-14606519.html&amp;sessionId=67d611d11a6091a6c5bd0d40d6bf7cea03ef6602&amp;theme=light&amp;widgetsVersion=82e1070%3A1619632193066&amp;width=550px\" frameborder=\"0\" scrolling=\"no\" allowfullscreen=\"allowfullscreen\" data-tweet-id=\"1396900282093686788\" data-mce-fragment=\"1\"><\/iframe><\/div>\n<\/div>\n<\/div>\n<div class=\"article__block\" data-type=\"text\">\n<div class=\"article__text\"><\/div>\n<\/div>\n<p>Dan\u00e9 z\u00e1b\u011bry se objevily na Twitteru spolupracovn\u00edka opozi\u010dn\u00ed v\u016fdkyn\u011b Sv\u011btlany Tichanovsk\u00e9, Franaka Via\u010dorky.<\/p>\n<p>Za zm\u00ednku stoj\u00ed i to, \u017ee se v sou\u010dasn\u00e9 chv\u00edli na internetu objevuj\u00ed r\u016fzn\u00e9 informace o tom, kde se Protasevi\u010d nyn\u00ed nach\u00e1z\u00ed a v jak\u00e9m je stavu. Jeho matka p\u016fvodn\u011b tvrdla, \u017ee je v kritick\u00e9m stavu v minsk\u00e9 nemocnici kv\u016fli\u00a0pot\u00ed\u017e\u00edm se srdcem. To v\u0161ak mluv\u010d\u00ed ministerstva vnitra vyvr\u00e1tila.<\/p>\n<p>\u201eInternetem se \u0161\u00ed\u0159\u00ed informace, \u017ee se nach\u00e1z\u00ed v jednom ze zdravotnick\u00fdch za\u0159\u00edzen\u00ed v Minsku. Uveden\u00e9 informace se nezakl\u00e1daj\u00ed na pravd\u011b,\u201c \u0159ekla mluv\u010d\u00ed ministerstva.<\/p>\n<p><strong>Incident s letadlem Ryanair<\/strong><\/p>\n<p>V\u010dera, v ned\u011bli 23. kv\u011btna, jsme informovali o tom, \u017ee letadlo spole\u010dnosti Ryanair, kter\u00e9 let\u011blo z Ath\u00e9n\u00a0do Vilniusu, nal\u00e9hav\u011b p\u0159ist\u00e1lo na leti\u0161ti v Minsku kv\u016fli zpr\u00e1v\u00e1m o zaminov\u00e1n\u00ed, kter\u00e9 se uk\u00e1zaly jako fale\u0161n\u00e9. Na palub\u011b letadla se nach\u00e1zel\u00a0<strong>Roman Protasevi\u010d<\/strong>, zakladatel telegramov\u00e9ho kan\u00e1lu Nexta, kter\u00fd je v B\u011blorusku prohl\u00e1\u0161en za extremistick\u00fd. Protasevi\u010d byl p\u0159i kontrole jeho doklad\u016f zadr\u017een. Bylo proti n\u011bmu zah\u00e1jeno trestn\u00ed \u0159\u00edzen\u00ed podle n\u011bkolika paragraf\u016f, v\u010detn\u011b organizace hromadn\u00fdch nepokoj\u016f. M\u016f\u017ee mu hrozit a\u017e 15 let odn\u011bt\u00ed svobody.<\/p>\n<p><strong>To vyvolalo kritiku\u00a0ze strany Z\u00e1padu, a to navzdory skute\u010dnosti, \u017ee k nouzov\u00e9mu p\u0159ist\u00e1n\u00ed letadel doch\u00e1zelo i v minulosti. Nejv\u00fdrazn\u011bj\u0161\u00edm p\u0159\u00edpadem bylo vynucen\u00e9 p\u0159ist\u00e1n\u00ed letadla bol\u00edvijsk\u00e9ho prezidenta Eva Moralese ve V\u00eddni v roce 2013. D\u016fvodem byly \u00fadajn\u00e9 informace o tom, \u017ee se na palub\u011b nach\u00e1z\u00ed b\u00fdval\u00fd agent CIA Edward Snowden, kter\u00fd byl ve Spojen\u00fdch st\u00e1tech obvin\u011bn z prozrazen\u00ed st\u00e1tn\u00edho tajemstv\u00ed.<\/strong><\/p>\n<p><a href=\"https:\/\/cz.sputniknews.com\/20210524\/beloruska-policie-zverejnila-video-s-protasevicem-ve-vazebni-veznici-14606519.html\">ZDROJ<\/a><\/p>\n<p>&nbsp;<\/p>\n","protected":false},"excerpt":{"rendered":"<p>Roman Protasevi\u010d, jeden ze zakladatel\u016f kan\u00e1lu Nexta na s\u00edti Telegram, kter\u00fd je v B\u011blorusku pova\u017eov\u00e1n&#8230;<\/p>\n","protected":false},"author":2,"featured_media":1956,"comment_status":"closed","ping_status":"closed","sticky":false,"template":"","format":"standard","meta":[],"categories":[7],"tags":[150,447,446,448],"_links":{"self":[{"href":"https:\/\/www.infokuryr.cz\/n\/wp-json\/wp\/v2\/posts\/1955"}],"collection":[{"href":"https:\/\/www.infokuryr.cz\/n\/wp-json\/wp\/v2\/posts"}],"about":[{"href":"https:\/\/www.infokuryr.cz\/n\/wp-json\/wp\/v2\/types\/post"}],"author":[{"embeddable":true,"href":"https:\/\/www.infokuryr.cz\/n\/wp-json\/wp\/v2\/users\/2"}],"replies":[{"embeddable":true,"href":"https:\/\/www.infokuryr.cz\/n\/wp-json\/wp\/v2\/comments?post=1955"}],"version-history":[{"count":0,"href":"https:\/\/www.infokuryr.cz\/n\/wp-json\/wp\/v2\/posts\/1955\/revisions"}],"wp:featuredmedia":[{"embeddable":true,"href":"https:\/\/www.infokuryr.cz\/n\/wp-json\/wp\/v2\/media\/1956"}],"wp:attachment":[{"href":"https:\/\/www.infokuryr.cz\/n\/wp-json\/wp\/v2\/media?parent=1955"}],"wp:term":[{"taxonomy":"category","embeddable":true,"href":"https:\/\/www.infokuryr.cz\/n\/wp-json\/wp\/v2\/categories?post=1955"},{"taxonomy":"post_tag","embeddable":true,"href":"https:\/\/www.infokuryr.cz\/n\/wp-json\/wp\/v2\/tags?post=1955"}],"curies":[{"name":"wp","href":"https:\/\/api.w.org\/{rel}","templated":true}]}}