{"id":19488,"date":"2022-12-11T01:07:44","date_gmt":"2022-12-11T00:07:44","guid":{"rendered":"http:\/\/www.infokuryr.cz\/n\/?p=19488"},"modified":"2022-12-10T18:01:35","modified_gmt":"2022-12-10T17:01:35","slug":"ci-byl-konspiracni-byt-ve-kterem-bydlel-p-pavel-jake-byly-falesne-doklady-co-studoval-a-havel","status":"publish","type":"post","link":"https:\/\/www.infokuryr.cz\/n\/2022\/12\/11\/ci-byl-konspiracni-byt-ve-kterem-bydlel-p-pavel-jake-byly-falesne-doklady-co-studoval-a-havel\/","title":{"rendered":"\u010c\u00ed byl konspira\u010dn\u00ed byt, ve kter\u00e9m bydlel P. Pavel? Jak\u00e9 byly fale\u0161n\u00e9 doklady? Co studoval? A Havel.."},"content":{"rendered":"<div id=\"fb-root\"><\/div>\n<p><strong>Jak se na zpravodajsk\u00e9m kursu prezidentsk\u00e9ho kandid\u00e1ta Petra Pavla projevoval fakt, \u017ee \u010ceskoslovensk\u00e9 vojensk\u00e9 zpravodajstv\u00ed podl\u00e9halo sov\u011btsk\u00e9mu velen\u00ed? Jak se v\u00a0kursu Petra Pavla p\u0159id\u011bloval konspira\u010dn\u00ed byt a\u00a0jak se nakl\u00e1dalo s\u00a0fale\u0161n\u00fdmi i\u00a0prav\u00fdmi osobn\u00edmi doklady? A\u00a0byli \u00fa\u010dastn\u00edci \u010deskoslovensk\u00e9ho vojensk\u00e9ho zpravodajsk\u00e9ho kursu v\u00a0kontaktu s\u00a0p\u0159\u00edslu\u0161n\u00edky sov\u011btsk\u00e9 vojensk\u00e9 zpravodajsk\u00e9 slu\u017eby GRU? I\u00a0o\u00a0tom bude \u0159e\u010d.<\/strong><\/p>\n<p>Dnes je se mnou ve studiu n\u011bkdej\u0161\u00ed spolu\u017e\u00e1k prezidentsk\u00e9ho kandid\u00e1ta Petra Pavla ze speci\u00e1ln\u00ed \u0161koly Zpravodajsk\u00e9 spr\u00e1vy Gener\u00e1ln\u00edho \u0161t\u00e1bu \u010ceskoslovensk\u00e9 lidov\u00e9 arm\u00e1dy, pan doktor Pavel Bene\u0161. A\u00a0jeho pr\u00e1vn\u00ed z\u00e1stupce, b\u00fdval\u00fd vojensk\u00fd a\u00a0porevolu\u010dn\u00ed hlavn\u00ed vojensk\u00fd prokur\u00e1tor Miroslav K\u0159\u00ed\u017eeneck\u00fd.<\/p>\n<p><iframe loading=\"lazy\" title=\"\u010c\u00ed byl konspira\u010dn\u00ed byt, ve kter\u00e9m bydlel P. Pavel? Jak\u00e9 byly fale\u0161n\u00e9 doklady? Co studoval? A Havel..\" width=\"640\" height=\"360\" src=\"https:\/\/www.youtube.com\/embed\/Bufg51pzx5k?start=12&#038;feature=oembed\" frameborder=\"0\" allow=\"accelerometer; autoplay; clipboard-write; encrypted-media; gyroscope; picture-in-picture\" allowfullscreen><\/iframe><\/p>\n<p>V\u0161echna videa, rozhovory a\u00a0podcasty na jednom m\u00edst\u011b:\u00a0<em><strong>www.abybylojasno.cz<\/strong><\/em><\/p>\n<p><img decoding=\"async\" loading=\"lazy\" class=\"wp-image-19187 aligncenter\" src=\"http:\/\/www.infokuryr.cz\/n\/wp-content\/uploads\/2022\/12\/1-PRO-300x36.jpg\" alt=\"\" width=\"1258\" height=\"151\" srcset=\"https:\/\/www.infokuryr.cz\/n\/wp-content\/uploads\/2022\/12\/1-PRO-300x36.jpg 300w, https:\/\/www.infokuryr.cz\/n\/wp-content\/uploads\/2022\/12\/1-PRO.jpg 699w\" sizes=\"(max-width: 1258px) 100vw, 1258px\" \/><\/p>\n<p>&nbsp;<\/p>\n","protected":false},"excerpt":{"rendered":"<p>Jak se na zpravodajsk\u00e9m kursu prezidentsk\u00e9ho kandid\u00e1ta Petra Pavla projevoval fakt, \u017ee \u010ceskoslovensk\u00e9 vojensk\u00e9 zpravodajstv\u00ed&#8230;<\/p>\n","protected":false},"author":2,"featured_media":19489,"comment_status":"closed","ping_status":"closed","sticky":false,"template":"","format":"standard","meta":[],"categories":[6],"tags":[562,2712,1173,165,27],"_links":{"self":[{"href":"https:\/\/www.infokuryr.cz\/n\/wp-json\/wp\/v2\/posts\/19488"}],"collection":[{"href":"https:\/\/www.infokuryr.cz\/n\/wp-json\/wp\/v2\/posts"}],"about":[{"href":"https:\/\/www.infokuryr.cz\/n\/wp-json\/wp\/v2\/types\/post"}],"author":[{"embeddable":true,"href":"https:\/\/www.infokuryr.cz\/n\/wp-json\/wp\/v2\/users\/2"}],"replies":[{"embeddable":true,"href":"https:\/\/www.infokuryr.cz\/n\/wp-json\/wp\/v2\/comments?post=19488"}],"version-history":[{"count":1,"href":"https:\/\/www.infokuryr.cz\/n\/wp-json\/wp\/v2\/posts\/19488\/revisions"}],"predecessor-version":[{"id":19490,"href":"https:\/\/www.infokuryr.cz\/n\/wp-json\/wp\/v2\/posts\/19488\/revisions\/19490"}],"wp:featuredmedia":[{"embeddable":true,"href":"https:\/\/www.infokuryr.cz\/n\/wp-json\/wp\/v2\/media\/19489"}],"wp:attachment":[{"href":"https:\/\/www.infokuryr.cz\/n\/wp-json\/wp\/v2\/media?parent=19488"}],"wp:term":[{"taxonomy":"category","embeddable":true,"href":"https:\/\/www.infokuryr.cz\/n\/wp-json\/wp\/v2\/categories?post=19488"},{"taxonomy":"post_tag","embeddable":true,"href":"https:\/\/www.infokuryr.cz\/n\/wp-json\/wp\/v2\/tags?post=19488"}],"curies":[{"name":"wp","href":"https:\/\/api.w.org\/{rel}","templated":true}]}}