{"id":19487,"date":"2022-12-11T01:06:28","date_gmt":"2022-12-11T00:06:28","guid":{"rendered":"http:\/\/www.infokuryr.cz\/n\/?p=19487"},"modified":"2022-12-10T17:56:29","modified_gmt":"2022-12-10T16:56:29","slug":"jiri-vyvadil-komu-mame-verit-pta-se-putin-inu-nikomu","status":"publish","type":"post","link":"https:\/\/www.infokuryr.cz\/n\/2022\/12\/11\/jiri-vyvadil-komu-mame-verit-pta-se-putin-inu-nikomu\/","title":{"rendered":"Ji\u0159\u00ed Vyvadil: Komu m\u00e1me v\u011b\u0159it, pt\u00e1 se Putin. Inu nikomu"},"content":{"rendered":"<div id=\"fb-root\"><\/div>\n<p><strong>Angele Merkelov\u00e1 zd\u00e1 se \u0161okovala sv\u00fdmi posledn\u00edmi v\u00fdroky t\u00e9m\u011b\u0159 ka\u017ed\u00e9ho. To, \u017ee uvedla, \u017ee protahovala jedn\u00e1n\u00ed o realizaci Minsk\u00fdch dohod, kter\u00e9 jinak byly jasn\u00e9 a m\u011bly vytvo\u0159it z Don\u011bcka a Luhanska samospr\u00e1vn\u00e9, autonomn\u00ed oblasti, by\u0165 form\u00e1ln\u011b v r\u00e1mci Ukrajiny, aby pos\u00edlila vojenskou p\u0159ipravenost Ukrajiny na p\u0159edpokl\u00e1dan\u00fd budouc\u00ed vojensk\u00fd konflikt s Ruskem asi nep\u0159ekvapilo jenom Putina.<\/strong><\/p>\n<p>Kolik to bylo zbyte\u010dn\u00fdch jedn\u00e1n\u00ed navozuj\u00edc\u00edch atmosf\u00e9ru nad\u011bje, \u017ee i v t\u00e9to v\u00fdchodn\u00ed kon\u010din\u011b Evropy nastane pokoj a klid, kolik \u00fasm\u011bv\u016f a zbyte\u010dn\u00fdch tlach\u016f, kter\u00e9 trvaly roky.<\/p>\n<p>A jak nyn\u00ed uvedla. V\u0161e to byla \u0161alba a podvod. Alespo\u0148 ona (a Macron se zat\u00edm nevyj\u00e1d\u0159il) m\u011bla jedin\u00fd c\u00edl, toti\u017e, aby minsk\u00e9 dohody realizov\u00e1ny nebyly.<\/p>\n<p>Ka\u017ed\u00fd ch\u00e1pe, \u017ee spln\u011bn\u00ed dohod, by odstranilo, z\u0159ejm\u011b nejd\u016fle\u017eit\u011bj\u0161\u00ed d\u016fvod k vypuknut\u00ed n\u00e1sledn\u00e9 rusk\u00e9 invaze a tak s klidem m\u016f\u017eeme Merkelovou ozna\u010dit jako mo\u017en\u00e1 nejv\u00fdznamn\u011bj\u0161\u00ed pachatelku sou\u010dasn\u00e9 krize, kter\u00e1 d\u00edky n\u00e1sledn\u00fdm s schizofrenn\u00edm sankc\u00edm Z\u00e1padu a bohu\u017eel zejm\u00e9na EU zachv\u00e1tila i nez\u00e1padn\u00ed sv\u011bt.<\/p>\n<p>Kdyby m\u011bl b\u00fdt n\u011bkdo d\u00e1n na pran\u00fd\u0159 sv\u011btov\u00e9ho soudu, byla by to ona. Ale v z\u00e1sad\u011b nikoho dnes u\u017e tato \u017een\u0161tina nezaj\u00edm\u00e1.<\/p>\n<p>Co ale ka\u017ed\u00e9ho z n\u00e1s zaj\u00edm\u00e1, zda v\u016fbec je mo\u017en\u00e9 n\u011bjak\u00e9 jedn\u00e1n\u00ed mezi Ruskem a Z\u00e1padem. A odpov\u011b\u010f spr\u00e1vn\u011b zn\u00ed. Ano, ale a\u017e Rusko jak na front\u011b vojensk\u00e9, tak i na front\u011b ekonomick\u00e9 poraz\u00ed sv\u00e9 nep\u0159\u00e1tele, tedy i n\u00e1s\u2026<\/p>\n<p>Vladim\u00edr Putin zjevn\u011b byl hluboce zasko\u010den a jeho slova na margo Merkelov\u00e9 jsou otev\u0159en\u00e1 a zklaman\u00e1. P\u0159edstava, \u017ee se po roky st\u00fdkal s n\u011bk\u00fdm, kdo ho cht\u011bl jm\u00e9nem Z\u00e1padu zni\u010dit byla pochmurn\u00e1.<\/p>\n<p>Nu\u017ee, co \u0159ekl:<\/p>\n<p>\u201eUp\u0159\u00edmn\u011b \u0159e\u010deno, bylo to pro m\u011b naprosto ne\u010dekan\u00e9. Je to zklam\u00e1n\u00ed.<\/p>\n<p>Up\u0159\u00edmn\u011b \u0159e\u010deno, ne\u010dekal jsem, \u017ee to od b\u00fdval\u00e9ho kancl\u00e9\u0159ky usly\u0161\u00edm, proto\u017ee jsem v\u017edy p\u0159edpokl\u00e1dal, \u017ee veden\u00ed SRN je k n\u00e1m up\u0159\u00edmn\u00e9.<\/p>\n<p>Ano, samoz\u0159ejm\u011b byli na stran\u011b Ukrajiny, podporovali ji, ale p\u0159esto jsem si myslel, \u017ee n\u011bmeck\u00e9 veden\u00ed v\u017edy up\u0159\u00edmn\u011b usilovalo o urovn\u00e1n\u00ed na principech, na kter\u00fdch jsme se dohodli a kter\u00fdch bylo dosa\u017eeno i v r\u00e1mci minsk\u00e9ho procesu.<\/p>\n<p>To jen dokazuje, \u017ee jsme ud\u011blali v\u0161e spr\u00e1vn\u011b, pokud jde o zah\u00e1jen\u00ed speci\u00e1ln\u00ed vojensk\u00e9 operace. Uk\u00e1zalo se, \u017ee tyto minsk\u00e9 dohody nikdo nehodl\u00e1 plnit. Veden\u00ed Ukrajiny podle slov b\u00fdval\u00e9ho prezidenta Poro\u0161enka tak\u00e9 \u0159eklo, \u017ee se k tomu nechyst\u00e1, podepsalo je, ale nehodl\u00e1 je realizovat.<\/p>\n<p>P\u0159esto jsem spol\u00e9hal na to, \u017ee ostatn\u00ed \u00fa\u010dastn\u00edci budou up\u0159\u00edmn\u00ed.<\/p>\n<p>Uk\u00e1zalo se, \u017ee n\u00e1s tak\u00e9 klamali a smyslem bylo pouze napumpovat Ukrajinu zbran\u011bmi a p\u0159ipravit ji na boj. Z\u0159ejm\u011b jsme se nestihli zorientovat, abychom byli up\u0159\u00edmn\u00ed.<\/p>\n<p>Mo\u017en\u00e1 jsme s t\u00edm m\u011bli za\u010d\u00edt d\u0159\u00edv. St\u00e1le jsme v\u0161ak doufali, \u017ee se n\u00e1m poda\u0159\u00ed dos\u00e1hnout dohody v r\u00e1mci minsk\u00fdch dohod.<\/p>\n<p><strong>Nyn\u00ed je tu ot\u00e1zka d\u016fv\u011bry. Ale d\u016fv\u011bra je t\u00e9m\u011b\u0159 nulov\u00e1. Jak vyjedn\u00e1vat? O \u010dem? A je mo\u017en\u00e9 s n\u011bk\u00fdm vyjedn\u00e1vat? Kde jsou z\u00e1ruky? To je ot\u00e1zka!<\/strong><\/p>\n<p><strong>Nakonec se ale stejn\u011b budeme muset dohodnout.<\/strong><\/p>\n<p><strong>Mnohokr\u00e1t jsem \u0159ekl, \u017ee jsme na tyto dohody p\u0159ipraveni, jsme otev\u0159en\u00ed, ale nut\u00ed n\u00e1s to p\u0159em\u00fd\u0161let o tom, s k\u00fdm jedn\u00e1me.\u201c<\/strong><\/p>\n<p>Vrac\u00edm se ke slov\u016fm Putina, \u017ee ta v\u00e1lka bude trvat dlouho a neexistuje nikdo na Z\u00e1pad\u011b, s k\u00fdm by se mohl d\u016fv\u011bryhodn\u011b dohodnout.<\/p>\n<p>Kdy\u017e ho podvedla politi\u010dka, kter\u00e1 po 16 let budovala svou image jako m\u00edrotvorce a hleda\u010dka kompromis\u016f, jak m\u016f\u017ee v\u011b\u0159it t\u011bm sou\u010dasn\u00fdm, kte\u0159\u00ed sem tam prohod\u00ed konej\u0161iv\u00e1 sl\u016fvka ve vztahu k Rusku, ale z\u00e1rove\u0148 schvaluj\u00ed dal\u0161\u00ed a dal\u0161\u00ed sankce a pos\u00edlaj\u00ed zbran\u011b.<\/p>\n<p>J\u00e1 jenom, abychom si p\u0159estali d\u011blat iluze.<\/p>\n<p>V\u011bc je jasn\u00e1: Bu\u010f bude pora\u017eeno Rusko, nebo Z\u00e1pad. A to bude trvat mo\u017en\u00e1 roky\u2026<\/p>\n<p>Co jsme si jako Z\u00e1pad nava\u0159ili, budeme muset sn\u00edst. A chutn\u00e9 to nebude.<\/p>\n<p>Asi tak p\u0159\u00e1tel\u00e9\u2026<\/p>\n<p><a href=\"http:\/\/vasevec.parlamentnilisty.cz\/komentare\/komu-mame-verit-pta-se-putin-inu-nikomu\">Ji\u0159\u00ed Vyvadil<\/a><\/p>\n<p><img decoding=\"async\" loading=\"lazy\" class=\"alignnone size-medium wp-image-16474\" src=\"http:\/\/www.infokuryr.cz\/n\/wp-content\/uploads\/2022\/10\/jiri-vyvadil-300x200.jpg\" alt=\"\" width=\"300\" height=\"200\" srcset=\"https:\/\/www.infokuryr.cz\/n\/wp-content\/uploads\/2022\/10\/jiri-vyvadil-300x200.jpg 300w, https:\/\/www.infokuryr.cz\/n\/wp-content\/uploads\/2022\/10\/jiri-vyvadil-768x512.jpg 768w, https:\/\/www.infokuryr.cz\/n\/wp-content\/uploads\/2022\/10\/jiri-vyvadil.jpg 800w\" sizes=\"(max-width: 300px) 100vw, 300px\" \/><\/p>\n<p><img decoding=\"async\" loading=\"lazy\" class=\"wp-image-19187 aligncenter\" src=\"http:\/\/www.infokuryr.cz\/n\/wp-content\/uploads\/2022\/12\/1-PRO-300x36.jpg\" alt=\"\" width=\"1250\" height=\"150\" srcset=\"https:\/\/www.infokuryr.cz\/n\/wp-content\/uploads\/2022\/12\/1-PRO-300x36.jpg 300w, https:\/\/www.infokuryr.cz\/n\/wp-content\/uploads\/2022\/12\/1-PRO.jpg 699w\" sizes=\"(max-width: 1250px) 100vw, 1250px\" \/><\/p>\n<p>&nbsp;<\/p>\n<p>&nbsp;<\/p>\n","protected":false},"excerpt":{"rendered":"<p>Angele Merkelov\u00e1 zd\u00e1 se \u0161okovala sv\u00fdmi posledn\u00edmi v\u00fdroky t\u00e9m\u011b\u0159 ka\u017ed\u00e9ho. To, \u017ee uvedla, \u017ee protahovala&#8230;<\/p>\n","protected":false},"author":2,"featured_media":4208,"comment_status":"closed","ping_status":"closed","sticky":false,"template":"","format":"standard","meta":[],"categories":[6],"tags":[29,505,1883,102],"_links":{"self":[{"href":"https:\/\/www.infokuryr.cz\/n\/wp-json\/wp\/v2\/posts\/19487"}],"collection":[{"href":"https:\/\/www.infokuryr.cz\/n\/wp-json\/wp\/v2\/posts"}],"about":[{"href":"https:\/\/www.infokuryr.cz\/n\/wp-json\/wp\/v2\/types\/post"}],"author":[{"embeddable":true,"href":"https:\/\/www.infokuryr.cz\/n\/wp-json\/wp\/v2\/users\/2"}],"replies":[{"embeddable":true,"href":"https:\/\/www.infokuryr.cz\/n\/wp-json\/wp\/v2\/comments?post=19487"}],"version-history":[{"count":0,"href":"https:\/\/www.infokuryr.cz\/n\/wp-json\/wp\/v2\/posts\/19487\/revisions"}],"wp:featuredmedia":[{"embeddable":true,"href":"https:\/\/www.infokuryr.cz\/n\/wp-json\/wp\/v2\/media\/4208"}],"wp:attachment":[{"href":"https:\/\/www.infokuryr.cz\/n\/wp-json\/wp\/v2\/media?parent=19487"}],"wp:term":[{"taxonomy":"category","embeddable":true,"href":"https:\/\/www.infokuryr.cz\/n\/wp-json\/wp\/v2\/categories?post=19487"},{"taxonomy":"post_tag","embeddable":true,"href":"https:\/\/www.infokuryr.cz\/n\/wp-json\/wp\/v2\/tags?post=19487"}],"curies":[{"name":"wp","href":"https:\/\/api.w.org\/{rel}","templated":true}]}}