{"id":1948,"date":"2021-05-25T03:48:15","date_gmt":"2021-05-25T01:48:15","guid":{"rendered":"http:\/\/www.infokuryr.cz\/n\/?p=1948"},"modified":"2021-05-25T03:48:15","modified_gmt":"2021-05-25T01:48:15","slug":"rychetsky-benesova-a-brozova","status":"publish","type":"post","link":"https:\/\/www.infokuryr.cz\/n\/2021\/05\/25\/rychetsky-benesova-a-brozova\/","title":{"rendered":"Rychetsk\u00fd, Bene\u0161ov\u00e1 a Bro\u017eov\u00e1"},"content":{"rendered":"<div id=\"fb-root\"><\/div>\n<p>V z\u00e1\u0159\u00ed 2006 ministr spravedlnosti Ji\u0159\u00ed Posp\u00ed\u0161il prohl\u00e1sil, \u017ee by Nejvy\u0161\u0161\u00edmu soudu prosp\u011blo, kdyby jeho p\u0159edsedkyn\u011b Iva Bro\u017eov\u00e1 rezignovala, ale \u017ee on s\u00e1m na nikoho tla\u010dit nebude. V\u00a0n\u00e1sleduj\u00edc\u00edm roce s\u00a0n\u00ed navrhl\u00a0<a href=\"https:\/\/domaci.ihned.cz\/c1-22649680-pospisil-navrhl-karne-rizeni-s-sefkou-nejvyssiho-soudu\" target=\"_blank\" rel=\"noopener\">k\u00e1rn\u00e9 \u0159\u00edzen\u00ed<\/a>\u00a0a o\u00a0m\u011bs\u00edc pozd\u011bji k\u00e1rnou \u017ealobu navrhl i\u00a0na jej\u00edho man\u017eela,\u00a0<a href=\"https:\/\/domaci.ihned.cz\/c1-22705280-pospisil-navrhl-karnou-zalobu-na-manzela-brozove\" target=\"_blank\" rel=\"noopener\">advok\u00e1ta Jaroslava Bro\u017ee<\/a>. Bro\u017eov\u00e1 vydr\u017eela a\u017e do ledna 2015, kdy p\u0159edseda \u00dastavn\u00edho soudu Pavel Rychetsk\u00fd dle informac\u00ed pom\u00e1hal\u00a0<a href=\"https:\/\/ceskapozice.lidovky.cz\/tema\/proc-tak-rychly-konec-brozove.A150126_123125_pozice-tema_houd\" target=\"_blank\" rel=\"noopener\">vyjednat jej\u00ed rezignaci<\/a>\u00a0v\u00a0r\u00e1mci jist\u00e9 ro\u0161\u00e1dy. V\u00a0p\u0159\u00edpad\u011b, \u017ee by si to prezident Milo\u0161 Zeman\u00a0<a href=\"http:\/\/www.fsfinalword.cz\/?page=archive&amp;day=2019-02-05\" target=\"_blank\" rel=\"noopener\">nerozmyslel<\/a>, m\u011bl Rychetsk\u00e9ho vyst\u0159\u00eddat p\u0159edseda Nejvy\u0161\u0161\u00edho spr\u00e1vn\u00edho soudu Josef Baxa. Osoba, je\u017e st\u00e1la za zm\u011bnou Zemanova n\u00e1zoru, byla Marie Bene\u0161ov\u00e1, kter\u00e1 je nyn\u00ed jako ministryn\u011b spravedlnosti kritizov\u00e1na za to, \u017ee pohrozila nejvy\u0161\u0161\u00edmu st\u00e1tn\u00edmu z\u00e1stupci Pavlu Zemanovi k\u00e1rn\u00fdm \u0159\u00edzen\u00edm. Rychetsk\u00fd v\u010dera\u00a0<a href=\"https:\/\/ct24.ceskatelevize.cz\/domaci\/3315933-zive-predseda-ustavniho-soudu-pavel-rychetsky-je-hostem-otazek-vaclava-moravce\" target=\"_blank\" rel=\"noopener\">V\u00e1clavu Moravcovi na \u010cT<\/a>\u00a0\u0159ekl, \u017ee se je\u0161t\u011b nikdy v\u00a0d\u011bjin\u00e1ch t\u00e9to zem\u011b nestalo, aby jeden \u00fastavn\u00ed \u010dinitel tla\u010dil na druh\u00e9ho \u00fastavn\u00edho \u010dinitele vyhro\u017eov\u00e1n\u00edm k\u00e1rnou \u017ealobou. Rychetsk\u00fd zapom\u00edn\u00e1 strategicky.<\/p>\n<p><a href=\"http:\/\/www.fsfinalword.cz\/?page=archive&amp;day=2021-05-24&amp;utm_source=utm_source%3Dnewsletter&amp;utm_medium=utm_medium%3Demail&amp;utm_campaign=utm_campaign%3Dfinal_word_24.5.2021\">Erik Best<\/a><\/p>\n<p><img decoding=\"async\" loading=\"lazy\" class=\"alignnone  wp-image-1179\" src=\"http:\/\/www.infokuryr.cz\/n\/wp-content\/uploads\/2021\/04\/erik-best.jpg\" alt=\"\" width=\"124\" height=\"140\" \/><\/p>\n<p>&nbsp;<\/p>\n","protected":false},"excerpt":{"rendered":"<p>V z\u00e1\u0159\u00ed 2006 ministr spravedlnosti Ji\u0159\u00ed Posp\u00ed\u0161il prohl\u00e1sil, \u017ee by Nejvy\u0161\u0161\u00edmu soudu prosp\u011blo, kdyby jeho&#8230;<\/p>\n","protected":false},"author":2,"featured_media":1949,"comment_status":"closed","ping_status":"closed","sticky":false,"template":"","format":"standard","meta":[],"categories":[6],"tags":[417,33,444,324,335],"_links":{"self":[{"href":"https:\/\/www.infokuryr.cz\/n\/wp-json\/wp\/v2\/posts\/1948"}],"collection":[{"href":"https:\/\/www.infokuryr.cz\/n\/wp-json\/wp\/v2\/posts"}],"about":[{"href":"https:\/\/www.infokuryr.cz\/n\/wp-json\/wp\/v2\/types\/post"}],"author":[{"embeddable":true,"href":"https:\/\/www.infokuryr.cz\/n\/wp-json\/wp\/v2\/users\/2"}],"replies":[{"embeddable":true,"href":"https:\/\/www.infokuryr.cz\/n\/wp-json\/wp\/v2\/comments?post=1948"}],"version-history":[{"count":0,"href":"https:\/\/www.infokuryr.cz\/n\/wp-json\/wp\/v2\/posts\/1948\/revisions"}],"wp:featuredmedia":[{"embeddable":true,"href":"https:\/\/www.infokuryr.cz\/n\/wp-json\/wp\/v2\/media\/1949"}],"wp:attachment":[{"href":"https:\/\/www.infokuryr.cz\/n\/wp-json\/wp\/v2\/media?parent=1948"}],"wp:term":[{"taxonomy":"category","embeddable":true,"href":"https:\/\/www.infokuryr.cz\/n\/wp-json\/wp\/v2\/categories?post=1948"},{"taxonomy":"post_tag","embeddable":true,"href":"https:\/\/www.infokuryr.cz\/n\/wp-json\/wp\/v2\/tags?post=1948"}],"curies":[{"name":"wp","href":"https:\/\/api.w.org\/{rel}","templated":true}]}}