{"id":19464,"date":"2022-12-10T01:20:39","date_gmt":"2022-12-10T00:20:39","guid":{"rendered":"http:\/\/www.infokuryr.cz\/n\/?p=19464"},"modified":"2022-12-09T19:06:06","modified_gmt":"2022-12-09T18:06:06","slug":"ukrajinska-armada-v-znovu-dobytych-oblastech-muci-pravoslavne-krestany","status":"publish","type":"post","link":"https:\/\/www.infokuryr.cz\/n\/2022\/12\/10\/ukrajinska-armada-v-znovu-dobytych-oblastech-muci-pravoslavne-krestany\/","title":{"rendered":"Ukrajinsk\u00e1 arm\u00e1da v \u201eznovu dobyt\u00fdch\u201c oblastech mu\u010d\u00ed pravoslavn\u00e9 k\u0159es\u0165any"},"content":{"rendered":"<div id=\"fb-root\"><\/div>\n<div class=\"Text-root Text-type_1 \"><strong>Aktivist\u00e9 za lidsk\u00e1 pr\u00e1va v \u00fater\u00fd zve\u0159ejnili zpr\u00e1vu, \u017ee farn\u00edci ukrajinsk\u00e9 pravoslavn\u00e9 c\u00edrkve byli mu\u010deni v oblastech okupovan\u00fdch ukrajinsk\u00fdmi silami.<\/strong><\/div>\n<div><\/div>\n<div class=\"Text-root Text-type_1 \">Sdru\u017een\u00ed na ochranu n\u00e1bo\u017eensk\u00e9 svobody (RVRS) v \u00fater\u00fd uvedlo, \u017ee farn\u00edci kanonick\u00e9 ukrajinsk\u00e9 pravoslavn\u00e9 c\u00edrkve byli mu\u010deni a \u0161patn\u011b s nimi bylo\u00a0 zach\u00e1zeno v oblastech, kter\u00e9 p\u0159evzaly poid\u00a0 kontrolu ukrajinsk\u00e9 jednotky.<\/div>\n<div class=\"Text-root Text-type_5 ArticleView-text ViewText-root \">\n<p><strong><em>Existuj\u00ed d\u016fkazy o represivn\u00edch opat\u0159en\u00edch, tzv.\u00a0\u010distk\u00e1ch, v jejich\u017e d\u016fsledku bylo popraveno mnoho lid\u00ed, kte\u0159\u00ed byli n\u011bjak\u00fdm zp\u016fsobem v kontaktu s rusk\u00fdmi voj\u00e1ky a \u00fa\u0159edn\u00edky.\u00a0Des\u00edtky osob se poh\u0159e\u0161uje, mnoz\u00ed v\u010detn\u011b duchovn\u00edch a farn\u00edk\u016f ze sbor\u016f UPC jsou mu\u010deni a \u0161patn\u011b se s nimi zach\u00e1z\u00ed, \u201c\u00a0<\/em><\/strong>uvedlo p\u0159edstavenstvo asociace v prohl\u00e1\u0161en\u00ed o rozhodnut\u00edch ukrajinsk\u00fdch \u00fa\u0159ad\u016f zam\u011b\u0159en\u00fdch na diskriminaci v\u011b\u0159\u00edc\u00edch nejv\u011bt\u0161\u00ed pravoslavn\u00e9 k\u0159es\u0165ansk\u00e9\u00a0denominace v zemi.<\/p>\n<p>Minul\u00fd t\u00fdden ukrajinsk\u00fd prezident Vladimir Zelenskyj podepsal dekret o z\u00e1kazu \u010dinnosti v zemi n\u00e1bo\u017eensk\u00fdch organizac\u00ed pova\u017eovan\u00fdch za spojence s Ruskem. RVRS uvedla, \u017ee toto rozhodnut\u00ed p\u0159edstavuje p\u0159\u00edm\u00e9 poru\u0161en\u00ed kyjevsk\u00fdm\u00a0re\u017eimem V\u0161eobecn\u00e9 deklarace lidsk\u00fdch pr\u00e1v, Mezin\u00e1rodn\u00edho paktu o ob\u010dansk\u00fdch a politick\u00fdch pr\u00e1vech, Mezin\u00e1rodn\u00ed \u00famluvy o odstran\u011bn\u00ed v\u0161ech forem rasov\u00e9 diskriminace a dal\u0161\u00edch dokument\u016f chr\u00e1n\u00edc\u00edch lidsk\u00e1 pr\u00e1va v oblast sv\u011bdom\u00ed &#8211; svoboda n\u00e1bo\u017eenstv\u00ed a kultury.<\/p>\n<p>N\u00e1vrh z\u00e1kona o z\u00e1kazu \u010dinnosti kanonick\u00e9 Ukrajinsk\u00e9 pravoslavn\u00e9 c\u00edrkve (UPC) a konfiskaci jej\u00edho nemovit\u00e9ho a dal\u0161\u00edho majetku byl p\u0159edlo\u017een parlamentu na ja\u0159e, ale z\u00e1kon nebyl nikdy p\u0159ijat. V listopadu parlament p\u0159edstavil dal\u0161\u00ed dokument zakazuj\u00edc\u00ed ruskou pravoslavnou c\u00edrkev.\u00a0N\u00e1vrh z\u00e1kona mimo jin\u00e9 uv\u00e1d\u00ed, \u017ee n\u00e1bo\u017eensk\u00e1 organizace m\u016f\u017ee ve sv\u00e9m n\u00e1zvu pou\u017e\u00edvat slovo \u201epravoslavn\u00e1\u201c pouze tehdy, pokud v kanonick\u00fdch a organiza\u010dn\u00edch z\u00e1le\u017eitostech podl\u00e9h\u00e1 schizmatick\u00e9 \u201epravoslavn\u00e9 c\u00edrkvi Ukrajiny\u201c.<\/p>\n<p>Od v\u00edt\u011bzstv\u00ed nacionalistick\u00e9ho Majdanu v \u00fanoru 2014 je kanonick\u00e1 Ukrajinsk\u00e1 pravoslavn\u00e1 c\u00edrkev (UPC) pod masivn\u00edm tlakem kv\u016fli sv\u00e9 tradi\u010dn\u00ed, i kdy\u017e v posledn\u00ed dob\u011b sp\u00ed\u0161e symbolick\u00e9, p\u0159\u00edslu\u0161nosti k Moskevsk\u00e9mu patriarch\u00e1tu (UPC m\u00e1 od roku 1990 rozs\u00e1hlou samospr\u00e1vu ). Od t\u00e9 doby byly dv\u011b nekanonick\u00e9 pravoslavn\u00e9 secese nov\u00fdmi vl\u00e1dci na Ukrajin\u011b otev\u0159en\u011b zv\u00fdhodn\u011bny a poskytnuty st\u00e1tn\u00ed prost\u0159edky, nap\u0159\u00edklad v r\u00e1mci zaveden\u00ed vojensk\u00fdch kaplan\u016f. Nekontrolovan\u011b, n\u011bkdy dokonce s vl\u00e1dn\u00ed podporou, secesionist\u00e9\u00a0\u00a0<a href=\"https:\/\/test.rtde.tech\/newsticker\/76763-ukrainische-nationalisten-nehmen-orthodoxe-kirche-ein\/\" target=\"_blank\" rel=\"nofollow noopener\">pou\u017e\u00edvaj\u00ed n\u00e1sil\u00ed<\/a> , aby se \u00a0zmocnili kostel\u016f a vytla\u010dili tradi\u010dn\u00ed pravoslavn\u00e9 kongregace.<\/p>\n<p>Koncem roku 2018 se pod z\u00e1\u0161titou tehdej\u0161\u00edho prezidenta Poro\u0161enka sjednotili odtr\u017een\u00ed do \u201e\u00a0<a href=\"https:\/\/test.rtde.tech\/europa\/81218-ukraine-poroschenko-grundet-ukrainische-nationalkirche-mithilfe-cia\/\" target=\"_blank\" rel=\"nofollow noopener\">Ukrajinsk\u00e9 pravoslavn\u00e9 c\u00edrkve<\/a>\u00a0\u201c, kterou konstantinopolsk\u00fd patriarcha v roce 2019\u00a0\u00a0<a href=\"https:\/\/test.rtde.tech\/newsticker\/82070-orthodoxe-nationalkirche-in-ukraine-fur\/\" target=\"_blank\" rel=\"nofollow noopener\">uznal za \u201enez\u00e1vislou\u201c<\/a>\u00a0\u00a0.\u00a0Ve sv\u011btov\u00e9 pravoslavn\u00e9 c\u00edrkvi je tento \u010din kontroverzn\u00ed a n\u011bkdy je odsuzov\u00e1n jako nekanonick\u00fd z\u00e1sah do suverenity moskevsk\u00e9ho patriarchy.\u00a0Dosud pouze \u010dty\u0159i ze 14 nebo 15 pravoslavn\u00fdch c\u00edrkv\u00ed, v z\u00e1vislosti na v\u00fdkladu, uznaly \u201eUkrajinskou pravoslavnou c\u00edrkev\u201c.\u00a0Nov\u00e1 pravoslavn\u00e1 formace m\u011bla mezi ukrajinsk\u00fdmi v\u011b\u0159\u00edc\u00edmi jen\u00a0 <a href=\"https:\/\/test.rtde.tech\/europa\/89153-ukraine-nur-vier-prozent-pfarreien\/\" target=\"_blank\" rel=\"nofollow noopener\">omezen\u00fd \u00fasp\u011bch<\/a>\u00a0.<\/p>\n<p>Od p\u0159ekvapiv\u00e9ho sta\u017een\u00ed rusk\u00fdch jednotek z jimi kontrolovan\u00e9 \u010d\u00e1sti Charkovsk\u00e9 oblasti se opakovan\u011b objevuj\u00ed zpr\u00e1vy o mu\u010den\u00ed a poprav\u00e1ch \u201eprorusk\u00fdch\u201c Ukrajinc\u016f v t\u011bchto oblastech.\u00a0Zve\u0159ejn\u011bno bylo tak\u00e9 video dokumentuj\u00edc\u00ed st\u0159elbu na t\u0159i civilisty.\u00a0Po\u017eadavky Ruska v mezin\u00e1rodn\u00edch organizac\u00edch na objasn\u011bn\u00ed tohoto incidentu a na pro\u0161et\u0159en\u00ed dal\u0161\u00edch zpr\u00e1v o poru\u0161ov\u00e1n\u00ed lidsk\u00fdch pr\u00e1v na Ukrajin\u011b z\u016fstaly bez pov\u0161imnut\u00ed.<\/p>\n<p><img decoding=\"async\" loading=\"lazy\" class=\"alignnone size-full wp-image-1185\" src=\"http:\/\/www.infokuryr.cz\/n\/wp-content\/uploads\/2021\/04\/kuryr-podpis.png\" alt=\"\" width=\"84\" height=\"24\" \/><\/p>\n<p><img decoding=\"async\" loading=\"lazy\" class=\"alignnone wp-image-19187\" src=\"http:\/\/www.infokuryr.cz\/n\/wp-content\/uploads\/2022\/12\/1-PRO-300x36.jpg\" alt=\"\" width=\"1200\" height=\"144\" srcset=\"https:\/\/www.infokuryr.cz\/n\/wp-content\/uploads\/2022\/12\/1-PRO-300x36.jpg 300w, https:\/\/www.infokuryr.cz\/n\/wp-content\/uploads\/2022\/12\/1-PRO.jpg 699w\" sizes=\"(max-width: 1200px) 100vw, 1200px\" \/><\/p>\n<p>&nbsp;<\/p>\n<\/div>\n","protected":false},"excerpt":{"rendered":"<p>Aktivist\u00e9 za lidsk\u00e1 pr\u00e1va v \u00fater\u00fd zve\u0159ejnili zpr\u00e1vu, \u017ee farn\u00edci ukrajinsk\u00e9 pravoslavn\u00e9 c\u00edrkve byli mu\u010deni&#8230;<\/p>\n","protected":false},"author":2,"featured_media":19465,"comment_status":"closed","ping_status":"closed","sticky":false,"template":"","format":"standard","meta":[],"categories":[7],"tags":[167,625,532,1118,26],"_links":{"self":[{"href":"https:\/\/www.infokuryr.cz\/n\/wp-json\/wp\/v2\/posts\/19464"}],"collection":[{"href":"https:\/\/www.infokuryr.cz\/n\/wp-json\/wp\/v2\/posts"}],"about":[{"href":"https:\/\/www.infokuryr.cz\/n\/wp-json\/wp\/v2\/types\/post"}],"author":[{"embeddable":true,"href":"https:\/\/www.infokuryr.cz\/n\/wp-json\/wp\/v2\/users\/2"}],"replies":[{"embeddable":true,"href":"https:\/\/www.infokuryr.cz\/n\/wp-json\/wp\/v2\/comments?post=19464"}],"version-history":[{"count":1,"href":"https:\/\/www.infokuryr.cz\/n\/wp-json\/wp\/v2\/posts\/19464\/revisions"}],"predecessor-version":[{"id":19466,"href":"https:\/\/www.infokuryr.cz\/n\/wp-json\/wp\/v2\/posts\/19464\/revisions\/19466"}],"wp:featuredmedia":[{"embeddable":true,"href":"https:\/\/www.infokuryr.cz\/n\/wp-json\/wp\/v2\/media\/19465"}],"wp:attachment":[{"href":"https:\/\/www.infokuryr.cz\/n\/wp-json\/wp\/v2\/media?parent=19464"}],"wp:term":[{"taxonomy":"category","embeddable":true,"href":"https:\/\/www.infokuryr.cz\/n\/wp-json\/wp\/v2\/categories?post=19464"},{"taxonomy":"post_tag","embeddable":true,"href":"https:\/\/www.infokuryr.cz\/n\/wp-json\/wp\/v2\/tags?post=19464"}],"curies":[{"name":"wp","href":"https:\/\/api.w.org\/{rel}","templated":true}]}}