{"id":1946,"date":"2021-05-24T18:39:02","date_gmt":"2021-05-24T16:39:02","guid":{"rendered":"http:\/\/www.infokuryr.cz\/n\/?p=1946"},"modified":"2021-05-24T18:39:02","modified_gmt":"2021-05-24T16:39:02","slug":"ruske-ministerstvo-zahranicnich-veci-se-vyjadrilo-k-incidentu-s-letadlem-ryanair","status":"publish","type":"post","link":"https:\/\/www.infokuryr.cz\/n\/2021\/05\/24\/ruske-ministerstvo-zahranicnich-veci-se-vyjadrilo-k-incidentu-s-letadlem-ryanair\/","title":{"rendered":"Rusk\u00e9 ministerstvo zahrani\u010dn\u00edch v\u011bc\u00ed se vyj\u00e1d\u0159ilo k incidentu s letadlem Ryanair"},"content":{"rendered":"<div id=\"fb-root\"><\/div>\n<p><strong>Incident s letadlem spole\u010dnosti Ryanair v B\u011blorusku je t\u0159eba prostudovat \u201ene ve sp\u011bchu\u201c, Minsk v souvislosti s t\u00edmto incidentem ukazuje rozumn\u00fd p\u0159\u00edstup, prohl\u00e1sil rusk\u00fd ministr zahrani\u010d\u00ed Sergej Lavrov.<\/strong><\/p>\n<p>\u201eNavrhujeme, aby tato situace nebyla posuzov\u00e1na un\u00e1hlen\u011b, ve sp\u011bchu, ale na z\u00e1klad\u011b v\u0161ech dostupn\u00fdch informac\u00ed, zejm\u00e9na proto, \u017ee z\u00e1stupce Ministerstva zahrani\u010dn\u00edch v\u011bc\u00ed B\u011blorusk\u00e9 republiky u\u010dinil podrobn\u00e9 prohl\u00e1\u0161en\u00ed,\u201c \u0159ekl na pond\u011bln\u00ed tiskov\u00e9 konferenci v So\u010di.<\/p>\n<p>Podle Lavrova b\u011blorusk\u00e9 \u00fa\u0159ady zd\u016fraznily svou p\u0159ipravenost \u201ejednat v t\u00e9to ot\u00e1zce transparentn\u011b, dodr\u017eovat v\u0161echna mezin\u00e1rodn\u00ed pravidla a zaru\u010dit plnou transparentnost, v p\u0159\u00edpad\u011b pot\u0159eby v\u010detn\u011b p\u0159ijet\u00ed mezin\u00e1rodn\u00edch odborn\u00edk\u016f\u201c.<\/p>\n<p>\u201eMysl\u00edm si, \u017ee se jedn\u00e1 o naprosto rozumn\u00fd p\u0159\u00edstup, a bylo rovn\u011b\u017e zd\u016frazn\u011bno, \u017ee B\u011blorusko je p\u0159ipraveno poskytnout ve\u0161ker\u00e9 nutn\u00e9 materi\u00e1ly, kter\u00e9 potvrd\u00ed, jak ji\u017e bylo \u0159e\u010deno, \u017ee p\u0159\u00edslu\u0161n\u00e9 leteck\u00e9 \u00fa\u0159ady jednaly v r\u00e1mci mezin\u00e1rodn\u00edch pravidel,\u201c zd\u016fraznil rusk\u00fd ministr zahrani\u010dn\u00edch v\u011bc\u00ed.<\/p>\n<p>Podle slov Lavrova m\u00e1 situace s nouzov\u00fdm p\u0159ist\u00e1n\u00edm letadla\u00a0Ryanair\u00a0v Minsku precedenty, je d\u016fle\u017eit\u00e9 ji hodnotit \u201est\u0159\u00edzliv\u011b\u201c. \u201eJe d\u016fle\u017eit\u00e9 st\u0159\u00edzliv\u011b vyhodnotit tuto situaci, t\u00edm sp\u00ed\u0161e, je\u0161t\u011b jednou zd\u016fraz\u0148uji, \u017ee b\u011blorusk\u00e9 org\u00e1ny jsou p\u0159ipraveny poskytnout v\u0161echny pot\u0159ebn\u00e9 informace,\u201c \u0159ekl ministr zahrani\u010dn\u00edch v\u011bc\u00ed RF.<\/p>\n<p>P\u0159ipomn\u011bl, \u017ee m\u00e9dia ji\u017e podobn\u00e9 incidenty zaznamenala v minulosti, v\u010detn\u011b epizody z roku 2013, kdy Rakousko na nal\u00e9h\u00e1n\u00ed USA donutilo p\u0159ist\u00e1t letadlo bolivijsk\u00e9ho prezidenta Eva Moralese, stejn\u011b jako p\u0159\u00edpad z roku 2016, kdy letadlo Belarusian Airlines bylo nuceno p\u0159ist\u00e1t v Kyjev\u011b, proto\u017ee bezpe\u010dnostn\u00ed slu\u017eba Ukrajiny \u201ese za\u010dala zaj\u00edmat o ob\u010dana Arm\u00e9nie, kter\u00fd se nach\u00e1zel na palub\u011b\u201c. Ani v jednom p\u0159\u00edpad\u011b nen\u00e1sledovala \u017e\u00e1dn\u00e1 omluva, dodal rusk\u00fd ministr zahrani\u010d\u00ed.<\/p>\n<p>Lavrov rovn\u011b\u017e uvedl, \u017ee rusk\u00e9 \u00fa\u0159ady kontaktovaly otce Rusky, kter\u00e1 let\u011bla spole\u010dn\u011b s Romanem Protasevi\u010dem, Moskva po\u017e\u00e1dala o konzul\u00e1rn\u00ed p\u0159\u00edstup k n\u00ed.<\/p>\n<p>\u201eJeliko\u017e jste zm\u00ednili b\u011blorusk\u00e9ho ob\u010dana, tak pokud to dob\u0159e ch\u00e1peme, z\u016fstala s n\u00edm v Minsku i jeho zn\u00e1m\u00e1, kter\u00e1 je ob\u010dankou Ruska. Ji\u017e jsme kontaktovali jej\u00edho otce a na\u0161e velvyslanectv\u00ed se obr\u00e1tilo na b\u011blorusk\u00e9 ministerstvo zahrani\u010d\u00ed se \u017e\u00e1dost\u00ed o poskytnut\u00ed informac\u00ed o na\u0161\u00ed ob\u010dance a o to, aby k n\u00ed byl zaji\u0161t\u011bn konzul\u00e1rn\u00ed p\u0159\u00edstup,\u201c \u0159ekl Lavrov.<\/p>\n<p>Den p\u0159edt\u00edm letadlo spole\u010dnosti Ryanair, kter\u00e9 let\u011blo z Ath\u00e9n\u00a0do Vilniusu, nal\u00e9hav\u011b p\u0159ist\u00e1lo na leti\u0161ti v Minsku kv\u016fli zpr\u00e1v\u00e1m o zaminov\u00e1n\u00ed, kter\u00e9 se uk\u00e1zaly jako fale\u0161n\u00e9. Na palub\u011b letadla se nach\u00e1zel\u00a0<strong>Roman Protasevi\u010d<\/strong>, zakladatel telegramov\u00e9ho kan\u00e1lu Nexta, kter\u00fd je v B\u011blorusku prohl\u00e1\u0161en za extremistick\u00fd. Protasevi\u010d byl p\u0159i kontrole jeho doklad\u016f zadr\u017een. Bylo proti n\u011bmu zah\u00e1jeno trestn\u00ed \u0159\u00edzen\u00ed podle n\u011bkolika paragraf\u016f, v\u010detn\u011b organizace hromadn\u00fdch nepokoj\u016f. M\u016f\u017ee mu hrozit a\u017e 15 let odn\u011bt\u00ed svobody.<\/p>\n<p>To vyvolalo kritiku\u00a0ze strany Z\u00e1padu, a to navzdory skute\u010dnosti, \u017ee k nouzov\u00e9mu p\u0159ist\u00e1n\u00ed letadel doch\u00e1zelo i v minulosti. Nejv\u00fdrazn\u011bj\u0161\u00edm p\u0159\u00edpadem bylo vynucen\u00e9 p\u0159ist\u00e1n\u00ed letadla bol\u00edvijsk\u00e9ho prezidenta Eva Moralese ve V\u00eddni v roce 2013. D\u016fvodem byly \u00fadajn\u00e9 informace o tom, \u017ee se na palub\u011b nach\u00e1z\u00ed b\u00fdval\u00fd agent CIA Edward Snowden, kter\u00fd byl ve Spojen\u00fdch st\u00e1tech obvin\u011bn z prozrazen\u00ed st\u00e1tn\u00edho tajemstv\u00ed.<\/p>\n<p><a href=\"https:\/\/cz.sputniknews.com\/20210524\/ruske-ministerstvo-zahranicnich-veci-se-vyjadrilo-k-incidentu-s-letadlem-ryanair-14599312.html\">ZDROJ<\/a><\/p>\n<p>&nbsp;<\/p>\n","protected":false},"excerpt":{"rendered":"<p>Incident s letadlem spole\u010dnosti Ryanair v B\u011blorusku je t\u0159eba prostudovat \u201ene ve sp\u011bchu\u201c, Minsk v&#8230;<\/p>\n","protected":false},"author":2,"featured_media":739,"comment_status":"closed","ping_status":"closed","sticky":false,"template":"","format":"standard","meta":[],"categories":[7],"tags":[150,189,22],"_links":{"self":[{"href":"https:\/\/www.infokuryr.cz\/n\/wp-json\/wp\/v2\/posts\/1946"}],"collection":[{"href":"https:\/\/www.infokuryr.cz\/n\/wp-json\/wp\/v2\/posts"}],"about":[{"href":"https:\/\/www.infokuryr.cz\/n\/wp-json\/wp\/v2\/types\/post"}],"author":[{"embeddable":true,"href":"https:\/\/www.infokuryr.cz\/n\/wp-json\/wp\/v2\/users\/2"}],"replies":[{"embeddable":true,"href":"https:\/\/www.infokuryr.cz\/n\/wp-json\/wp\/v2\/comments?post=1946"}],"version-history":[{"count":0,"href":"https:\/\/www.infokuryr.cz\/n\/wp-json\/wp\/v2\/posts\/1946\/revisions"}],"wp:featuredmedia":[{"embeddable":true,"href":"https:\/\/www.infokuryr.cz\/n\/wp-json\/wp\/v2\/media\/739"}],"wp:attachment":[{"href":"https:\/\/www.infokuryr.cz\/n\/wp-json\/wp\/v2\/media?parent=1946"}],"wp:term":[{"taxonomy":"category","embeddable":true,"href":"https:\/\/www.infokuryr.cz\/n\/wp-json\/wp\/v2\/categories?post=1946"},{"taxonomy":"post_tag","embeddable":true,"href":"https:\/\/www.infokuryr.cz\/n\/wp-json\/wp\/v2\/tags?post=1946"}],"curies":[{"name":"wp","href":"https:\/\/api.w.org\/{rel}","templated":true}]}}