{"id":1945,"date":"2021-05-24T16:02:28","date_gmt":"2021-05-24T14:02:28","guid":{"rendered":"http:\/\/www.infokuryr.cz\/n\/?p=1945"},"modified":"2021-05-24T16:02:28","modified_gmt":"2021-05-24T14:02:28","slug":"co-je-to-demokracie-demokracie-je-kdyz","status":"publish","type":"post","link":"https:\/\/www.infokuryr.cz\/n\/2021\/05\/24\/co-je-to-demokracie-demokracie-je-kdyz\/","title":{"rendered":"Co je to demokracie? Demokracie je, kdy\u017e&#8230;."},"content":{"rendered":"<div id=\"fb-root\"><\/div>\n<p>\u2026.prezident a premi\u00e9r bude sk\u00e1kat, resp. s ohledem na zdravotn\u00ed stav prezidenta budou konat, jak antizemanovci, antibabi\u0161ovci a demoblok p\u00edskaj\u00ed, nebo p\u0159esn\u011bji vyk\u0159ikuj\u00ed! Demokraci\u00ed se budou, bude-li to pot\u0159eba, oh\u00e1n\u011bt nap\u0159. sen\u00e1to\u0159i, ale sami v praxi jakoby ji ani neznali, \u010di nev\u011bd\u011bli, co to je! Jak informuje port\u00e1l Seznam Zpr\u00e1vy, \u010d\u00e1st sen\u00e1tor\u016f znovu uva\u017euje o nov\u00e9 \u017ealob\u011b na prezidenta Milo\u0161e Zemana k \u00dastavn\u00edmu soudu. Vedou je k tomu nejednozna\u010dn\u00e9 postoje prezidenta k vl\u00e1dn\u00edmu postupu v kauze Vrb\u011btice a jeho zmate\u010dn\u00e1 vyj\u00e1d\u0159en\u00ed z posledn\u00ed doby.<\/p>\n<p>Je a\u017e s podivem co v\u0161echno jsou tito, slu\u0161n\u011b \u0159e\u010deno, rozumbradov\u00e9 vypotit, aby prezidenta deskvalifikovali jenom proto, \u017ee jako spr\u00e1vn\u00fd prezident a tak\u00e9 politik jedn\u00e1 s chladnou hlavou, jedn\u00e1 a posuzuje stav v\u011bc\u00ed objektivn\u011b a pokud mo\u017eno spravedliv\u011b a vyv\u00e1\u017een\u011b s t\u00edm, \u017ee neup\u0159ednost\u0148uje \u017e\u00e1dnou stranu probl\u00e9mu.<\/p>\n<p>Jin\u00fdmi slovy, Milo\u0161i Zemanovi jsou up\u00edr\u00e1ny z\u00e1kladn\u00ed atributy demokracie tedy, \u017ee je mu up\u00edr\u00e1no vyslovit osobn\u00ed n\u00e1zor. Jestli\u017ee nap\u0159. prezident prohl\u00e1sil, \u017ee se k p\u0159\u00edpadu exploze ve Vrb\u011btic\u00edch vyj\u00e1d\u0159\u00ed, a\u017e se sezn\u00e1m\u00ed se v\u0161emi dostupn\u00fdmi fakty, je to jeho pln\u00e9 pr\u00e1vo a jeho odp\u016frci nejsou z principu demokratick\u00e9ho opr\u00e1vn\u011bni mu vy\u010d\u00edtat, \u017ee se k v\u011bci nevyj\u00e1d\u0159\u00ed okam\u017eit\u011b.<\/p>\n<p>To je toti\u017e p\u0159esn\u011b to, co sami d\u011blaj\u00ed, \u017ee se okam\u017eit\u011b uchyluj\u00ed k un\u00e1hlen\u00fdm vyhodnocen\u00edm a z\u00e1v\u011br\u016fm. Jestli\u017ee po t\u00fddnu pan prezident demokraticky vyj\u00e1d\u0159\u00ed sv\u016fj n\u00e1zor, pohled \u010di posouzen\u00ed a vyhodnot\u00ed inkriminovan\u00fd p\u0159\u00edpad tak, jak okolnosti p\u0159\u00edpadu nasv\u011bd\u010duj\u00ed, sen\u00e1to\u0159i, opozi\u010dn\u00ed politici a demoblok se mohou zbl\u00e1znit, co si to ten prezident zase dovoluje pochybovat o n\u011b\u010dem, co je jasn\u00e9, z\u0159ejm\u00e9, o \u010dem jsou oni p\u0159esv\u011bd\u010deni, \u017ee jejich n\u00e1zor je jedin\u011b ten spr\u00e1vn\u00fd.<\/p>\n<p>Politick\u00e1, ale i osobn\u00ed averze politik\u016f v\u016f\u010di prezidentu Zemanovi se vle\u010de od dob jeho v\u00edt\u011bzstv\u00ed nad Karlem Schwarzenbergem a rovn\u011b\u017e v p\u0159\u00edpad\u011b jeho v\u00edt\u011bzstv\u00ed p\u0159i jeho znovuzvolen\u00edm nad Ji\u0159\u00edm Draho\u0161em. Ov\u0161em to nebyla ot\u00e1zka prohry jednoho \u010di druh\u00e9ho spolukandid\u00e1ta na post prezidenta, ale p\u0159edev\u0161\u00edm \u0161lo o osobu Milo\u0161e Zemana jako takovou. Z cel\u00e9 plej\u00e1dy kandid\u00e1t\u016f v prezidentsk\u00fdch volb\u00e1ch byl Zeman jedin\u00fd, kter\u00fd m\u011bl z\u00e1sadn\u00ed charakterov\u00e9 nedostatky: byl kdysi \u010dlenem KS\u010c, byl tak\u00e9 p\u0159edsedou \u010cSSD, kter\u00e1 jako levicov\u00e1 strana \u00fazce spolupracovala s KS\u010c, m\u011bl nebo m\u00e1 internacion\u00e1ln\u00ed postoje a p\u0159edev\u0161\u00edm, m\u00e1 trestuhodn\u011b kladn\u00fd vztah k v\u00fdchodn\u00edm partner\u016fm, tedy k Rusku a \u010c\u00edn\u011b, co\u017e je n\u011bco, co se podle jeho politick\u00fdch odp\u016frc\u016f z\u00e1sadn\u011b neslu\u010duje s postem prezidenta st\u00e1tu, kter\u00fd m\u00e1 t\u011bsn\u00e9, resp. p\u0159\u00e1telsk\u00e9 vztahy s USA, st\u00e1tu, kter\u00fd je \u010dlenem NATO a EU! Podle n\u011bkter\u00fdch extr\u00e9mn\u00edch n\u00e1zor\u016f se t\u00edm pr\u00fd prezident Zeman dopou\u0161t\u00ed vlastizrady!<\/p>\n<p>Nav\u00edc jeho siln\u00fd smysl pro objektivnost, spravedlnost, nestrannost, zkr\u00e1tka jeho charakterov\u00e9 a povahov\u00e9 rysy se neshoduj\u00ed s t\u011bmi, kte\u0159\u00ed jej otev\u0159en\u011b \u0159e\u010deno, nen\u00e1vid\u011bli a nen\u00e1vid\u00ed dosud. Proto tak\u00e9 to morbidn\u00ed p\u0159\u00e1n\u00ed, aby Milo\u0161 Zeman co nejd\u0159\u00edve zem\u0159el! Prezident Zeman k p\u0159\u00edpadu Vrb\u011btice prohl\u00e1sil, \u017ee podle j\u00edm zji\u0161t\u011bn\u00fdch informac\u00ed dosp\u011bl k n\u00e1zoru, \u017ee existuj\u00ed dv\u011b vy\u0161et\u0159ovac\u00ed verze. Jednak je to akce rusk\u00fdch \u0161pion\u016f, ale tak\u00e9 mo\u017en\u00e1 neodborn\u00e1 manipulace s v\u00fdbu\u0161n\u00fdm materi\u00e1lem. Dodal, \u017ee ob\u011b verze bere stejn\u011b v\u00e1\u017en\u011b a poznamenal, \u017ee ve zpr\u00e1v\u011b BIS nen\u00ed jedin\u00fd relevantn\u00ed d\u016fkaz o p\u0159\u00edtomnosti rusk\u00fdch \u0161pion\u016f v objektu skladu. To rozl\u00edtilo Zemanovy odp\u016frce tak, \u017ee jeho slova pova\u017euj\u00ed za n\u011bco zcela nep\u0159ijateln\u00e9ho, kdy\u017e si dovolil zapochybovat nejen o jedn\u00e9 verzi vy\u0161et\u0159ov\u00e1n\u00ed, ale i o samotn\u00e9 p\u0159\u00edtomnosti \u010di \u00fa\u010dasti rusk\u00fdch agent\u016f GRU na v\u00fdbuchu skladu ve Vrb\u011btic\u00edch.<\/p>\n<p>Prezident Zeman, a zde je nutno zd\u016fraznit, \u017ee zcela demokraticky, bohu\u017eel tak\u00e9 nesvobodn\u011b, vyj\u00e1d\u0159il sv\u016fj n\u00e1zor na p\u0159\u00edpad v\u00fdbuchu skladu ve Vrb\u011btic\u00edch. Proboha, co je na tom protist\u00e1tn\u00edho, nep\u0159\u00edpustn\u00e9ho, \u010di dokonce vlastizr\u00e1dn\u00e9ho? \u0158ekl sv\u016fj n\u00e1zor, co\u017e je de facto p\u0159edstava, jak by to tak\u00e9 mohlo b\u00fdt, nikoli tvrzen\u00ed, \u017ee to tak nutn\u011b a bezv\u00fdhradn\u011b mus\u00ed b\u00fdt! Nab\u00edz\u00ed se relevantn\u00ed ot\u00e1zka, zda m\u00e1 \u010di nem\u00e1 \u010desk\u00fd prezident podle \u00dastavy \u010cR pr\u00e1vo na svobodn\u00e9 vyj\u00e1d\u0159en\u00ed n\u00e1zoru, m\u00e1 \u010di nem\u00e1 pr\u00e1vo uplatnit svobodu slova? Nebo je snad (tak\u00e9 podle \u00dastavy \u010cR) povinen souhlasn\u011b k\u00fdvat na n\u00e1zory, hodnocen\u00ed sv\u00fdch odp\u016frc\u016f a oponent\u016f? P\u00e1nov\u00e9 a d\u00e1my ze Sen\u00e1tu Parlamentu \u010cR si v\u00fdroky prezidenta Zemana upravuj\u00ed a vysv\u011btluj\u00ed k obrazu sv\u00e9mu, proto\u017ee se jej cht\u011bj\u00ed jako nepohodln\u00e9ho \u010di ne\u017e\u00e1douc\u00edho co nejd\u0159\u00edve zbavit.<\/p>\n<p>Hledaj\u00ed d\u016fvody tam, kde nejsou, sv\u00fdmi v\u00fdk\u0159iky a excesy proti hlav\u011b st\u00e1tu si st\u0159\u00edl\u00ed do vlastn\u00ed nohy, ztrap\u0148uj\u00ed se, dehonestuj\u00ed principy demokracie, ba co v\u00edc, sv\u00fdm jedn\u00e1n\u00edm podn\u011bcuj\u00ed ve\u0159ejnost k v\u00fdzv\u00e1m k jeho odstoupen\u00ed, \u010di zbaven\u00ed v\u00fdkonu sv\u00e9 funkce nebo\u0165, jak \u0159\u00edk\u00e1 sen\u00e1tor JUDr. L\u00e1ska: \u201eV\u0161imn\u011bte si, pros\u00edm, jak je prezident Zeman \u00fapln\u011b mimo realitu: u\u017e nen\u00ed orientov\u00e1n ani v \u010dase, ani v prostoru. Pokud my br\u00e1n\u00edme \u010ceskou republiku (proti \u010demu asi?), tak soupe\u0159em ani nen\u00ed prezident, ale lid\u00e9 kolem n\u011bj. Ti ho t\u00edmto zp\u016fsobem manipuluj\u00ed a \u0159\u00edd\u00ed.\u201c Takov\u00fd n\u00e1zor je mor\u00e1ln\u00ed ubohost! Proti prezidentovi se vytv\u00e1\u0159\u00ed n\u00e1tlakov\u00e1 tendence, spiknut\u00ed, jak jej za ka\u017edou cenu zbavit v\u00fdkonu jeho funkce. Shodou okolnost\u00ed jsou to st\u00e1le stejn\u00ed \u201edemokrat\u00e9\u201c, kte\u0159\u00ed v dob\u011b \u201eneprezidentov\u00e1n\u00ed\u201c V\u00e1clava Havla, kter\u00fd z d\u016fvod\u016f nemoci nebyl schopen vykon\u00e1vat funkci prezidenta cca rok, nikdo nehlesl, nikdo se neozval s po\u017eadavkem na jeho odstoupen\u00ed ze zdravotn\u00edch d\u016fvod\u016f! Pro\u010d asi?<\/p>\n<p>Prezident Milo\u0161 Zeman je do jist\u00e9 m\u00edry nejen sv\u00e9r\u00e1zn\u00fd, r\u00e9torick\u00fd a bohu\u017eel tak\u00e9 nemocn\u00fd \u010dlov\u011bk, ale hlavn\u011b, \u010dlov\u011bk chytr\u00fd, vzd\u011blan\u00fd, erudovan\u00fd, zku\u0161en\u00fd a v\u011bt\u0161inou ob\u010dan\u016f \u010cR obl\u00edben\u00fd. To, \u017ee se proti n\u011bmu \u010di o n\u011bm n\u011bkte\u0159\u00ed lid\u00e9, politiky nevyj\u00edmaje, vyslovuj\u00ed hanliv\u011b, ur\u00e1\u017eliv\u011b, vulg\u00e1rn\u011b atd., je d\u016fsledkem \u010di v\u00fdsledkem postoj\u016f jeho odp\u016frc\u016f, kte\u0159\u00ed se sna\u017e\u00ed mezi ob\u010dany \u0161\u00ed\u0159it negativn\u00ed n\u00e1zor a postoj k prezidentovi. Je politov\u00e1n\u00ed hodn\u00e9, \u017ee p\u0159edev\u0161\u00edm politici pou\u017e\u00edvaj\u00ed slovn\u00edk a praktiky, kter\u00e9 ukazuj\u00ed na n\u00edzkou mor\u00e1lku lid\u00ed, kte\u0159\u00ed by m\u011bli b\u00fdt ob\u010dan\u016fm p\u0159\u00edkladem. Podle p\u0159edpokladu je toti\u017e voli\u010di volili proto, \u017ee je pova\u017eovali nejen za v\u011brohodn\u00e9 z\u00e1stupce sv\u00fdch z\u00e1jm\u016f, ale tak\u00e9 za slu\u0161n\u00e9 a mor\u00e1ln\u00ed lidi. Bohu\u017eel a\u017e na v\u00fdjimky, se ve sv\u00fdch politic\u00edch hrub\u011b zm\u00fdlili. Z pohledu bl\u00edzk\u00e9 budoucnosti je dosti d\u011bsiv\u00e1 p\u0159edstava, kdo bude n\u00e1s, ob\u010dany, zastupovat po podzimn\u00edch volb\u00e1ch, \u010di o dva roky pozd\u011bji volb\u00e1ch prezidentsk\u00fdch.<\/p>\n<p>O tom, \u017ee to budou lid\u00e9 s lep\u0161\u00ed mor\u00e1lkou, respektuj\u00edc\u00ed demokracii, pr\u00e1vn\u00ed st\u00e1t a \u00dastavu \u010cR (kter\u00e1 nutn\u011b vy\u017eaduje rekonstrukci), si m\u016f\u017eeme nechat jen zd\u00e1t. Mor\u00e1lka nen\u00ed poklesl\u00e1 proto, \u017ee to jsou \u0161patn\u00ed lid\u00e9, ale proto, \u017ee v\u00fdvoj spole\u010dnosti od r. 1989 se pod\u0159\u00eddil mor\u00e1lce a praktik\u00e1m z\u00e1padn\u00edho stylu se v\u0161emi negacemi (vyjmenov\u00e1vat net\u0159eba). Politici a je jedno, na kter\u00e9m postu \u010di \u00farovni, se velmi rychle p\u0159izp\u016fsobili z\u00e1padn\u00edmu stylu vl\u00e1dnut\u00ed, kde je uplat\u0148ov\u00e1na arogance, namy\u0161lenost, cynizmus, drzost, p\u0159ehnan\u00e1 sebev\u011bdomost a d\u016fle\u017eitost, zaujatost a nen\u00e1vist p\u0159edev\u0161\u00edm ke v\u0161emu, co je v\u00fdchodn\u00edho, p\u0159edev\u0161\u00edm rusk\u00e9ho, (p\u0159\u00edpad\u011b \u010d\u00ednsk\u00e9ho) charakteru.<\/p>\n<p>\u0158\u00edk\u00e1 se, \u017ee existuje \u201el\u00e1ska a\u017e za hrob\u201c, pak v tomto p\u0159\u00edpad\u011b jde o \u201enen\u00e1vist a\u017e za hrob\u201c! Krom\u011b t\u011bchto negativistick\u00fdch charakter\u016f je to i jak\u00e1si virtu\u00e1ln\u00ed nad\u011bje, \u017ee sv\u00fdm proz\u00e1padn\u00edm, \u010di proamerick\u00fdm jedn\u00e1n\u00edm a vystupov\u00e1n\u00edm, si politici z\u00edskaj\u00ed sympatie t\u011bch \u201etam na z\u00e1pad\u011b\u201c, kte\u0159\u00ed se jim odvd\u011b\u010d\u00ed zaj\u00edmav\u00fdmi finan\u010dn\u00edmi bonusy. Zkr\u00e1tka, charaktery a mor\u00e1lka politik\u016f je p\u0159\u00edmo \u00fam\u011brn\u00e1 \u201ekvalit\u011b\u201c z\u00e1padn\u00edho stylu demokracie, p\u0159\u00edstupu k (ne)odpov\u011bdnosti sv\u00e9ho jedn\u00e1n\u00ed, opovrhov\u00e1n\u00ed pravdou, pr\u00e1vem na n\u00e1zor, svobodu slova atd. To jsou rozhoduj\u00edc\u00ed faktory, kter\u00e9 vedou politiky k fale\u0161n\u00fdm, loaj\u00e1ln\u00edm postoj\u016fm a n\u00e1zor\u016fm s c\u00edlem b\u00fdt IN ve prosp\u011bch z\u00e1padn\u00edch politick\u00fdch trend\u016f v blah\u00e9 nad\u011bji, \u017ee jejich proradn\u00e1 a v\u016f\u010di vlasti a n\u00e1rodu zr\u00e1dn\u00e1 politika bude ocen\u011bna.<\/p>\n<p>\u010c\u00edm nebo jak, sami nev\u00ed, ale d\u016fle\u017eit\u00e9 je b\u00fdt na t\u00e9 spr\u00e1vn\u00e9 stran\u011b, na stran\u011b velk\u00e9ho p\u0159\u00edtele, z\u00e1\u0161tity demokracie a bezpe\u010dnosti p\u0159ed rozp\u00ednavost\u00ed Ruska. (Uf!). Kdyby jen tu\u0161ili, jak se na n\u011b \u201ep\u0159\u00e1tel\u00e9\u201c a \u201espojenci\u201c vys&#8230;.! V\u00fd\u0161e uveden\u00e9 skute\u010dnosti jsou d\u016fvodem \u010di p\u0159\u00ed\u010dinou nevra\u017eiv\u00e9ho, nemor\u00e1ln\u00edho a nekorektn\u00edho jedn\u00e1n\u00ed v\u016f\u010di prezidentovi Zemanovi. Je prost\u011b fakt, \u017ee Milo\u0161 Zeman jako prezident je jistou \u010d\u00e1st\u00ed politick\u00e9ho spektra proti vlastn\u00ed v\u016fli trp\u011bn, je jimi velmi nen\u00e1vid\u011bn a nemor\u00e1ln\u011b ve\u0159ejn\u011b ostouzen!<\/p>\n<p>Jakkoliv m\u00e1 Milo\u0161 Zeman celou \u0159adu lidsk\u00fdch nedostatk\u016f (je to tak\u00e9 jen \u010dlov\u011bk), jako hlava st\u00e1tu a erudovan\u00fd politik m\u00e1 proti v\u0161em t\u011bm nemor\u00e1ln\u00edm, zaprodan\u00fdm \u0159itolezc\u016fm jednu mimo\u0159\u00e1dnou vlastnost, je toti\u017e skute\u010dn\u00fdm vlastencem, kter\u00fd p\u0159es v\u0161echny ty klacky, kter\u00e9 mu jsou h\u00e1zeny pod nohy, poctiv\u011b h\u00e1j\u00ed z\u00e1jmy vlasti, n\u00e1roda a jeho ob\u010dan\u016f. To o v\u011bt\u0161in\u011b profl\u00e1knut\u00fdch politic\u00edch a n\u011bkter\u00fdch osobnost\u00ed rozhodn\u011b nelze \u0159\u00edct!<\/p>\n<p>JI\u0158\u00cd BA\u0164A<\/p>\n<p><img decoding=\"async\" loading=\"lazy\" class=\"alignnone  wp-image-1539\" src=\"http:\/\/www.infokuryr.cz\/n\/wp-content\/uploads\/2021\/05\/jiri-bata-225x300.jpg\" alt=\"\" width=\"92\" height=\"123\" srcset=\"https:\/\/www.infokuryr.cz\/n\/wp-content\/uploads\/2021\/05\/jiri-bata-225x300.jpg 225w, https:\/\/www.infokuryr.cz\/n\/wp-content\/uploads\/2021\/05\/jiri-bata.jpg 280w\" sizes=\"(max-width: 92px) 100vw, 92px\" \/><\/p>\n","protected":false},"excerpt":{"rendered":"<p>\u2026.prezident a premi\u00e9r bude sk\u00e1kat, resp. s ohledem na zdravotn\u00ed stav prezidenta budou konat, jak&#8230;<\/p>\n","protected":false},"author":2,"featured_media":966,"comment_status":"closed","ping_status":"closed","sticky":false,"template":"","format":"standard","meta":[],"categories":[6],"tags":[153,445,122,22,164,145,185],"_links":{"self":[{"href":"https:\/\/www.infokuryr.cz\/n\/wp-json\/wp\/v2\/posts\/1945"}],"collection":[{"href":"https:\/\/www.infokuryr.cz\/n\/wp-json\/wp\/v2\/posts"}],"about":[{"href":"https:\/\/www.infokuryr.cz\/n\/wp-json\/wp\/v2\/types\/post"}],"author":[{"embeddable":true,"href":"https:\/\/www.infokuryr.cz\/n\/wp-json\/wp\/v2\/users\/2"}],"replies":[{"embeddable":true,"href":"https:\/\/www.infokuryr.cz\/n\/wp-json\/wp\/v2\/comments?post=1945"}],"version-history":[{"count":0,"href":"https:\/\/www.infokuryr.cz\/n\/wp-json\/wp\/v2\/posts\/1945\/revisions"}],"wp:featuredmedia":[{"embeddable":true,"href":"https:\/\/www.infokuryr.cz\/n\/wp-json\/wp\/v2\/media\/966"}],"wp:attachment":[{"href":"https:\/\/www.infokuryr.cz\/n\/wp-json\/wp\/v2\/media?parent=1945"}],"wp:term":[{"taxonomy":"category","embeddable":true,"href":"https:\/\/www.infokuryr.cz\/n\/wp-json\/wp\/v2\/categories?post=1945"},{"taxonomy":"post_tag","embeddable":true,"href":"https:\/\/www.infokuryr.cz\/n\/wp-json\/wp\/v2\/tags?post=1945"}],"curies":[{"name":"wp","href":"https:\/\/api.w.org\/{rel}","templated":true}]}}