{"id":1944,"date":"2021-05-24T15:51:18","date_gmt":"2021-05-24T13:51:18","guid":{"rendered":"http:\/\/www.infokuryr.cz\/n\/?p=1944"},"modified":"2021-05-24T15:52:17","modified_gmt":"2021-05-24T13:52:17","slug":"1944","status":"publish","type":"post","link":"https:\/\/www.infokuryr.cz\/n\/2021\/05\/24\/1944\/","title":{"rendered":"Justice je zcela imunn\u00ed v\u016f\u010di politick\u00fdm tlak\u016fm"},"content":{"rendered":"<div id=\"fb-root\"><\/div>\n<p>Jsem r\u00e1d, \u017ee p\u0159edseda \u00dastavn\u00edho soudu Pavel Rychetsk\u00fd dnes na kameru p\u0159esv\u011bd\u010div\u011b vysv\u011btlil, jak\u00fd je konkr\u00e9tn\u00ed obsah nez\u00e1vislosti, nestrannosti, objektivnosti a politick\u00e9 nezaanga\u017eovanosti \u00fastavn\u00edho soudnictv\u00ed. A jak je &#8211; cituji ho &#8211; &#8222;justice je ZCELA IMUNN\u00cd v\u016f\u010di politick\u00fdm tlak\u016fm&#8220;.<\/p>\n<p>Dva p\u0159\u00edklady Rychetsk\u00e9ho nez\u00e1visl\u00fdch pozic (nahl\u00ed\u017e\u00edm do iDNES):<\/p>\n<ol>\n<li>Zapojen\u00ed rusk\u00fdch agent\u016f je u\u017e jasn\u00e9 a jasn\u011b se k n\u011bmu vyj\u00e1d\u0159ily org\u00e1ny, kter\u00e9 k tomu maj\u00ed v\u0161echny informace (kter\u00e9 &#8211; dodal bych k Rychetsk\u00e9mu &#8211; nikdo jin\u00fd nem\u00e1 a m\u00edt nebude, proto\u017ee nesm\u00ed m\u00edt). Takov\u00e9 zpochyb\u0148ov\u00e1n\u00ed podle Rychetsk\u00e9ho \u201ep\u0159inejmen\u0161\u00edm po\u0161kozuje z\u00e1jmy \u010cesk\u00e9 republiky\u201c v Evropsk\u00e9 unii nebo NATO. Tak.<\/li>\n<\/ol>\n<p>Probl\u00e9m: Co m\u00e1 NATO (a EU) spole\u010dn\u00e9ho s nez\u00e1vislou agendou nestrann\u00e9ho \u0161\u00e9fa \u00dastavn\u00edho soudu? Ale mo\u017en\u00e1 n\u00e1m cht\u011bl jen nestrann\u011b p\u0159ipomenout, jak\u00fd je pom\u011br sil, kde je pravda a co je t\u0159eba \u010diniti p\u0159i rovn\u00e1n\u00ed kroku a dr\u017een\u00ed hub. P\u0159isp\u011blo snad NATO p\u0159i bombardov\u00e1n\u00ed Jugosl\u00e1vie bez mand\u00e1tu OSN 1999 (a EU p\u0159i sr\u00e1\u017een\u00ed Tsiprasova \u0158ecka na kolena 2015) k pozitivn\u00edmu rozvoji pr\u00e1vn\u00edho v\u011bdom\u00ed v \u010cesk\u00e9 republice?<\/p>\n<ol start=\"2\">\n<li>Rychetsk\u00fd tak\u00e9 \u0159ekl, \u017ee Rusko je zem\u00ed, kter\u00e1 se nikdy nevzd\u00e1 sv\u00e9 minulosti (sic!), kdy ovl\u00e1dala st\u0159edn\u00ed Evropu. \u201eV\u017edy bude usilovat o to, aby sem sv\u016fj vliv roz\u0161\u00ed\u0159ila a v\u017edycky bude p\u0159edstavovat, alespo\u0148 v t\u00e9 sou\u010dasn\u00e9 situaci, re\u00e1lnou hrozbu pro st\u0159edoevropsk\u00e9 zem\u011b\u201c.<\/li>\n<\/ol>\n<p>Probl\u00e9m: M\u016f\u017ee nez\u00e1visl\u00fd soudce, ba p\u0159edseda soudu, dohl\u00ed\u017eej\u00edc\u00edho na \u00fastavn\u00ed po\u0159\u00e1dek, hovo\u0159it v televizi jako &#8222;politick\u00fd geograf&#8220; (jak se dnes \u0159\u00edk\u00e1 b\u00fdval\u00fdm poradc\u016fm gener\u00e1ln\u00edch \u0161t\u00e1b\u016f, kdysi po pr\u00e1vu zvan\u00fdm &#8222;imperialistick\u00e9&#8220;)? Rychetsk\u00fd nakonec asi dojde k tomu, \u017ee studen\u00e1 v\u00e1lka byla na Z\u00e1pad\u011b &#8222;nestrann\u00e1&#8220; a \u017ee ka\u017ed\u00e1 takov\u00e1 v\u00e1lka &#8211; ba i hork\u00e1 &#8211; nestrannou tak\u00e9 bude (&#8222;alespo\u0148 v t\u00e9 sou\u010dasn\u00e9 situaci&#8220;).<\/p>\n<p>V\u017edy jsem si myslel, \u017ee nejeden sv\u016fj v\u00fdrok Marie Bene\u0161ov\u00e1 p\u0159ehnala. Te\u010f u\u017e si to nemysl\u00edm. &#8222;Kdybys byl ml\u010del, z\u016fstal bys filozofem,&#8220; zn\u00ed slavn\u00fd v\u00fdrok. Napad\u00e1 mne dnes u\u017e jen tv\u00e1\u0159\u00ed v tv\u00e1\u0159 Pavlu Rychetsk\u00e9mu parafr\u00e1ze: &#8222;Kdybys byl ml\u010del, z\u016fstal bys nez\u00e1visl\u00fdm soudcem.&#8220; Alespo\u0148 ve zd\u00e1n\u00ed, tedy v ideologii.<\/p>\n<p><span style=\"font-size: 12pt;\">Martin Hekrdla<\/span><\/p>\n<p><a href=\"https:\/\/www.facebook.com\/martin.hekrdla\">ZDROJ<\/a><\/p>\n<p>&nbsp;<\/p>\n","protected":false},"excerpt":{"rendered":"<p>Jsem r\u00e1d, \u017ee p\u0159edseda \u00dastavn\u00edho soudu Pavel Rychetsk\u00fd dnes na kameru p\u0159esv\u011bd\u010div\u011b vysv\u011btlil, jak\u00fd je&#8230;<\/p>\n","protected":false},"author":2,"featured_media":336,"comment_status":"closed","ping_status":"closed","sticky":false,"template":"","format":"standard","meta":[],"categories":[6],"tags":[417,33,39,444,335],"_links":{"self":[{"href":"https:\/\/www.infokuryr.cz\/n\/wp-json\/wp\/v2\/posts\/1944"}],"collection":[{"href":"https:\/\/www.infokuryr.cz\/n\/wp-json\/wp\/v2\/posts"}],"about":[{"href":"https:\/\/www.infokuryr.cz\/n\/wp-json\/wp\/v2\/types\/post"}],"author":[{"embeddable":true,"href":"https:\/\/www.infokuryr.cz\/n\/wp-json\/wp\/v2\/users\/2"}],"replies":[{"embeddable":true,"href":"https:\/\/www.infokuryr.cz\/n\/wp-json\/wp\/v2\/comments?post=1944"}],"version-history":[{"count":0,"href":"https:\/\/www.infokuryr.cz\/n\/wp-json\/wp\/v2\/posts\/1944\/revisions"}],"wp:featuredmedia":[{"embeddable":true,"href":"https:\/\/www.infokuryr.cz\/n\/wp-json\/wp\/v2\/media\/336"}],"wp:attachment":[{"href":"https:\/\/www.infokuryr.cz\/n\/wp-json\/wp\/v2\/media?parent=1944"}],"wp:term":[{"taxonomy":"category","embeddable":true,"href":"https:\/\/www.infokuryr.cz\/n\/wp-json\/wp\/v2\/categories?post=1944"},{"taxonomy":"post_tag","embeddable":true,"href":"https:\/\/www.infokuryr.cz\/n\/wp-json\/wp\/v2\/tags?post=1944"}],"curies":[{"name":"wp","href":"https:\/\/api.w.org\/{rel}","templated":true}]}}