{"id":19431,"date":"2022-12-10T01:03:42","date_gmt":"2022-12-10T00:03:42","guid":{"rendered":"http:\/\/www.infokuryr.cz\/n\/?p=19431"},"modified":"2022-12-09T15:22:50","modified_gmt":"2022-12-09T14:22:50","slug":"maximalne-10-000-eur-eu-dale-omezuje-pouzivani-hotovosti","status":"publish","type":"post","link":"https:\/\/www.infokuryr.cz\/n\/2022\/12\/10\/maximalne-10-000-eur-eu-dale-omezuje-pouzivani-hotovosti\/","title":{"rendered":"Maxim\u00e1ln\u011b 10 000 eur: EU d\u00e1le omezuje pou\u017e\u00edv\u00e1n\u00ed hotovosti"},"content":{"rendered":"<div id=\"fb-root\"><\/div>\n<p><span style=\"font-size: 18pt;\"><strong>EU se rozhodla omezit pou\u017e\u00edv\u00e1n\u00ed hotovosti a v EU bude omezeno i obchodov\u00e1n\u00ed s drah\u00fdmi kovy, cennostmi a kryptom\u011bnami.<\/strong><\/span><\/p>\n<p>Skute\u010dnost, \u017ee EU pl\u00e1nuje zru\u0161en\u00ed hotovosti, je pova\u017eov\u00e1na za konspira\u010dn\u00ed teorii.\u00a0EU v\u0161ak nyn\u00ed ud\u011blala dal\u0161\u00ed krok t\u00edmto sm\u011brem a hroz\u00ed stav tot\u00e1ln\u00ed kontroly.\u00a0EU schv\u00e1lila celoevropsk\u00e9 na\u0159\u00edzen\u00ed, kter\u00e9 zahrnuje hotovostn\u00ed limit ve v\u00fd\u0161i 10 000 eur.\u00a0<a href=\"https:\/\/www.mdr.de\/nachrichten\/welt\/politik\/bargeld-obergrenze-eu-staaten-100.html\" target=\"_blank\" rel=\"noreferrer noopener\">Mdr o tom informuje<\/a>\u00a0:<\/p>\n<p><strong><em>\u201eZ\u00e1stupci st\u00e1t\u016f EU se v Bruselu dohodli na horn\u00ed hranici hotovosti 10 000 eur.\u00a0(&#8230;) Podle Stanjury, kter\u00fd jedn\u00e1n\u00ed vedl, se po\u010d\u00edt\u00e1 i s omezen\u00edm kryptom\u011bn, jako je Bitcoin.\u00a0Poskytovatel\u00e9 krypto slu\u017eeb by m\u011bli m\u00edt povinnost kontrolovat informace o z\u00e1kazn\u00edc\u00edch u transakc\u00ed v hodnot\u011b 1 000 eur nebo v\u00edce.\u00a0Krom\u011b toho by se na p\u0159eshrani\u010dn\u00ed transakce m\u011bly vztahovat zvl\u00e1\u0161tn\u00ed povinnosti n\u00e1le\u017eit\u00e9 p\u00e9\u010de.\u00a0P\u0159\u00edsn\u011bj\u0161\u00ed pravidla by m\u011bla platit i pro lidi, kte\u0159\u00ed obchoduj\u00ed s cenn\u00fdmi kovy, kameny, kulturn\u00edmi statky, \u0161perky a hodinkami.\u201c<\/em><\/strong><\/p>\n<p>Jako z\u00e1minka pro dal\u0161\u00ed roz\u0161i\u0159ov\u00e1n\u00ed dohledu nad ob\u010dany EU byl jako obvykle d\u00e1n boj proti financov\u00e1n\u00ed terorismu a pran\u00ed \u0161pinav\u00fdch pen\u011bz.\u00a0Toto zd\u016fvodn\u011bn\u00ed bylo l\u00e9ta pou\u017e\u00edv\u00e1no k ospravedln\u011bn\u00ed st\u00e1le se zvy\u0161uj\u00edc\u00edch omezen\u00ed pou\u017e\u00edv\u00e1n\u00ed hotovosti, i kdy\u017e je t\u0159eba st\u0159\u00edzliv\u011b konstatovat, \u017ee \u017e\u00e1dn\u00e9 z minul\u00fdch omezen\u00ed nep\u0159ineslo \u017e\u00e1dn\u00fd pokrok.\u00a0Na druhou stranu se t\u011bmito opat\u0159en\u00edmi neust\u00e1le roz\u0161i\u0159uje kontrola nad lidmi v EU.<\/p>\n<p>U\u017e v prosinci 2021 jsem uk\u00e1zal, pro\u010d je tento trend, kter\u00fd nyn\u00ed ud\u011blal dal\u0161\u00ed krok vp\u0159ed, extr\u00e9mn\u011b nebezpe\u010dn\u00fd, kdy\u017e vy\u0161lo najevo, \u017ee EU tak\u00e9 pracuje na registru majetku, ve kter\u00e9m by byl ve\u0161ker\u00fd majetek ob\u010dan\u016f EU (nap\u0159. katastry nemovitost\u00ed, obchodn\u00ed rejst\u0159\u00edky , sv\u011b\u0159ensk\u00e9 a nada\u010dn\u00ed rejst\u0159\u00edky, centr\u00e1ln\u00ed depozit\u00e1\u0159e cenn\u00fdch pap\u00edr\u016f, \u00fadaje o vlastnictv\u00ed dal\u0161\u00edho majetku jako jsou kryptom\u011bny, um\u011bleck\u00e1 d\u00edla, nemovitosti a zlato atd.).<\/p>\n<p>Proto\u017ee od prosince uplynulo hodn\u011b \u010dasu a Anti-Spiegel si od t\u00e9 doby z\u00edskal mnoho nov\u00fdch \u010dten\u00e1\u0159\u016f, cituji p\u0159i t\u00e9to aktu\u00e1ln\u00ed p\u0159\u00edle\u017eitosti sv\u016fj\u00a0<a href=\"https:\/\/www.anti-spiegel.ru\/2021\/wie-bill-gates-die-eu-uebernimmt-id2020-ein-eu-weites-vermoegensregister-und-breakthrough-energy\/\" target=\"_blank\" rel=\"noreferrer noopener\">\u010dl\u00e1nek z prosince 2021<\/a>\u00a0, proto\u017ee ukazuje, jak nebezpe\u010dn\u00e1 je tato tendence a pro\u010d je nebezpe\u010dn\u00e1, a v\u00fd\u0161e v\u0161em, kte\u0159\u00ed z toho maj\u00ed prosp\u011bch.<\/p>\n<h3><span style=\"font-size: 18pt;\">Konec soukrom\u00ed<\/span><\/h3>\n<p>Pamatuje\u0161 si?\u00a0P\u0159ed pandemi\u00ed existovalo n\u011bco, \u010demu se \u0159\u00edkalo ochrana dat.\u00a0To bylo v t\u00e9 dob\u011b velmi d\u016fle\u017eit\u00e9, ale od pandemie to \u00fapln\u011b vy\u0161lo z m\u00f3dy.\u00a0P\u0159ed pandemi\u00ed by si nikdo nest\u00e1hl aplikaci pro sledov\u00e1n\u00ed a ne\u0159ekl (polo)vl\u00e1dn\u00edm agentur\u00e1m, kde se s k\u00fdm a na jak dlouho sch\u00e1zej\u00ed.\u00a0V t\u00e9 dob\u011b bylo tak\u00e9 zak\u00e1z\u00e1no zam\u011bstnavatel\u016fm \u017e\u00e1dat od sv\u00fdch zam\u011bstnanc\u016f \u00fadaje o zdravotn\u00edm stavu.<\/p>\n<p>Pro ka\u017ed\u00e9ho, kdo chce sb\u00edrat data a co nejp\u0159esn\u011bji monitorovat populaci, byla pandemie vrcholn\u00fdm v\u00e1no\u010dn\u00edm d\u00e1rkem, proto\u017ee umo\u017enila v\u011bci, kter\u00e9 by p\u0159ed t\u0159emi lety nebyly mo\u017en\u00e9.\u00a0Pandemie byla vynikaj\u00edc\u00ed z\u00e1minkou pro roz\u0161\u00ed\u0159en\u00ed dohledu bez protest\u016f v\u011bt\u0161iny.\u00a0Naopak: v\u011bt\u0161ina si dokonce myslela, \u017ee je to dobr\u00e1 v\u011bc, proto\u017ee strach z pandemie je vedl k tomu, aby sami prosili o v\u011bt\u0161\u00ed kontrolu.<\/p>\n<h3><span style=\"font-size: 18pt;\">Transparentn\u00ed ob\u010dan<\/span><\/h3>\n<p>Ka\u017ed\u00fd, kdo je trochu star\u0161\u00ed \u2013 jako j\u00e1 \u2013 si pamatuje, \u017ee kdysi existovalo n\u011bco, \u010demu se \u0159\u00edkalo bankovn\u00ed tajemstv\u00ed.\u00a0Dnes nep\u0159edstaviteln\u00e9, ale v minulosti banky nesm\u011bly \u00fa\u0159ad\u016fm pod\u00e1vat \u017e\u00e1dn\u00e9 informace o tom, kdo m\u00e1 kolik pen\u011bz na \u00fa\u010dtech.<\/p>\n<p>To se ale nel\u00edbilo \u0159\u00edd\u00edc\u00edmu st\u00e1tu a tak po sjednocen\u00ed bylo bankovn\u00ed tajemstv\u00ed postupn\u011b oslabov\u00e1no a nakonec de facto zru\u0161eno.\u00a0V ide\u00e1ln\u00edm sv\u011bt\u011b 90. let neexistoval \u017e\u00e1dn\u00fd teror a \u017e\u00e1dn\u00e1 pandemie, kter\u00e9 by se daly pou\u017e\u00edt jako ospravedln\u011bn\u00ed.\u00a0Tehdy byla pou\u017eita z\u00e1minka, \u017ee cht\u011bj\u00ed bojovat proti da\u0148ov\u00fdm \u00fanik\u016fm.<\/p>\n<p>Jak v\u00edme, nefungovalo to, proto\u017ee da\u0148ov\u00e9 \u00faniky existuj\u00ed dodnes a n\u011bjak nevy\u0161el v\u00fdpo\u010det, \u017ee zru\u0161en\u00ed bankovn\u00edho tajemstv\u00ed by omezilo da\u0148ov\u00e9 \u00faniky.\u00a0Nen\u00ed divu, proto\u017ee paraleln\u011b s t\u00edm p\u0159i\u0161la globalizace, kter\u00e1 umo\u017enila zcela leg\u00e1ln\u011b a bez probl\u00e9m\u016f p\u0159esunout majetek do zahrani\u010dn\u00edch da\u0148ov\u00fdch r\u00e1j\u016f.\u00a0T\u00edm se otev\u0159ely dve\u0159e p\u0159edev\u0161\u00edm da\u0148ov\u00fdm \u00fanik\u016fm.<\/p>\n<p>Pro\u010d m\u00e1m dojem, \u017ee p\u0159i zru\u0161en\u00ed bankovn\u00edho tajemstv\u00ed ne\u0161lo o boj s da\u0148ov\u00fdmi \u00faniky, ale o v\u011bt\u0161\u00ed kontrolu nad masami?<\/p>\n<h3><span style=\"font-size: 18pt;\">Hotovost<\/span><\/h3>\n<p>Pozd\u011bji se pou\u017e\u00edv\u00e1n\u00ed hotovosti st\u00e1le v\u00edce omezovalo.\u00a0Vyrostl jsem v dob\u011b, kdy hotovost byla z\u00e1konn\u00fdm platidlem a ka\u017ed\u00fd obchod musel p\u0159ij\u00edmat neomezen\u00e9 mno\u017estv\u00ed hotovosti.\u00a0Tehdy je\u0161t\u011b bylo nez\u00e1konn\u00e9, aby obchody odm\u00edtaly p\u0159ij\u00edmat velk\u00e9 bankovky, jako je tomu dnes.<\/p>\n<p>Ale d\u00edky bohu, po roce 2001 na n\u00e1s p\u0159i\u0161el teror a s n\u00edm se zrodila nov\u00e1 z\u00e1minka, jak lidem vysv\u011btlit, \u017ee u\u017e nesm\u00ed ve velk\u00e9m pou\u017e\u00edvat hotovost.\u00a0Jako d\u016fvod byl nyn\u00ed pou\u017eit boj proti teroru, pran\u00ed \u0161pinav\u00fdch pen\u011bz a \u010dern\u00fdm pen\u011bz\u016fm.<\/p>\n<p>A zde plat\u00ed tot\u00e9\u017e: Nepomohlo ani to, \u017ee povolen\u00e9 \u010d\u00e1stky za hotovostn\u00ed transakce se st\u00e1le v\u00edce sni\u017eovaly.\u00a0Jak v\u00edme, teror pot\u00e9 skute\u010dn\u011b kvetl a omezen\u00ed hotovosti ho netr\u00e1pilo.\u00a0Ale alespo\u0148 se d\u00edky tomu ob\u010dan\u00e9 je\u0161t\u011b v\u00edce zpr\u016fhlednili.<\/p>\n<h3><span style=\"font-size: 18pt;\">Finan\u010dn\u00ed aktiva<\/span><\/h3>\n<p>V prosinci m\u011bla Evropsk\u00e1 komise nov\u00fd n\u00e1pad.\u00a0Za\u010d\u00e1tkem prosince 2021 vyhl\u00e1sila v\u00fdzvu k pod\u00e1v\u00e1n\u00ed nab\u00eddek s n\u00e1zvem \u201e\u00a0<a href=\"https:\/\/ted.europa.eu\/udl?uri=TED:NOTICE:634286-2021:TEXT:DE:HTML&amp;src=0\" target=\"_blank\" rel=\"noreferrer noopener\">Studie proveditelnosti evropsk\u00e9ho registru aktiv s ohledem na boj proti pran\u00ed \u0161pinav\u00fdch pen\u011bz a da\u0148ov\u00fdm \u00fanik\u016fm<\/a>\u00a0\u201c.\u00a0Jak vid\u00edme, jde \u00fadajn\u011b op\u011bt o boj proti pran\u00ed \u0161pinav\u00fdch pen\u011bz a da\u0148ov\u00fdm \u00fanik\u016fm.<\/p>\n<p>Ale te\u010f to mysl\u00ed \u0161\u00edlenci v Bruselu v\u00e1\u017en\u011b.\u00a0Cht\u011bj\u00ed p\u0159\u00edstup k informac\u00edm o ve\u0161ker\u00fdch aktivech ka\u017ed\u00e9ho ob\u010dana EU, a proto se sna\u017e\u00ed umo\u017enit org\u00e1n\u016fm p\u0159eshrani\u010dn\u00ed p\u0159\u00edstup k finan\u010dn\u00edm informac\u00edm ka\u017ed\u00e9ho v EU.\u00a0Popis projektu uv\u00e1d\u00ed:<\/p>\n<p><em><strong>\u201eTento projekt si klade za c\u00edl prozkoumat r\u016fzn\u00e9 zp\u016fsoby shroma\u017e\u010fov\u00e1n\u00ed informac\u00ed za \u00fa\u010delem vytvo\u0159en\u00ed registru majetku, kter\u00fd pak m\u016f\u017ee slou\u017eit jako sou\u010d\u00e1st budouc\u00ed politick\u00e9 iniciativy.\u00a0Jeho c\u00edlem je prozkoumat, jak lze shroma\u017e\u010fovat a propojovat informace dostupn\u00e9 z r\u016fzn\u00fdch zdroj\u016f vlastnictv\u00ed majetku (nap\u0159. katastry nemovitost\u00ed, obchodn\u00ed rejst\u0159\u00edky, rejst\u0159\u00edky sv\u011b\u0159ensk\u00fdch fond\u016f a nadac\u00ed, centr\u00e1ln\u00ed depozit\u00e1\u0159e cenn\u00fdch pap\u00edr\u016f atd.) a jak lze analyzovat n\u00e1vrh, rozsah a v\u00fdzvy. takov\u00fd unijn\u00ed registr aktiv.\u00a0M\u011bla by se zv\u00e1\u017eit i mo\u017enost zahrnout do registru \u00fadaje o vlastnictv\u00ed dal\u0161\u00edch aktiv, jako jsou kryptom\u011bny, um\u011bleck\u00e1 d\u00edla, nemovitosti a zlato.\u201c<\/strong><\/em><\/p>\n<h3><span style=\"font-size: 18pt;\">ID2020<\/span><\/h3>\n<p>U\u017e jste n\u011bkdy sly\u0161eli o\u00a0\u00a0<a href=\"https:\/\/id2020.org\/\" target=\"_blank\" rel=\"noreferrer noopener\">ID2020<\/a>\u00a0\u00a0?\u00a0Toto je projekt Billa Gatese, kter\u00fd se tak\u00e9 v\u00fdrazn\u011b objevuje\u00a0v m\u00e9 knize\u00a0<a href=\"https:\/\/www.anti-spiegel.ru\/2021\/mein-neues-buch-inside-corona-ueber-die-netzwerke-hinter-der-pandemie-ist-endlich-vorbestellbar\/\" target=\"_blank\" rel=\"noreferrer noopener\">Uvnit\u0159 korony .\u00a0<\/a>Podle vlastn\u00ed propagace na jejich webov\u00fdch str\u00e1nk\u00e1ch, takzvan\u00e9m \u201e\u00a0<a href=\"https:\/\/id2020.org\/manifesto\" target=\"_blank\" rel=\"noreferrer noopener\">Manifestu<\/a>\u00a0\u201c, je ID2020 o velmi u\u0161lechtil\u00fdch c\u00edlech.\u00a0Chcete d\u00e1t chud\u00fdm lidem na sv\u011bt\u011b digit\u00e1ln\u00ed identitu, proto\u017ee miliarda lid\u00ed ji nem\u00e1, a tud\u00ed\u017e nemaj\u00ed p\u0159\u00edstup k soci\u00e1ln\u00edm syst\u00e9m\u016fm a tak d\u00e1le.<\/p>\n<p>To zn\u00ed dob\u0159e, ale znamen\u00e1 to, \u017ee lid\u00e9 d\u00e1vaj\u00ed svou identitu Billu Gatesovi, proto\u017ee\u00a0\u00a0<a href=\"http:\/\/id2020.%20https\/\/id2020.org\/alliance\" target=\"_blank\" rel=\"noreferrer noopener\">za ID2020 stoj\u00ed<\/a>\u00a0\u00a0Microsoft a GAVI, oba zalo\u017eil a ovl\u00e1d\u00e1 Bill Gates.\u00a0Stoj\u00ed za t\u00edm i Rockefellerova nadace<\/p>\n<p><a href=\"https:\/\/id2020.org\/summit\/2020-id2020-summit-sessions-webinar-series\" target=\"_blank\" rel=\"noreferrer noopener\">Kdy\u017e se pod\u00edv\u00e1te na t\u00e9mata posledn\u00edho kongresu ID2020<\/a>\u00a0, zjist\u00edte, \u017ee ID2020 v \u017e\u00e1dn\u00e9m p\u0159\u00edpad\u011b nen\u00ed o u\u0161lechtil\u00e9m c\u00edli d\u00e1t nejchud\u0161\u00edm lidem na sv\u011bt\u011b identitu, ale \u017ee jde o mnohem v\u00edc\u00a0\u00a0\u00a0.\u00a0V roce 2020 se kongres kv\u016fli Covid-19 konal online, t\u00e9mata diskuz\u00ed byla: \u201eDobr\u00e9 digit\u00e1ln\u00ed ID pro ka\u017ed\u00e9ho: Jak se tam dostaneme?\u201c, \u201eDigit\u00e1ln\u00ed o\u010dkovac\u00ed pr\u016fkazy: Design pro novou \u00e9ru glob\u00e1ln\u00edho zdrav\u00ed\u201c , \u201ePosledn\u00edch 30 procent: Digit\u00e1ln\u00ed ID pro finan\u010dn\u00ed za\u010dlen\u011bn\u00ed\u2026a d\u00e1l!\u201c a \u201ePolo\u017een\u00ed z\u00e1klad\u016f: Digit\u00e1ln\u00ed ID pro p\u0159\u00ed\u0161t\u00ed generaci\u201c.<\/p>\n<p>V\u0161imn\u011bte si \u010deho?\u00a0ID2020 pokryla jako kl\u00ed\u010dov\u00e1 t\u00e9mata \u201eDigit\u00e1ln\u00ed o\u010dkovac\u00ed pr\u016fkazy\u201c a \u201eDigit\u00e1ln\u00ed ID pro finan\u010dn\u00ed za\u010dlen\u011bn\u00ed&#8230;a dal\u0161\u00ed!\u201c.\u00a0ID2020 je o \u00fapln\u00e9 kontrole lid\u00ed, z\u00edsk\u00e1n\u00ed v\u0161ech jejich dat, nejen o\u010dkovac\u00edch pr\u016fkaz\u016f, kter\u00e9 ji\u017e v EU existuj\u00ed, ale tak\u00e9 o \u201efinan\u010dn\u00edm za\u010dlen\u011bn\u00ed\u201c lid\u00ed.<\/p>\n<p>To, co EU v sou\u010dasnosti d\u011bl\u00e1, je polo\u017een\u00ed z\u00e1klad\u016f pr\u00e1v\u011b pro tuto kontrolu.\u00a0Ot\u00e1zkou u\u017e nen\u00ed, zda se tak stane, ot\u00e1zkou je, kdo bude vl\u00e1dnout dat\u016fm.\u00a0Poj\u010fme se pod\u00edvat, pro\u010d k tomu m\u00e1 Bill Gates velmi dobrou v\u00fdchoz\u00ed pozici.<\/p>\n<h3><span style=\"font-size: 18pt;\">Pr\u016flomov\u00e1 energie<\/span><\/h3>\n<p>U\u017e jste sly\u0161eli o Breakthrough Energy?\u00a0Breakthrough Energy je investi\u010dn\u00ed spole\u010dnost, kterou chce Bill Gates vyu\u017e\u00edt k vyd\u011bl\u00e1v\u00e1n\u00ed miliard na takzvan\u00e9 ochran\u011b klimatu.\u00a0A jde to takto:<\/p>\n<p>V roce 2015 Gates spolu s dal\u0161\u00edmi miliard\u00e1\u0159i (v\u010detn\u011b Jeffa Bezose, Mikea Bloomberga, Richarda Bransona, George Sorose a Marka Zuckerberga) zalo\u017eil investi\u010dn\u00ed spole\u010dnost Breakthrough Energy.\u00a0Spole\u010dnost p\u0159eb\u00edr\u00e1 pod\u00edly ve spole\u010dnostech, kter\u00e9 pozd\u011bji vyd\u011blaj\u00ed velk\u00e9 pen\u00edze na zm\u011bn\u011b klimatu, pokud budou realizov\u00e1ny ambici\u00f3zn\u00ed programy EU a USA.\u00a0P\u0159edsedkyn\u011b Evropsk\u00e9 komise von der Leyenov\u00e1 napl\u00e1novala rozpo\u010det ve v\u00fd\u0161i jednoho bilionu eur na Zelenou dohodu EU a americk\u00fd prezident Biden se ve sv\u00e9m programu infrastruktury za biliony dolar\u016f tak\u00e9 zam\u011b\u0159il na zm\u011bnu klimatu.\u00a0Bill Gates a jeho p\u0159\u00e1tel\u00e9 jsou p\u0159ipraveni nasm\u011brovat tyto prost\u0159edky do spole\u010dnost\u00ed, ve kter\u00fdch maj\u00ed pod\u00edl, p\u0159\u00edmo nebo\u00a0\u00a0<a href=\"https:\/\/www.breakthroughenergy.org\/investing-in-innovation\/bev-portfolio\" target=\"_blank\" rel=\"noreferrer noopener\">prost\u0159ednictv\u00edm Breakthrough Energy<\/a>\u00a0\u00a0.<\/p>\n<p>Mysl\u00edte si, \u017ee je to p\u0159ehnan\u00e9?\u00a0Tak uvid\u00edme.<\/p>\n<p>Kdy\u017e americk\u00fd prezident Biden ozn\u00e1mil sv\u016fj infrastrukturn\u00ed program, Gates ozn\u00e1mil, \u017ee na n\u011bj d\u00e1 jednu miliardu.\u00a0To mu p\u0159ineslo dobr\u00fd tisk, ale byl to PR trik.\u00a0Bill Gates se mimo jin\u00e9 p\u0159es Breakthrough Energy anga\u017euje ve firm\u00e1ch, kter\u00e9 pak dost\u00e1vaj\u00ed zak\u00e1zky, a symbolickou investic\u00ed jedn\u00e9 miliardy si zaji\u0161\u0165uje p\u0159\u00edstup k 1,2 bilionu, kter\u00e9 chce Biden do programu napumpovat.\u00a0U\u017e jsem o tom informoval v srpnu 2021,\u00a0\u00a0<a href=\"https:\/\/www.anti-spiegel.ru\/2021\/corona-war-gestern-bill-gates-steigt-in-den-klimaschutz-ein\/\" target=\"_blank\" rel=\"noreferrer noopener\">\u010dl\u00e1nek najdete zde<\/a>\u00a0.<\/p>\n<p><span style=\"font-size: 18pt;\"><strong>St\u00e1le nejste p\u0159esv\u011bd\u010deni?<\/strong><\/span><\/p>\n<p>Bill Gates tak\u00e9 p\u0159i zakl\u00e1d\u00e1n\u00ed Breakthrough Energy neponechal nic n\u00e1hod\u011b, proto\u017ee Breakthrough Energy zalo\u017eil pr\u00e1v\u011b ve chv\u00edli\u00a0\u00a0<a href=\"https:\/\/obamawhitehouse.archives.gov\/blog\/2015\/11\/29\/announcing-mission-innovation\" target=\"_blank\" rel=\"noreferrer noopener\">, kdy prezident Obama vyhl\u00e1sil \u201eMission Innovation\u201c<\/a>\u00a0\u00a0, v n\u00ed\u017e mnoho z\u00e1padn\u00edch zem\u00ed spojilo sv\u00e9 s\u00edly, aby z\u00edskaly finan\u010dn\u00ed prost\u0159edky na boj proti zm\u011bn\u011b klimatu. .\u00a0Nen\u00ed ani u\u010din\u011bn \u017e\u00e1dn\u00fd pokus zast\u00edrat skute\u010dnost, \u017ee Mission Innovation a Breakthrough Energy pat\u0159\u00ed k sob\u011b a \u017ee zm\u011bna klimatu je jen z\u00e1minkou k tomu, aby Gates a jeho kolegov\u00e9 dostali biliony vl\u00e1dn\u00edch pen\u011bz, kter\u00e9 maj\u00ed b\u00fdt vynalo\u017eeny na takzvan\u00fd boj proti zm\u011bn\u011b klimatu.\u00a0Boj proti zm\u011bn\u011b klimatu je obchodn\u00ed model, nen\u00ed o klimatu.<\/p>\n<p>Netvrd\u00edm ani to, \u017ee Bill Gates m\u00e1 nejv\u011bt\u0161\u00ed \u0161anci na fondy EU ze Zelen\u00e9 dohody EU Uschi von der Leyenov\u00e9.\u00a0Uschi von der Leyen a Bill Gates to sami hrd\u011b \u0159\u00edkaj\u00ed, proto\u017ee ji\u017e ozn\u00e1mili partnerstv\u00ed mezi EU Green Deal a Breakthrough Energy a spole\u010dn\u011b nato\u010dili p\u011bkn\u00e9 mal\u00e9 propaga\u010dn\u00ed video.<\/p>\n<figure class=\"wp-block-embed-youtube wp-block-embed is-type-video is-provider-youtube\">\n<div class=\"lyte-wrapper\" title=\"Video zpr\u00e1va od prezidenta von der Leyen &amp; Bill Gates, zakladatel spole\u010dnosti Breakthrough Energy\">\n<div id=\"WYL_8elv8N91Bm4\" class=\"lyte lP\"><iframe loading=\"lazy\" id=\"iF_8elv8N91Bm4\" src=\"https:\/\/www.youtube-nocookie.com\/embed\/8elv8N91Bm4?autoplay=1&amp;controls=1&amp;wmode=opaque&amp;rel=0&amp;egm=0&amp;iv_load_policy=3&amp;hd=0\" width=\"1706\" height=\"480\" frameborder=\"0\" allowfullscreen=\"allowfullscreen\" data-mce-fragment=\"1\"><\/iframe><\/div>\n<\/div>\n<div class=\"lL\"><\/div><figcaption><\/figcaption><\/figure>\n<p>Bill Gates je p\u0159ipraven s Breakthrough Energy shrom\u00e1\u017edit tis\u00edce miliard, kter\u00e9 budou brzy napumpov\u00e1ny do boje proti zm\u011bn\u011b klimatu.\u00a0Op\u011bt to nen\u00ed p\u0159eh\u00e1n\u011bn\u00ed, proto\u017ee p\u0159esn\u011b to ud\u011blal b\u011bhem pandemie.\u00a0Prakticky ka\u017ed\u00e9 euro, kter\u00e9 EU vyd\u00e1 na boj proti Covid-19, skon\u010d\u00ed v programech nebo u organizac\u00ed, kter\u00e9 Bill Gates ovl\u00e1d\u00e1.<\/p>\n<h3><span style=\"font-size: 18pt;\">Fondy EU na boj proti Covid-19<\/span><\/h3>\n<p>Za\u010d\u00e1tkem\u00a0\u00a0<a href=\"https:\/\/www.anti-spiegel.ru\/2020\/geberkonferenz-sammelt-ueber-7-milliarden-fuer-corona-impfstoff-wer-bekommt-eigentlich-das-geld\/\" target=\"_blank\" rel=\"noreferrer noopener\">kv\u011btna 2020 uspo\u0159\u00e1dala Evropsk\u00e1 komise d\u00e1rcovskou konferenci<\/a>\u00a0\u00a0, na kter\u00e9 vybrala p\u0159es sedm miliard na boj proti Covid-19.\u00a0Ve skute\u010dnosti \u0161lo je\u0161t\u011b o v\u00edce pen\u011bz, proto\u017ee pozd\u011bji p\u0159ibyly dal\u0161\u00ed prost\u0159edky.\u00a0EU informovala o pou\u017eit\u00ed pen\u011bz a\u00a0\u00a0<a href=\"https:\/\/ec.europa.eu\/commission\/presscorner\/detail\/de\/qanda_20_958\" target=\"_blank\" rel=\"noreferrer noopener\">tiskov\u00e1<\/a>\u00a0\u00a0zpr\u00e1va zn\u011bla ne\u0161kodn\u011b, pokud nev\u00edte, co se skr\u00fdv\u00e1 za programy a organizacemi, kter\u00e9 EU po\u017eehnala miliardami.<\/p>\n<p>Ve sv\u00e9 nov\u00e9 knize \u201eInside Corona\u201c jsem se v\u0161ak pod\u00edval na v\u0161echny programy, organizace a projekty, kter\u00e9 Evropsk\u00e1 komise financuje v\u00edce ne\u017e deseti miliardami eur v boji proti Covid-19 a kdo si mysl\u00edte, \u017ee ovl\u00e1d\u00e1 v\u0161echny tyto programy a projekty?\u00a0P\u0159esn\u011b tak: Bill Gates.\u00a0V\u0161echny je zalo\u017eil a\/nebo ovl\u00e1d\u00e1, proto\u017ee je jejich nejv\u011bt\u0161\u00edm finan\u010dn\u00edkem.\u00a0EU mohla poslat v\u0161echny pen\u00edze p\u0159\u00edmo Billu Gatesovi.<\/p>\n<p>Ukazovat to zde podrobn\u011b zach\u00e1z\u00ed p\u0159\u00edli\u0161 daleko, proto\u017ee mi trvalo n\u011bkolik kapitol v m\u00e9 knize \u201eInside Corona\u201c, ne\u017e jsem to zjistil, proto\u017ee vno\u0159en\u00ed, j\u00edm\u017e proud\u00ed pen\u00edze a uplat\u0148uj\u00ed se vliv, je velmi slo\u017eit\u00e9.\u00a0Ale v knize jsem to uk\u00e1zal podrobn\u011b a se v\u0161emi zdroji.<\/p>\n<h3><span style=\"font-size: 18pt;\">Kruh se uzav\u00edr\u00e1<\/span><\/h3>\n<p>P\u0159edpokl\u00e1dal jsem, \u017ee Bill Gates si zajistil dobrou v\u00fdchoz\u00ed pozici, aby byl s ID2020 v prvn\u00ed \u0159ad\u011b, kdy\u017e se EU chyst\u00e1 vlo\u017eit v\u0161echna data, kter\u00e1 chce shrom\u00e1\u017edit o ob\u010danech, do jedn\u00e9 datab\u00e1ze.\u00a0Vsad\u00edm se, \u017ee k tomu dojde, proto\u017ee vytv\u00e1\u0159et v\u00edce datab\u00e1z\u00ed by bylo zcela zbyte\u010dn\u00e9.\u00a0Je jen ot\u00e1zkou \u010dasu, kdy se datab\u00e1ze o\u010dkovac\u00edch pr\u016fkaz\u016f (a zdravotn\u00edch \u00fadaj\u016f) slou\u010d\u00ed se zd\u00e1nliv\u011b pl\u00e1novanou datab\u00e1z\u00ed majetku ka\u017ed\u00e9ho jednotliv\u00e9ho ob\u010dana EU a v\u0161ech dal\u0161\u00edch \u00fadaj\u016f, kter\u00e9 lze je\u0161t\u011b shrom\u00e1\u017edit.<\/p>\n<p>Spr\u00e1vn\u00fdm sm\u011brem jdou i pr\u00e1ce na mo\u017en\u00e9 minci ECB (a pravd\u011bpodobn\u011b s t\u00edm spojen\u00e9 zru\u0161en\u00ed hotovosti), proto\u017ee ECB k tomu bude muset v\u00e9st i datab\u00e1zi s \u00fa\u010dty v\u0161ech ob\u010dan\u016f EU.\u00a0Bylo by p\u0159\u00edmo po\u0161etil\u00e9 nepropojit tuto datab\u00e1zi s pl\u00e1novanou datab\u00e1z\u00ed ve\u0161ker\u00e9ho majetku ob\u010dan\u016f EU.\u00a0Tu\u0161\u00edm, \u017ee jednou bude \u201eEU app\u201c, kter\u00e1 bude obsahovat v\u0161e: platebn\u00ed prost\u0159edek (mince ECB), kartu zdravotn\u00ed poji\u0161\u0165ovny (v\u010detn\u011b o\u010dkovac\u00edho pr\u016fkazu a zdravotn\u00edho z\u00e1znamu), \u0159idi\u010dsk\u00fd pr\u016fkaz, ob\u010dansk\u00fd pr\u016fkaz a tak d\u00e1le.<\/p>\n<p>ID2020 je p\u0159ipraveno p\u0159esn\u011b na to, bylo zalo\u017eeno p\u0159esn\u011b pro toto: shrom\u00e1\u017edit v\u0161echna data osoby, aby jim pak dala \u201edigit\u00e1ln\u00ed identitu\u201c.\u00a0Jin\u00fdmi slovy, ztrat\u00edte svou identitu a z\u00edsk\u00e1te digit\u00e1ln\u00ed identitu od Billa Gatese, kter\u00fd o v\u00e1s v\u00ed v\u00edc, ne\u017e o sv\u00fdch ob\u010danech v\u011bd\u011bl Velk\u00fd bratr v Orwellov\u011b roce 1984.<\/p>\n<p>Od t\u00e9 doby, co se Billu Gatesovi poda\u0159ilo p\u0159esm\u011brovat prakticky v\u0161echny prost\u0159edky, kter\u00e9 Evropsk\u00e1 komise vy\u010dlenila na boj proti Covid-19, do program\u016f pod jeho kontrolou (CEPI, GAVI, COVID-19-Therapeutics-Accelerator a dal\u0161\u00ed) a tam ji\u017e zaji\u0161t\u011bn\u00fd p\u0159\u00edstup k bilionu eur p\u0159es Breakthrough Energy, kter\u00fd chce Uschi von der Leyen zp\u0159\u00edstupnit pro Zelenou dohodu, musel bych se velmi m\u00fdlit, kdyby Bill Gates nep\u0159ijal tak\u00e9 nab\u00eddku na spr\u00e1vu dat ob\u010dana EU by dostal.<\/p>\n<p>A proto by aktu\u00e1ln\u00ed zpr\u00e1va, \u017ee EU nyn\u00ed poprv\u00e9 souhlasila se zaveden\u00edm celoevropsk\u00e9ho omezen\u00ed na hotovost, kryptom\u011bny a cennosti, jako je zlato a dokonce i hodinky, m\u011bla zvonit na poplach!<\/p>\n<p><a href=\"https:\/\/www.anti-spiegel.ru\/2022\/maximal-10-000-euro-die-eu-schraenkt-die-benutzung-von-bargeld-weiter-ein\/\">Thomas R\u00f6per<\/a><\/p>\n<p><img decoding=\"async\" loading=\"lazy\" class=\"wp-image-19187 aligncenter\" src=\"http:\/\/www.infokuryr.cz\/n\/wp-content\/uploads\/2022\/12\/1-PRO-300x36.jpg\" alt=\"\" width=\"1208\" height=\"145\" srcset=\"https:\/\/www.infokuryr.cz\/n\/wp-content\/uploads\/2022\/12\/1-PRO-300x36.jpg 300w, https:\/\/www.infokuryr.cz\/n\/wp-content\/uploads\/2022\/12\/1-PRO.jpg 699w\" sizes=\"(max-width: 1208px) 100vw, 1208px\" \/><\/p>\n<p>&nbsp;<\/p>\n<p>&nbsp;<\/p>\n","protected":false},"excerpt":{"rendered":"<p>EU se rozhodla omezit pou\u017e\u00edv\u00e1n\u00ed hotovosti a v EU bude omezeno i obchodov\u00e1n\u00ed s drah\u00fdmi&#8230;<\/p>\n","protected":false},"author":2,"featured_media":15300,"comment_status":"closed","ping_status":"closed","sticky":false,"template":"","format":"standard","meta":[],"categories":[7],"tags":[41,3009,2320,1395,90,48],"_links":{"self":[{"href":"https:\/\/www.infokuryr.cz\/n\/wp-json\/wp\/v2\/posts\/19431"}],"collection":[{"href":"https:\/\/www.infokuryr.cz\/n\/wp-json\/wp\/v2\/posts"}],"about":[{"href":"https:\/\/www.infokuryr.cz\/n\/wp-json\/wp\/v2\/types\/post"}],"author":[{"embeddable":true,"href":"https:\/\/www.infokuryr.cz\/n\/wp-json\/wp\/v2\/users\/2"}],"replies":[{"embeddable":true,"href":"https:\/\/www.infokuryr.cz\/n\/wp-json\/wp\/v2\/comments?post=19431"}],"version-history":[{"count":1,"href":"https:\/\/www.infokuryr.cz\/n\/wp-json\/wp\/v2\/posts\/19431\/revisions"}],"predecessor-version":[{"id":19432,"href":"https:\/\/www.infokuryr.cz\/n\/wp-json\/wp\/v2\/posts\/19431\/revisions\/19432"}],"wp:featuredmedia":[{"embeddable":true,"href":"https:\/\/www.infokuryr.cz\/n\/wp-json\/wp\/v2\/media\/15300"}],"wp:attachment":[{"href":"https:\/\/www.infokuryr.cz\/n\/wp-json\/wp\/v2\/media?parent=19431"}],"wp:term":[{"taxonomy":"category","embeddable":true,"href":"https:\/\/www.infokuryr.cz\/n\/wp-json\/wp\/v2\/categories?post=19431"},{"taxonomy":"post_tag","embeddable":true,"href":"https:\/\/www.infokuryr.cz\/n\/wp-json\/wp\/v2\/tags?post=19431"}],"curies":[{"name":"wp","href":"https:\/\/api.w.org\/{rel}","templated":true}]}}