{"id":19427,"date":"2022-12-10T01:00:31","date_gmt":"2022-12-10T00:00:31","guid":{"rendered":"http:\/\/www.infokuryr.cz\/n\/?p=19427"},"modified":"2022-12-09T15:01:19","modified_gmt":"2022-12-09T14:01:19","slug":"jindrich-kulhavy-dnes-jen-kratce-k-ekonomice","status":"publish","type":"post","link":"https:\/\/www.infokuryr.cz\/n\/2022\/12\/10\/jindrich-kulhavy-dnes-jen-kratce-k-ekonomice\/","title":{"rendered":"Jind\u0159ich Kulhav\u00fd: Dnes jen kr\u00e1tce k ekonomice"},"content":{"rendered":"<div id=\"fb-root\"><\/div>\n<p><span class=\"anotation\">Neust\u00e1le jsme z\u00e1sobov\u00e1ni zpr\u00e1vami o \u0161patn\u00e9 ekonomick\u00e9 situaci, vn\u00edm\u00e1me inflaci a mnoz\u00ed maj\u00ed do kapsy hloub\u011bji ne\u017e do propasti Macochy. \u010casto se n\u00e1s pt\u00e1te, jak\u00fd je n\u00e1\u0161 v\u00fdhled do bl\u00edzk\u00e9 budoucnosti, jak m\u00e1te ulo\u017eit sv\u00e9 pen\u00edze, zda li v\u011b\u0159it bank\u00e1m \u010di jak\u00fd je n\u00e1\u0161 pohled na zlato a dal\u0161\u00ed mo\u017en\u00e9 cennosti \u010di komodity, do kter\u00fdch lze ulo\u017eit ten\u010d\u00edc\u00ed se a nejist\u00e9 \u00faspory. No a pak se dozv\u00edte, \u017ee jeden kraj poslal na Ukrajinu 10 elektrocentr\u00e1l za 100\u00a0000,- CZK, p\u0159idal dv\u011b sanitky a n\u011bkolik tun l\u00e9k\u016f, kter\u00fdch je mimochodem pr\u00e1v\u011b nyn\u00ed nedostatek. A div\u00edte se.<\/span><\/p>\n<div id=\"pagetext\">\n<p>\u00a0 O hospoda\u0159en\u00ed s\u00a0na\u0161imi pen\u011bzi si ned\u011bl\u00e1me iluze. Vl\u00e1da promrh\u00e1 i to, co nem\u00e1, p\u016fj\u010duje si a neinvestuje. P\u0159esto\u017ee jsme skute\u010dn\u011b bl\u00edzko dna, nad\u00e1le podporuje politick\u00e9 neziskovky kopaj\u00edc\u00ed za evropsk\u00fd liberalismus, plat\u00ed Big Pharm\u011b za vakc\u00edny, kter\u00e9 nikdo nechce ani p\u0159es \u010ctvrtn\u00ed\u010dkovo Ono to funguje, dotuje \u010cEZ, kter\u00fd extr\u00e9mn\u011b vyd\u011bl\u00e1v\u00e1 a likviduje \u010desk\u00e9 rodiny, samoz\u0159ejm\u011b je \u00fakolem kabinetu Petra Fialy u\u017eivit st\u00e1tn\u00ed apar\u00e1t a plno dal\u0161\u00edch prod\u011ble\u010dn\u00fdch aktivit spojen\u00fdch se st\u00e1tn\u00ed spr\u00e1vou. Na druhou stranu jsou vyb\u00edr\u00e1ny dan\u011b, kter\u00e9 jsou inflac\u00ed nav\u00fd\u0161en\u00e9 o stejn\u00e1 procenta, jako samotn\u00e1 inflace. P\u0159esto Fiala se Stanjurou jaksi nevych\u00e1z\u00ed. Tla\u010d\u00edme toti\u017e ve velk\u00e9m pen\u00edze do \u010dern\u00fdch d\u011br, tedy do EU a na Ukrajinu. A to v\u00a0mnohem v\u011bt\u0161\u00edm, ne\u017e je n\u00e1m tvrzeno.<\/p>\n<p>Ukrajina je obrovsk\u00fdm v\u0159edem na na\u0161em st\u00e1tn\u00edm rozpo\u010dtu. Malinko odbo\u010d\u00edme. Ned\u011bl\u00e1me si iluze o Rusku. Je to stejn\u011b direktivn\u011b veden\u00fd st\u00e1t, jako jsou USA, N\u011bmecko \u010di Francie. Svoboda slova a demokracie jsou celosv\u011btov\u011b pr\u00e1zdn\u00e9 pojmy, smrad \u0161\u00ed\u0159\u00edc\u00ed se z\u00a0podvod\u016f p\u0159i volb\u00e1ch je komplexn\u00ed pro celou planetu. Rusov\u00e9 chr\u00e1n\u00ed p\u0159edev\u0161\u00edm sami sebe, maj\u00ed ale pot\u0159ebu b\u00fdt uzn\u00e1v\u00e1ni, co\u017e je vzhledem k\u00a0jejich rozloze, po\u010dtu a bohatstv\u00ed logick\u00e9. Rozeb\u00edrat tamn\u00ed vnit\u0159n\u00ed situaci je zbyte\u010dn\u00e9, stejn\u011b jako v\u00a0USA jsou tam lid\u00e9 mocn\u00ed, bohat\u00ed, ale i bezdomovci, chud\u00ed a bezbrann\u00ed. Rozd\u00edl je v\u00a0rozp\u00ednavosti st\u00e1tu, pot\u0159eb\u011b silou n\u011bco ovl\u00e1dat a plundrovat. Obrovsk\u00e1 americk\u00e1 ekonomika stoj\u00ed na hlin\u011bn\u00fdch noh\u00e1ch a vykr\u00e1d\u00e1n\u00edm jin\u00fdch st\u00e1t\u016f se \u010dasto pouze zachra\u0148uje. Rusov\u00e9 maj\u00ed obrovsk\u00e9 mno\u017estv\u00ed zdroj\u016f, se kter\u00fdmi v\u0161ak h\u016f\u0159e hospoda\u0159\u00ed, nicm\u00e9n\u011b je jich tolik, \u017ee je to moc netr\u00e1p\u00ed. Ukrajina je pak m\u00edstem st\u0159etu dvou rozd\u00edln\u00fdch kultur, ov\u0161em v\u00a0mnoh\u00e9m \u017eij\u00edc\u00edch pod stejn\u011b sm\u00fd\u0161lej\u00edc\u00edm veden\u00edm, kter\u00e9 m\u016f\u017ee b\u00fdt a\u017e nadn\u00e1rodn\u00ed. Jak v\u00edme, \u017did\u00e9 jsou ve veden\u00ed mnoha st\u00e1t\u016f, p\u0159\u00edpadn\u011b v\u00a0nejbli\u017e\u0161\u00edm pozad\u00ed. A ovliv\u0148uj\u00ed \u017eivot jak v\u00a0Rusku, tak i v\u00a0USA. Ukrajina je prost\u011b pouze boji\u0161t\u011bm, na n\u011bm\u017e um\u00edr\u00e1 plno lid\u00ed ve jm\u00e9nu z\u00e1jmu t\u011bch, kter\u00fdm jsou tito um\u00edraj\u00edc\u00ed v\u00edcem\u00e9n\u011b lhostejn\u00ed. V\u0161echny na\u0161e pen\u00edze jdouc\u00ed do tamn\u00ed v\u00e1lky jsou tak pouze zneu\u017eity t\u011bmi, kdo s\u00a0nimi manipuluj\u00ed, p\u0159\u00edpadn\u011b jsou znehodnoceny rychlost\u00ed sv\u011btla. Bohu\u017eel, my je mus\u00edme vyd\u011blat, nebo si je st\u00e1t p\u016fj\u010d\u00ed a my je budeme vracet. Tolik vsuvka.<\/p>\n<p>Vl\u00e1da se rozhoduje, kde vz\u00edt dal\u0161\u00ed pen\u00edze a jde u\u017e na d\u0159e\u0148. Mluv\u00ed se o z\u00e1sahu do d\u016fchod\u016f, co\u017e je prost\u011b zlo\u010din na dlouh\u00e1 l\u00e9ta pracuj\u00edc\u00edch seniorech, kte\u0159\u00ed v\u00a0podstat\u011b vybudovali to, co vl\u00e1dy po roku 1989 rozprodaly a n\u00e1\u0161 st\u00e1t z\u00a0toho \u017eil, tedy i v\u011bt\u0161ina sou\u010dasn\u00e9 mlad\u00e9 generace. Ta vystudovala, nau\u010dili j\u00ed naprost\u00e9 nesmysly, zdeformovali ji a zneu\u017eili, nav\u00edc nasm\u011brovali u \u010d\u00e1sti nen\u00e1vist pr\u00e1v\u011b k\u00a0t\u011bm, kte\u0159\u00ed na n\u011b cel\u00fd \u017eivot makali. Senio\u0159i si maj\u00ed sv\u016fj \u017eivot do\u017e\u00edt s\u00a0v\u011bdom\u00edm, \u017ee byli p\u0159\u00ednosem a zaslou\u017e\u00ed si za to odpov\u00eddaj\u00edc\u00ed p\u00e9\u010di. St\u00e1t na vybran\u00e9m soci\u00e1ln\u00edm i zdravotn\u00edm odvodu z\u00e1konit\u011b vyb\u00edr\u00e1 v\u00edce ne\u017e kolik jim pot\u00e9 vrac\u00ed, co\u017e je zp\u016fsobeno p\u0159edev\u0161\u00edm \u00famrt\u00edmi z\u00e1hy po odchodu do d\u016fchodu. V\u00fdjimkou jsou nepracuj\u00edc\u00ed a m\u00e9n\u011b p\u0159izp\u016fsobiv\u00ed spoluob\u010dan\u00e9. Nov\u011b chce vl\u00e1da zm\u011bnit i podm\u00ednky pro ukon\u010den\u00ed slu\u017eebn\u00edho pom\u011bru u policist\u016f. S\u00e1hnout jak na v\u00fd\u0161i v\u00fdsluh, tak\u00e9 na lh\u016ftu pot\u0159ebnou k\u00a0odchodu ,,do civilu\u201c. Na co\u017e reaguje mnoho lid\u00ed jsouc\u00edch ve slu\u017eb\u011b k\u00a0okam\u017eit\u00e9mu pod\u00e1v\u00e1n\u00ed v\u00fdpov\u011bd\u00ed. D\u016fvodem je skute\u010dnost, kterou je u mnoh\u00fdch setrv\u00e1v\u00e1n\u00ed u pr\u00e1ce policisty i p\u0159es jin\u00e9 ne\u017e ofici\u00e1ln\u011b povinn\u00e9 n\u00e1zory a n\u00edzk\u00e9 platy s\u00a0vidinou p\u0159\u00edjemn\u011bj\u0161\u00edho \u017eivota po odchodu. Mo\u017en\u00e1 to nev\u00edte, ale \u0159ada policist\u016f si k ,,nafasovan\u00e9\u201c v\u00fdbav\u011b dokupuje svou, proto\u017ee v\u00a0t\u00e9 prvn\u00ed by t\u0159eba p\u0159i slu\u017eb\u011b zmrznuli. A\u017e tam to st\u00e1t dopracoval. Te\u010f cht\u011bj\u00ed i tyto v\u011brn\u00e9 ,,sluhy\u201c okr\u00e1st. Dobr\u00e9 na tom m\u016f\u017ee b\u00fdt to, \u017ee bude m\u00edt vl\u00e1da v p\u0159\u00edpadu konfliktu men\u0161\u00ed podporu ze strany policist\u016f.<\/p>\n<p>Pr\u00e1ce s\u00a0financemi st\u00e1tu vy\u017eaduje pe\u010dlivost, znalosti, poctivost, zodpov\u011bdnost a jistou schopnost p\u0159edv\u00eddat. Jste li ochotni v\u011b\u0159it tomu, \u017ee t\u011bmi vlastnostmi na\u0161i modern\u00ed politici opl\u00fdvaj\u00ed, jste naivn\u00ed. S\u00a0touto vl\u00e1dou si opravdu k\u00a0lep\u0161\u00edmu \u017eivotu nikdo mimo j\u00ed samotn\u00e9 nepom\u016f\u017ee.<\/p>\n<p><a href=\"https:\/\/www.inadhled.live\/uvaha-dne\/dnes-jen-kratce-k-ekonomice\/\">Jind\u0159ich Kulhav\u00fd<\/a><\/p>\n<\/div>\n<p><img decoding=\"async\" loading=\"lazy\" class=\"wp-image-19187 aligncenter\" src=\"http:\/\/www.infokuryr.cz\/n\/wp-content\/uploads\/2022\/12\/1-PRO-300x36.jpg\" alt=\"\" width=\"1225\" height=\"147\" srcset=\"https:\/\/www.infokuryr.cz\/n\/wp-content\/uploads\/2022\/12\/1-PRO-300x36.jpg 300w, https:\/\/www.infokuryr.cz\/n\/wp-content\/uploads\/2022\/12\/1-PRO.jpg 699w\" sizes=\"(max-width: 1225px) 100vw, 1225px\" \/><\/p>\n<p>&nbsp;<\/p>\n","protected":false},"excerpt":{"rendered":"<p>Neust\u00e1le jsme z\u00e1sobov\u00e1ni zpr\u00e1vami o \u0161patn\u00e9 ekonomick\u00e9 situaci, vn\u00edm\u00e1me inflaci a mnoz\u00ed maj\u00ed do kapsy&#8230;<\/p>\n","protected":false},"author":2,"featured_media":8823,"comment_status":"closed","ping_status":"closed","sticky":false,"template":"","format":"standard","meta":[],"categories":[6],"tags":[59,1203,683,29,371],"_links":{"self":[{"href":"https:\/\/www.infokuryr.cz\/n\/wp-json\/wp\/v2\/posts\/19427"}],"collection":[{"href":"https:\/\/www.infokuryr.cz\/n\/wp-json\/wp\/v2\/posts"}],"about":[{"href":"https:\/\/www.infokuryr.cz\/n\/wp-json\/wp\/v2\/types\/post"}],"author":[{"embeddable":true,"href":"https:\/\/www.infokuryr.cz\/n\/wp-json\/wp\/v2\/users\/2"}],"replies":[{"embeddable":true,"href":"https:\/\/www.infokuryr.cz\/n\/wp-json\/wp\/v2\/comments?post=19427"}],"version-history":[{"count":0,"href":"https:\/\/www.infokuryr.cz\/n\/wp-json\/wp\/v2\/posts\/19427\/revisions"}],"wp:featuredmedia":[{"embeddable":true,"href":"https:\/\/www.infokuryr.cz\/n\/wp-json\/wp\/v2\/media\/8823"}],"wp:attachment":[{"href":"https:\/\/www.infokuryr.cz\/n\/wp-json\/wp\/v2\/media?parent=19427"}],"wp:term":[{"taxonomy":"category","embeddable":true,"href":"https:\/\/www.infokuryr.cz\/n\/wp-json\/wp\/v2\/categories?post=19427"},{"taxonomy":"post_tag","embeddable":true,"href":"https:\/\/www.infokuryr.cz\/n\/wp-json\/wp\/v2\/tags?post=19427"}],"curies":[{"name":"wp","href":"https:\/\/api.w.org\/{rel}","templated":true}]}}