{"id":1942,"date":"2021-05-24T13:03:03","date_gmt":"2021-05-24T11:03:03","guid":{"rendered":"http:\/\/www.infokuryr.cz\/n\/?p=1942"},"modified":"2021-05-24T13:05:12","modified_gmt":"2021-05-24T11:05:12","slug":"ceka-me-trest-smrti-protasevic-zpanikaril-a-trasl-se-pri-pristani-v-minsku","status":"publish","type":"post","link":"https:\/\/www.infokuryr.cz\/n\/2021\/05\/24\/ceka-me-trest-smrti-protasevic-zpanikaril-a-trasl-se-pri-pristani-v-minsku\/","title":{"rendered":"\u201e\u010cek\u00e1 m\u011b trest smrti\u201c: Protasevi\u010d zpanika\u0159il a t\u0159\u00e1sl se strachy p\u0159i p\u0159ist\u00e1n\u00ed v Minsku"},"content":{"rendered":"<div id=\"fb-root\"><\/div>\n<p><strong>Cestuj\u00edc\u00ed, kte\u0159\u00ed let\u011bli ve stejn\u00e9m letadle s tv\u016frcem NEXTA, b\u011blorusk\u00fdm opozi\u010dn\u00edkem Romanem Protasevi\u010dem, hovo\u0159ili o jeho reakci na nouzov\u00e9 p\u0159ist\u00e1n\u00ed v Minsku , jak p\u00ed\u0161e loty\u0161sk\u00fd den\u00edk Delfi.<\/strong><\/p>\n<p>Podle jednoho z nich zpo\u010d\u00e1tku <strong>\u201ebojovn\u00edk proti re\u017eimu\u201c<\/strong> zpanika\u0159il a za\u010dal se tento hrdina opozice t\u0159\u00e1st a na ot\u00e1zku, co se stalo, odpov\u011bd\u011bl:<strong> \u201eTady \u010dek\u00e1m na trest smrti.\u201c<\/strong><\/p>\n<p>Po p\u0159ist\u00e1n\u00ed byl Protasevi\u010d podle o\u010dit\u00e9ho sv\u011bdka klidn\u011bj\u0161\u00ed, ale chv\u011bl se. Lid\u00e9 se psy vstoupili do letadla, opozi\u010dn\u00ed byl odvezen stranou a prohled\u00e1n.\u00a0Po celou dobu s n\u00edm byl d\u016fstojn\u00edk bezpe\u010dnostn\u00edch sil.\u00a0Pozd\u011bji byl Protasevi\u010d vyveden z letadla.<\/p>\n<p>Zbytku cestuj\u00edc\u00edch, jeden z nich, byl dr\u017een asi t\u0159i hodiny v \u00fazk\u00e9 chodb\u011b bez vody nebo p\u0159\u00edstupu na toaletu, byly \u00a0zkontrolov\u00e1ny jejich dokumenty.<\/p>\n<p><span style=\"color: #ff0000;\">Zat\u010den\u00edm \u00a0Romana Protasevi\u010de se odkryla b\u011blorusk\u00e9 bezpe\u010dnosti mo\u017enost vyt\u011b\u017eit z jeho osoby informace o tom, kde st\u00e1l za financov\u00e1n\u00ed demonstrac\u00ed v B\u011blorusku. Tak\u017ee u\u017e ch\u00e1pete pro\u010d takov\u00fd k\u0159ik po cel\u00e9 Evropsk\u00e9 unii a USA!?\u00a0 jestli se prok\u00e1\u017ee kdo za t\u00edm v\u0161\u00edm st\u00e1l, tak to bude jasn\u00e1 uk\u00e1zka teroristick\u00fdch aktivit ne Luka\u0161enka, ale st\u00e1t\u016f v Evropsk\u00e9 unii.<\/span><\/p>\n<p><img decoding=\"async\" loading=\"lazy\" class=\"alignnone size-full wp-image-1185\" src=\"http:\/\/www.infokuryr.cz\/n\/wp-content\/uploads\/2021\/04\/kuryr-podpis.png\" alt=\"\" width=\"84\" height=\"24\" \/><\/p>\n<p>&nbsp;<\/p>\n<p>&nbsp;<\/p>\n<p>&nbsp;<\/p>\n<p>&nbsp;<\/p>\n","protected":false},"excerpt":{"rendered":"<p>Cestuj\u00edc\u00ed, kte\u0159\u00ed let\u011bli ve stejn\u00e9m letadle s tv\u016frcem NEXTA, b\u011blorusk\u00fdm opozi\u010dn\u00edkem Romanem Protasevi\u010dem, hovo\u0159ili o&#8230;<\/p>\n","protected":false},"author":2,"featured_media":1943,"comment_status":"closed","ping_status":"closed","sticky":false,"template":"","format":"standard","meta":[],"categories":[7],"tags":[150,41,149],"_links":{"self":[{"href":"https:\/\/www.infokuryr.cz\/n\/wp-json\/wp\/v2\/posts\/1942"}],"collection":[{"href":"https:\/\/www.infokuryr.cz\/n\/wp-json\/wp\/v2\/posts"}],"about":[{"href":"https:\/\/www.infokuryr.cz\/n\/wp-json\/wp\/v2\/types\/post"}],"author":[{"embeddable":true,"href":"https:\/\/www.infokuryr.cz\/n\/wp-json\/wp\/v2\/users\/2"}],"replies":[{"embeddable":true,"href":"https:\/\/www.infokuryr.cz\/n\/wp-json\/wp\/v2\/comments?post=1942"}],"version-history":[{"count":0,"href":"https:\/\/www.infokuryr.cz\/n\/wp-json\/wp\/v2\/posts\/1942\/revisions"}],"wp:featuredmedia":[{"embeddable":true,"href":"https:\/\/www.infokuryr.cz\/n\/wp-json\/wp\/v2\/media\/1943"}],"wp:attachment":[{"href":"https:\/\/www.infokuryr.cz\/n\/wp-json\/wp\/v2\/media?parent=1942"}],"wp:term":[{"taxonomy":"category","embeddable":true,"href":"https:\/\/www.infokuryr.cz\/n\/wp-json\/wp\/v2\/categories?post=1942"},{"taxonomy":"post_tag","embeddable":true,"href":"https:\/\/www.infokuryr.cz\/n\/wp-json\/wp\/v2\/tags?post=1942"}],"curies":[{"name":"wp","href":"https:\/\/api.w.org\/{rel}","templated":true}]}}