{"id":19418,"date":"2022-12-09T07:28:45","date_gmt":"2022-12-09T06:28:45","guid":{"rendered":"http:\/\/www.infokuryr.cz\/n\/?p=19418"},"modified":"2022-12-09T07:31:23","modified_gmt":"2022-12-09T06:31:23","slug":"svrzeni-budouciho-ceskeho-prezidenta-pripravuje-snad-nemecka-nadace-pusobici-v-praze-svuj-dalsi-uspesny-statni-prevrat","status":"publish","type":"post","link":"https:\/\/www.infokuryr.cz\/n\/2022\/12\/09\/svrzeni-budouciho-ceskeho-prezidenta-pripravuje-snad-nemecka-nadace-pusobici-v-praze-svuj-dalsi-uspesny-statni-prevrat\/","title":{"rendered":"Svr\u017een\u00ed budouc\u00edho \u010desk\u00e9ho prezidenta?! P\u0159ipravuje snad n\u011bmeck\u00e1 nadace p\u016fsob\u00edc\u00ed v Praze sv\u016fj dal\u0161\u00ed \u00fasp\u011b\u0161n\u00fd st\u00e1tn\u00ed p\u0159evrat?"},"content":{"rendered":"<div id=\"fb-root\"><\/div>\n<p>Dne\u0161n\u00ed anal\u00fdza dala hodn\u011b pr\u00e1ce, proto nebylo video. Slov\u00e1ci Pozor n\u011bmeck\u00e1 Nadace Fridricha Naumana je aktivn\u00ed i na Slovensku, a v listopadu tam soust\u0159edila sv\u00e9 \u00fasil\u00ed hlavn\u011b proti Robertu Ficovi, Marianu Uhrikovi, Milanu Mazurekovi, a samoz\u0159ejm\u011b Marianu Kotlebovi. Nadaci Naumana se nel\u00edb\u00ed jejich postoj k uprchl\u00edk\u016fm, k Ukrajin\u011b a k USA. V\u00edce ve druh\u00e9 \u010d\u00e1sti anal\u00fdzy, kde bude p\u0159esn\u011b pops\u00e1no zapojen\u00ed nadace Naumana do st\u00e1tn\u00edho p\u0159evratu.<\/p>\n<p>\u010c\u00e1st prvn\u00ed: Podivn\u00e1 konference den p\u0159ed p\u0159evratem? M\u00e1me se u\u017e za\u010d\u00edt b\u00e1t o demokracii v \u010cesku i na Slovensku?<\/p>\n<p>Dita Charanzov\u00e1 (<a href=\"https:\/\/www.anobudelip.cz\/cs\/lide\/europoslanci\/\">hnut\u00ed ANO, m\u00edstop\u0159edsedkyn\u011b parlamentu EU<\/a>) vystoupila 7.12. na konferenci n\u011bmeck\u00e9 Nadace Fridricha Naumana,\u00a0<a href=\"https:\/\/www.seznamzpravy.cz\/clanek\/zahranicni-politicke-drama-v-peru-z-prezidenta-veznem-za-par-hodin-221001\">kter\u00e1 je peru\u00e1nsk\u00fdm tiskem vin\u011bna, \u017ee se pod\u00edlela na organizaci 8. prosince 2022 proveden\u00e9ho\u00a0 proamerick\u00e9ho st\u00e1tn\u00edho p\u0159evratu v Peru<\/a>, (podrobn\u011b je pops\u00e1no v druh\u00e9 \u010d\u00e1sti anal\u00fdzy) a mimo jin\u00e9 Charanzov\u00e1, ve sv\u00e9m proslovu shrom\u00e1\u017ed\u011bn\u00fdm nada\u010dn\u00edk\u016fm, ozn\u00e1mila, \u017ee \u010cesk\u00e1 republika je bohu\u017eel (v origin\u00e1le\u00a0<a href=\"https:\/\/www.facebook.com\/fnf.europe\/videos\/1530214567452870\"><em>unfortunately, video z\u00e1znam 21.20+<\/em><\/a>) jednou z nejv\u00edce EURO-skeptick\u00fdch zem\u00ed EU! Proto\u017ee Nadace Fridricha Naumana<a href=\"https:\/\/www.freiheit.org\/central-europe-and-the-baltic-states\">\u00a0tak\u00e9 s\u00eddl\u00ed v Praze a organizuje zde nejr\u016fzn\u011bj\u0161\u00ed akce<\/a>, cel\u00fd rozhovor Dity Charanzov\u00e9 pro Nadaci\u00a0 Fridricha Naumana, konan\u00fd v Bruselu, d\u00e1le rozebereme. P\u0159ed nadacemi, kter\u00e9 organizuj\u00ed st\u00e1tn\u00ed p\u0159evraty a svr\u017een\u00ed prezident\u016f, (<a href=\"https:\/\/larepublica.pe\/politica\/2022\/02\/14\/maria-del-carmen-alva-fujimoristas-detras-de-encuentro-sobre-la-vacancia-presidencial-keiko-fujimori\/\">D\u016fkaz ze 14. \u00fanora 2022!<\/a>), a osobami na n\u011b napojen\u00fdmi, je t\u0159eba se m\u00edt neust\u00e1le na pozoru, nebo\u0165 pr\u00e1v\u011b tak za\u010d\u00edn\u00e1 n\u00e1stup fa\u0161ismu, a nebo n\u011bjak\u00e9ho dikt\u00e1tora, \u010di oligarchy! V z\u00e1v\u011bru anal\u00fdzy, potom rozebereme \u010dinnost nadace Fridricha Naumana a p\u0159evrat v Peru.<\/p>\n<p>Snad nejv\u011bt\u0161\u00ed perli\u010dka na za\u010d\u00e1tek: (<a href=\"https:\/\/www.facebook.com\/fnf.europe\/videos\/1530214567452870\">\u010cAS +14.00<\/a>) Charanzov\u00e1 7.12. chv\u00e1l\u00ed po\u0159adatele konference v Bruselu, \u017ee maj\u00ed m\u00edstnost dob\u0159e vytopenou, proto\u017ee \u010ce\u0161i maj\u00ed tak\u00e9 v bytech r\u00e1di teplo, ale te\u010f se u\u017e sna\u017e\u00ed na teple \u0161et\u0159it! Na kolik byla m\u00edstnost vytopen\u00e1 si m\u016f\u017eete u\u010dinit p\u0159edstavu z teploty, na kterou se vyt\u00e1p\u00ed kancel\u00e1\u0159e um\u00edst\u011bn\u00e9 v hlavn\u00ed budov\u011b EU\u00a0<span class=\"mw-page-title-main\"><a href=\"https:\/\/cs.wikipedia.org\/wiki\/Berlaymont\">Berlaymont<\/a>\u00a0(foto). 6. prosince se provalilo, \u017ee hlavn\u00ed EUROKRATI\u00a0<a href=\"https:\/\/www.politico.eu\/article\/energy-crisis-ursula-von-der-leyen-berlaymont-building-freezing-energy-saving-measures\/\">si tuto budovu vyt\u00e1p\u011bj\u00ed na 23,4 stup\u0148\u016f Celsia<\/a>! zat\u00edmco ni\u017e\u0161\u00ed \u00fa\u0159edn\u00edci po Evrop\u011b mus\u00ed mrznout v budov\u00e1ch vyt\u00e1p\u011bn\u00fdch na 19 a nebo 16 stup\u0148\u016f! V \u010cesku vl\u00e1da p\u0159ipravuje vyhl\u00e1\u0161ku,\u00a0<a href=\"https:\/\/odok.cz\/portal\/veklep\/material\/ALBSCGYD4PK6\/\">\u017ee se sm\u00ed vyt\u00e1p\u011bt byty jen na 18 stup\u0148\u016f<\/a>, a v Praze se u\u017e budovy sm\u00ed vyt\u00e1p\u011bt<a href=\"https:\/\/www.blesk.cz\/clanek\/regiony-praha-praha-zpravy\/724540\/praha-omezi-vytapeni-mestskych-budov-na-22-stupnu-pro-sportovni-haly-a-skoly-plati-19-stupnu.html\">\u00a0jen na 22 stup\u0148\u016f a \u0161koly na 19 stup\u0148\u016f<\/a>! Hlavn\u011b, \u017ee je v Bruxelae \u00fa\u0159edn\u00edk\u016fm teplo!<\/span><\/p>\n<p><img decoding=\"async\" loading=\"lazy\" class=\"wp-image-2229 aligncenter\" src=\"https:\/\/www.michalapetr.com\/wp-content\/uploads\/2022\/12\/publishable.jpg\" sizes=\"(max-width: 1024px) 100vw, 1024px\" srcset=\"https:\/\/www.michalapetr.com\/wp-content\/uploads\/2022\/12\/publishable.jpg 1024w, https:\/\/www.michalapetr.com\/wp-content\/uploads\/2022\/12\/publishable-300x217.jpg 300w, https:\/\/www.michalapetr.com\/wp-content\/uploads\/2022\/12\/publishable-768x555.jpg 768w, https:\/\/www.michalapetr.com\/wp-content\/uploads\/2022\/12\/publishable-705x509.jpg 705w, https:\/\/www.michalapetr.com\/wp-content\/uploads\/2022\/12\/publishable-450x325.jpg 450w\" alt=\"\" width=\"706\" height=\"510\" \/><\/p>\n<p>(Hlavn\u00ed budova EU pro tis\u00edce nejvy\u0161\u0161\u00edch \u00fa\u0159edn\u00edk\u016f se podle ozn\u00e1men\u00ed \u00fa\u0159edn\u00edka EU ze 6.12.2022 vyt\u00e1p\u00ed na 23,6 stup\u0148\u016f Celsia! Hlavn\u011b, \u017ee v \u010cesku se mohou \u0161koly vyt\u00e1p\u011bt jen na 19 stup\u0148\u016f, a byty se maj\u00ed, jak vl\u00e1da chyst\u00e1 vyt\u00e1p\u011bt jen na 18 stup\u0148\u016f.\u00a0<a href=\"https:\/\/www.michalapetr.com\/map-1533-svrzeni-budouciho-ceskeho-prezidenta-pripravuje-snad-nemecka-nadace-pusobici-v-praze-svuj-dalsi-uspesny-statni-prevrat\/?preview_id=2221&amp;preview_nonce=c528f2097e&amp;post_format=standard&amp;_thumbnail_id=-1&amp;preview=true\">Podrobnosti v MAP 1533!<\/a>)<\/p>\n<p>Dita Charanzov\u00e1 v rozhovoru tvrd\u011b za\u00fato\u010dila na Viktora Orb\u00e1na, (+43.00)\u00a0 kter\u00fd podle n\u00ed br\u00e1n\u00ed jednotn\u00e9 front\u011b EU proti Rusku, a pochlubila se, \u017ee ona hlasovala pro podroben\u00ed Ma\u010farska \u010dl\u00e1nku 7 EU, a \u017ee je proti dal\u0161\u00ed existenci Visegr\u00e1dsk\u00e9 skupiny. Toto na\u010dasov\u00e1n\u00ed je velmi zvl\u00e1\u0161tn\u00ed,\u00a0<a href=\"https:\/\/rmx.news\/hungary\/hungarian-opposition-parties-benefited-from-e4-4-million-in-foreign-funding-ahead-of-general-election-declassified-secret-service-report-reveals\/\">proto\u017ee 23. listopadu ozn\u00e1mil brig\u00e1dn\u00ed gener\u00e1l Zoltan Andras Kovacs, \u0159editel ma\u010farsk\u00e1 tajn\u00e9 slu\u017eby NIK<\/a>, \u017ee se Ma\u010farsko stalo ter\u010dem rozs\u00e1hl\u00fdch podvratn\u00fdch akc\u00ed ze strany zahrani\u010dn\u00edch politick\u00fdch nadac\u00ed, jejich\u017e c\u00edlem bylo ovlivnit ma\u010farsk\u00e9 volby v neprosp\u011bch Viktora Orb\u00e1na.<\/p>\n<p>T\u011bsn\u011b p\u0159ed \u00fatokem na Orb\u00e1na v rozhovoru Charanzov\u00e1 projevovala radost nad nov\u00fdm po\u017eadavkem EU z\u0159\u00eddit tzv. Evropskou agenturu pro zdrav\u00ed, kter\u00e1 bude m\u00edt na\u0159izovac\u00ed pravomoci, pomoc\u00ed kter\u00fdch bude moci na\u0159izovat zem\u00edm EU tzv. z\u00e1vazn\u00e1 pandemick\u00e1 zdravotn\u00ed opat\u0159en\u00ed! To je cesta jak vy\u0159adit \u010desk\u00e9 soudy z dozoru nad z\u00e1konnost\u00ed nouzov\u00fdch a pandemick\u00fdch stav\u016f, jak na\u0159\u00eddit o\u010dkov\u00e1n\u00ed, karant\u00e9ny, z\u00e1kazy. Sm\u011b\u0161n\u00e9 je, \u017ee kr\u00e1tce p\u0159ed t\u00edm (27.11), kdy (7.12) Charanzov\u00e1 nad t\u00edmto zaveden\u00edm Zdravotn\u00ed diktatury j\u00e1sala, se uk\u00e1zalo, na z\u00e1klad\u011b posledn\u00edch presti\u017en\u00edch l\u00e9ka\u0159sk\u00fdch v\u00fdzkum\u016f, \u017ee o\u010dkov\u00e1n\u00ed mRNA proti COVID, kter\u00e9 Bruxelae cel\u00e9 EU vnutilo,\u00a0<a href=\"https:\/\/link.springer.com\/article\/10.1007\/s00392-022-02129-5\">je pravd\u011bpodobn\u00fdm vin\u00edkem mnoha \u00famrt\u00ed na akutn\u00ed z\u00e1n\u011bt srdce<\/a>, a \u017ee neo\u010dkovan\u00e9 zem\u011b Ji\u017en\u00ed Ameriky i Afriky, nemaj\u00ed v\u011bt\u0161\u00ed probl\u00e9m s COVID ne\u017e o\u010dkovan\u00e1 EU. Podobn\u011b vy\u0161lo u\u017e najevo pochybn\u00e9 hospoda\u0159en\u00ed samotn\u00e9 p\u0159edsedkyn\u011b EU Leyenov\u00e9 p\u0159i centr\u00e1ln\u00edm n\u00e1kupu o\u010dkov\u00e1n\u00ed, kter\u00fd Charanzov\u00e1 v\u00edt\u00e1 a chce roz\u0161\u00ed\u0159it! (Z\u00e1v\u011br studie:\u00a0<a href=\"https:\/\/link.springer.com\/article\/10.1007\/s00392-022-02129-5\">Myokarditida tedy m\u016f\u017ee b\u00fdt potenci\u00e1ln\u011b smrtelnou komplikac\u00ed po o\u010dkov\u00e1n\u00ed proti SARS-CoV-2 na b\u00e1zi mRNA<\/a>.) (Leyen-o\u010dkovac\u00ed skand\u00e1l: Vy\u0161et\u0159ov\u00e1n\u00ed prokur\u00e1torem je pro von der Leyenovou potenci\u00e1ln\u011b toxick\u00e9 vzhledem k jej\u00edmu zapojen\u00ed do podobn\u00e9ho skand\u00e1lu, kdy\u017e byla n\u011bmeckou ministryn\u00ed obrany! Hl\u00e1sily u\u017e 19. \u0159\u00edjna\u00a0<a href=\"https:\/\/www.politico.eu\/article\/european-union-prosecutor-covid-vaccine-scandal-ursula-von-der-leyen\/\">vysok\u00e9 diplomatick\u00e9 zdroje z Bruxelae<\/a>.)<\/p>\n<p>Dita Charanzov\u00e1 (ANO,<a href=\"https:\/\/www.aspeninstitutece.org\/people-profile\/dita-charanzova\/\">\u00a0ASPEN<\/a>)<a href=\"https:\/\/www.facebook.com\/fnf.europe\/videos\/1530214567452870\">\u00a0se na konferenci pochlubila (16.30 +)<\/a>, \u017ee se \u010cesk\u00e9mu p\u0159edsednictv\u00ed EU (Fiala ODS) poda\u0159ilo \u201cza\u0159\u00eddit\u201d 8.bal\u00ed\u010dek sankc\u00ed na Rusko a na Putina.\u00a0<a href=\"https:\/\/www.diplomatie.gouv.fr\/en\/country-files\/russia\/news\/article\/eu-adoption-of-an-8th-package-of-sanctions-against-those-responsible-for-the\">V r\u00e1mci tohoto 8. bal\u00ed\u010dku byl do EU zak\u00e1z\u00e1n dovoz rusk\u00e9 ropy a rusk\u00fdch chemik\u00e1li\u00ed<\/a>. 8. bal\u00ed\u010dek sankc\u00ed ihned vyvolal d\u011bsiv\u00fd propad v\u00fdvozu pr\u016fmyslov\u00fdch v\u00fdrobk\u016f z EU do \u010c\u00edny, (viz. graf n\u00ed\u017ee), jejich\u017e v\u00fdroba je z\u00e1visl\u00e1 jak na rusk\u00fdch energi\u00edch, tak na rop\u011b, tak na rusk\u00fdch chemik\u00e1li\u00edch. A\u017e se budete divit, pro\u010d d\u00e1le potraviny v obchodech zdra\u017e\u00ed, odpov\u011b\u010f je pr\u00e1v\u011b v 8.bal\u00ed\u010dku. Hnojiva a dal\u0161\u00ed chemik\u00e1lie v EU zdra\u017e\u00ed, proto\u017ee se m\u00edsto jejich v\u00fdroby z rusk\u00fdch surovin v Evrop\u011b, a m\u00edsto jejich v\u00fdvozu z Evropy do sv\u011bta, mus\u00ed nyn\u00ed chemik\u00e1lie do Evropy dov\u00e1\u017eet, a to z \u010c\u00edny!<\/p>\n<p><img decoding=\"async\" loading=\"lazy\" class=\"size-full wp-image-2222 aligncenter\" src=\"https:\/\/www.michalapetr.com\/wp-content\/uploads\/2022\/12\/FiODHFYXwAAMTHj.png\" sizes=\"(max-width: 680px) 100vw, 680px\" srcset=\"https:\/\/www.michalapetr.com\/wp-content\/uploads\/2022\/12\/FiODHFYXwAAMTHj.png 680w, https:\/\/www.michalapetr.com\/wp-content\/uploads\/2022\/12\/FiODHFYXwAAMTHj-300x191.png 300w, https:\/\/www.michalapetr.com\/wp-content\/uploads\/2022\/12\/FiODHFYXwAAMTHj-450x287.png 450w\" alt=\"\" width=\"680\" height=\"434\" \/><\/p>\n<p>(Graf ukazuje v\u00fdsledek spole\u010dn\u00e9ho d\u00edla Petra Fialy (ODS) a Dity Charanzov\u00e9 (ANO) \u2013 tzv. 8 bal\u00ed\u010dek sankc\u00ed proti Rusku. V\u00fdsledkem 8. bal\u00ed\u010dku je zes\u00edlen\u00ed efektu politiky Green Deal v dramatick\u00e9m obratu evropsk\u00e9ho obchodu s chemik\u00e1liemi s \u010c\u00ednou. M\u00edsto evropsk\u00fdch v\u00fdvozn\u00edch zisk\u016f, za\u010dala vyd\u011bl\u00e1vat miliardy EUR m\u011bs\u00ed\u010dn\u011b \u010c\u00edna. V d\u016fsledku obratu v obchodu s \u010c\u00ednou nejprve v Evrop\u011b zdra\u017e\u00ed chemik\u00e1lie a hnojiva, a to potom je\u0161t\u011b v\u00edce zdra\u017e\u00ed potraviny! Vid\u00edte tak, jak v praxi dopad\u00e1 Babi\u0161ovo heslo\u00a0<em>ANO \u2013 Bude l\u00edp<\/em>\u00a0p\u0159i spolupr\u00e1ci s Fialou. Podrobn\u011b v MAP 1533.\u00a0<a href=\"https:\/\/www.brusselsreport.eu\/2022\/11\/28\/misguided-green-policies-have-saddled-europe-with-a-record-trade-deficit\/\">Zdroj grafu zde<\/a>.\u00a0)<\/p>\n<p>Dita Charanzov\u00e1<a href=\"https:\/\/www.facebook.com\/fnf.europe\/videos\/1530214567452870\">\u00a0(19.30+) se pochlubila<\/a>, \u017ee p\u0159es skeptick\u00fd postoj n\u011bkter\u00fdch \u010dlen\u016f vl\u00e1dy \u010ceska (ODS?) k politice Green Deal, se poda\u0159ilo \u010desk\u00fdm diplomat\u016fm (\u0161\u00e9f Lipavsk\u00fd, Pir\u00e1ti,\u00a0<a href=\"https:\/\/www.aspeninstitutece.org\/people-profile\/jan-lipavsky\/\">ASPEN<\/a>) posunout v EU agendu FitFor55 sm\u011brem k jej\u00edmu uz\u00e1kon\u011bn\u00ed!\u00a0<a href=\"https:\/\/www.lesechos.fr\/finance-marches\/marches-financiers\/un-marche-du-carbone-renforce-et-elargi-1332183\">Podstatou agendy FitFor55 je zaveden\u00ed dal\u0161\u00edch emisn\u00edch povolenek<\/a>, se kter\u00fdmi se bude d\u00e1t k\u0161eftovat, a to konkr\u00e9tn\u011b na dopravu (j\u00edzdu autem, autobusem, vlakem, traktorem, kombajnem, kamionem), na stavebnictv\u00ed (emisn\u00ed povolenka z bydlen\u00ed), na zem\u011bd\u011blstv\u00ed (<a href=\"https:\/\/www.michalapetr.com\/map-1508-brusel-luciferuv-plan-schvalen-novymi-poplatky-lulucf-budou-biti-hlavne-cesi-a-slovaci\/\">poplatky LULUCF podrobn\u011b MAP 1508<\/a>).\u00a0<a href=\"https:\/\/www.michalapetr.com\/map-119-zimou-zfialovite-plan-ceske-vlady-ktery-se-ma-schvalit-v-patek-unikl-v-bruselu-komu-do-kapsy-proudily-miliardy-za-plyn-a-elektrinu-budete-prekvapeni\/\">Po zdra\u017een\u00ed energi\u00ed v d\u016fsledku emisn\u00edch povolenek, se kter\u00fdmi energo-\u0161mejdi spekuluj\u00ed<\/a>, se tak p\u0159ipravuj\u00ed dal\u0161\u00ed emisn\u00ed povolenky, kter\u00e9 zdra\u017e\u00ed dopravu do pr\u00e1ce, doj\u00ed\u017ed\u011bn\u00ed do \u0161koly, bydlen\u00ed, a hlavn\u011b maj\u00ed za c\u00edl zni\u010dit \u010desk\u00e9 zem\u011bd\u011blstv\u00ed a zdra\u017eit potraviny. Op\u011bt jak vid\u00edte \u2013 zaveden\u00ed FitFor55 podporuj\u00ed spole\u010dn\u011b ANO (Charanzov\u00e1) a Pir\u00e1ti (Lipavsk\u00fd), n\u011bjakou n\u00e1hodou oba ASPEN! Co na to prezidentsk\u00fd kandid\u00e1t Babi\u0161? Chce snad vyhr\u00e1t prezidentsk\u00e9 volby se zdra\u017eovac\u00ed bruselskou agendou? A nebo snad jde o po\u010d\u00e1tek pu\u010de proti Babi\u0161ovi, organizovan\u00fd podobn\u011b jako v Peru?<\/p>\n<p>C\u00edlem zaveden\u00ed nov\u00fdch emisn\u00edch poplatk\u016f FitiFor55 podle samotn\u00e9 Bruxelae, (v origin\u00e1le:\u00a0<a href=\"https:\/\/www.lesechos.fr\/finance-marches\/marches-financiers\/un-marche-du-carbone-renforce-et-elargi-1332183\">qui permet d\u2019\u00e9liminer le surplus de quotas<\/a>), je odstranit p\u0159ebytek povolenek z trhu \u2013 odstran\u011bn\u00edm p\u0159ebytku povolenek dojde k jejich zdra\u017een\u00ed \u2013 a tedy k dal\u0161\u00edmu zdra\u017een\u00ed energi\u00ed, potravin, dopravy a bydlen\u00ed!<\/p>\n<p>Cel\u00fd rozhovor Charanzov\u00e9 pro nada\u010dn\u00edky je velmi zmaten\u00fd, proto\u017ee Charanzov\u00e1 se vyjad\u0159uje velmi obecn\u011b, nekonkr\u00e9tn\u011b, protismysln\u011b, \u010di a\u017e zav\u00e1d\u011bj\u00edc\u00edm zp\u016fsobem. Typicky: (Po +29.00)\u00a0 Ozn\u00e1m\u00ed, \u017ee ani m\u00edr na Ukrajin\u011b, nesm\u00ed znamenat n\u00e1vrat k levn\u00fdm rusk\u00fdm energi\u00edm, a sou\u010dasn\u011b tvrd\u00ed, \u017ee levn\u00e9 energie se n\u011bkde a n\u011bjak mus\u00ed sehnat, jinak rodiny zmrznou, a jinak prohrajeme konkuren\u010dn\u00ed boj s \u010c\u00ednou. Ale jako vysokou politi\u010dku, m\u00edstop\u0159edsedkyni parlamentu EU, ji p\u0159itom v\u016fbec nezaj\u00edm\u00e1, kde je se\u017eene, kdy\u017e nikde nejsou, a nem\u00e1 ani \u017e\u00e1dn\u00fd pl\u00e1n, na jejich sehn\u00e1n\u00ed. Ozn\u00e1m\u00ed, \u017ee USA zneu\u017e\u00edvaj\u00ed energetick\u00e9 krize k vlastn\u00edmu obohacen\u00ed na \u00fakor EU, zneu\u017e\u00edvaj\u00ed monopolu na technologie, a i jinak okr\u00e1daj\u00ed Evropu, a dokonce p\u0159itom skanduje, \u017ee\u00a0<em>Biden p\u0159evzal Trumpovu politiku America First<\/em>\u00a0a pov\u00fd\u0161il ji na z\u00e1klad vztah\u016f USA s EU, ale sou\u010dasn\u011b ihned tvrd\u00ed, \u017ee my mus\u00edme z\u016fstat v\u011brn\u00fdmi spojenci USA, a vydr\u017eet jejich p\u0159\u00edko\u0159\u00ed! Chlub\u00ed se, \u017ee to bylo \u010desk\u00e9 prezidentstv\u00ed EU, kter\u00e9 zak\u00e1zalo od roku 2035 spalovac\u00ed motory, a ihned p\u0159izn\u00e1v\u00e1, \u017ee \u010ce\u0161i nebudou m\u00edt pen\u00edze na koupi elektro-aut, \u017ee Evropa p\u0159ijde o sv\u00e1 pracovn\u00ed m\u00edsta; a \u017ee kdy\u017e se auta na spalovac\u00ed motor nebudou vyr\u00e1b\u011bt, tak Evropa p\u0159ijde o sv\u00e9 exportn\u00ed trhy v Africe, Ji\u017en\u00ed Americe a Asii, a t\u00edm Evropan\u00e9 zchudnou.\u00a0 Dokonce se vyjad\u0159uje, \u017ee trv\u00e1n\u00ed EU na z\u00e1kazu odles\u0148ov\u00e1n\u00ed jihoamerick\u00e9ho pralesa, jako podm\u00ednky pro uzav\u0159en\u00ed obchodn\u00ed dohody EU s Ji\u017en\u00ed Amerikou je zbyte\u010dn\u00e1 bariera! Tedy na jedn\u00e9 stran\u011b Charanzov\u00e1 podporuje Green Deal, drah\u00e9 energie a potraviny pro \u010cechy, emisn\u00ed povolenky a v\u0161echny eco-bruxelae nesmysly na z\u00e1chranu planety, ale na druh\u00e9 stran\u011b j\u00ed nevad\u00ed vyk\u00e1cen\u00ed brazilsk\u00e9ho pralesa!\u00a0<a href=\"https:\/\/www.michalapetr.com\/map-1508-brusel-luciferuv-plan-schvalen-novymi-poplatky-lulucf-budou-biti-hlavne-cesi-a-slovaci\/\">Nesta\u010d\u00ed tedy, \u017ee\u00a0 LULUCF politika EU prosazen\u00e1 za \u010cesk\u00e9ho p\u0159edsednictv\u00ed EU zlikviduje \u010desk\u00e9 lesnictv\u00ed, respektive zlevn\u00ed jihoamerick\u00e9 d\u0159evo oproti \u010desk\u00e9mu i slovensk\u00e9mu!<\/a>\u00a0Je\u0161t\u011b je t\u0159eba odstranit celn\u00ed bariery na dovoz vyk\u00e1cen\u00e9ho pralesn\u00edho d\u0159eva!\u00a0 Hlavn\u011b, \u017ee bude k\u0161eft, a je\u0161t\u011b v\u011bt\u0161\u00ed dovoz levn\u00e9ho, a neprocl\u00edvan\u00e9ho zbo\u017e\u00ed do EU! Jej\u00ed politika je politikou, kter\u00e1 ruinuje ka\u017ed\u00e9ho oby\u010dejn\u00e9ho pracuj\u00edc\u00edho, a prosp\u00edv\u00e1 pouze energo-\u0161mejd\u016fm, politick\u00fdm nada\u010dn\u00edk\u016fm a vysok\u00fdm \u00fa\u0159edn\u00edk\u016fm! Ne nadarmo Henry Kissinger ned\u00e1vno nazval sou\u010dasn\u00e9 vysok\u00e9 politiky nevzd\u011blan\u00fdmi hlup\u00e1ky bez jak\u00e9koli uskute\u010dniteln\u00e9 vize budoucnosti. Tato politika je p\u0159\u00edmo nam\u00ed\u0159ena proti nejv\u011bt\u0161\u00edmu a tak\u0159ka posledn\u00edmu \u010desk\u00e9mu st\u00e1tn\u00edmu majetku \u2013 Les\u016fm \u010cR. M\u00e1 snad za c\u00edl, vyvolat ekonomick\u00fd kolaps \u010desk\u00e9ho lesnictv\u00ed, aby bylo mo\u017en\u00e9 Lesy \u010cR privatizovat?! (Tento kone\u010dn\u00fd osud v\u0161eho st\u00e1tn\u00edho majetku sl\u00edbil bank\u00e9\u0159 Draghi na jacht\u011b Jej\u00edho Veli\u010denstva p\u0159ed sv\u00fdm pov\u00fd\u0161en\u00edm do \u010dela ECB.\u00a0<a class=\"mfp-iframe lightbox-added\" href=\"https:\/\/www.youtube.com\/watch?v=bojPnoRb14w\">Podrobn\u011b zde<\/a>.) Jak podobn\u00e9 osudu \u010desk\u00fdch bank, ocel\u00e1ren, dol\u016f a tov\u00e1ren!<\/p>\n<p>\u010c\u00e1st Druh\u00e1: P\u0159evrat v Peru organizovala Nadace Fridricha Naumana. Co organizuje v \u010cesku a na Slovensku? M\u00edstop\u0159edsedkyn\u011b EU na kaf\u00ed\u010dku s fa\u0161isty?<\/p>\n<p>V Peru byl v\u010dera 8. prosince 2022 proveden st\u00e1tn\u00ed p\u0159evrat proti prezidentovi Pedru Castillovi. Pedro Castillo byl zat\u010den, kdy\u017e se pokusil prchnout na mexickou ambas\u00e1du. Mexick\u00fd prezident Manuel Obrador ozn\u00e1mil, \u017ee jejich telefon\u00e1t, kter\u00fdm mu dal svolen\u00ed k azylu na ambas\u00e1d\u011b\u00a0<a href=\"https:\/\/www.reuters.com\/world\/americas\/mexico-president-says-perus-castillo-was-going-request-asylum-2022-12-08\/\">musel b\u00fdt polici\u00ed a voj\u00e1ky odposlouch\u00e1v\u00e1n<\/a>, proto\u017ee byl zat\u010den na cest\u011b na ambas\u00e1du.\u00a0<a href=\"https:\/\/twitter.com\/lopezobrador_\/status\/1600599512363327489\">Manuel Obrador tak\u00e9 z p\u0159evratu obvinil politick\u00e9 a ekonomick\u00e9 elity Peru<\/a>, kter\u00e9 vyu\u017eily situace (drahota), aby demokratick\u00e9ho, \u0159\u00e1dn\u011b zvolen\u00e9ho levicov\u00e9ho prezidenta zbavily \u00fa\u0159adu. Podle zpr\u00e1v z Peru, levicov\u00ed aktivist\u00e9 vyhro\u017euj\u00ed vzpourou proti re\u017eimu. Peru je chud\u00e1 zem\u011b, kde l\u00e9ta vl\u00e1dla proamerick\u00e1 diktatura,\u00a0<a href=\"https:\/\/larepublica.pe\/sociedad\/2022\/12\/08\/trujillo-colectivos-de-izquierda-amenazan-con-tomar-carreteras-de-no-ser-escuchados-lrnd\/\">a pro-prezident\u0161t\u00ed stoupenci se pr\u00fd nenechaj\u00ed jen tak zbavit moci<\/a>.<\/p>\n<p>Prezident Castillo byl trnem v oku EU i USA. Jeho politika byla:\u00a0<a href=\"https:\/\/es.wikipedia.org\/wiki\/Pedro_Castillo\">proti zaveden\u00ed genderov\u00e9 politiky do \u0161koln\u00edho vyu\u010dov\u00e1n\u00ed, proti man\u017eelstv\u00ed osob stejn\u00e9ho pohlav\u00ed, proti eutan\u00e1zii a proti potrat\u016fm. D\u00e1le sl\u00edbil, \u017ee 70% zisk\u016f z t\u011b\u017eby peru\u00e1nsk\u00e9ho nerostn\u00e9ho bohatstv\u00ed bude muset z\u016fstat v Peru<\/a>! Peru je 2. nejv\u011bt\u0161\u00ed sv\u011btov\u00fd producent m\u011bdi, a na\u0161la se v n\u011bm nalezi\u0161t\u011b lithia. 29. z\u00e1\u0159\u00ed 2022 ozn\u00e1mila administrativa prezidenta Castilla, \u017ee kdo bude v Peru cht\u00edt t\u011b\u017eit lithium a m\u011b\u010f, bude muset \u010d\u00e1st vyt\u011b\u017een\u00fdch surovin zpracovat v Peru na baterie. T\u00edm z\u0159ejm\u011b p\u0159etekla trp\u011blivost globalist\u016f s odbojn\u00fdm prezidentem, proto\u017ee v Peru m\u00e1 na pr\u016fzkum t\u011b\u017eby lithia monopol\u00a0<a href=\"https:\/\/www.reuters.com\/markets\/companies\/LI.V\/\">American Lithium Corp<\/a>! V cel\u00e9\u00a0<a href=\"https:\/\/www.reuters.com\/business\/energy\/peru-targets-local-lithium-battery-production-official-says-2022-09-28\/\">Ji\u017en\u00ed Americe \u017e\u00e1dn\u00fd st\u00e1t nezpracov\u00e1v\u00e1 lithium a m\u011b\u010f na baterie a dal\u0161\u00ed pokro\u010dil\u00e9 v\u00fdrobky<\/a>. P\u0159\u00edklad Peru by mohl inspirovat dal\u0161\u00ed zem\u011b, zd\u00e1 se b\u00fdt evidentn\u00ed!<\/p>\n<p><a href=\"https:\/\/larepublica.pe\/politica\/2022\/02\/14\/maria-del-carmen-alva-fujimoristas-detras-de-encuentro-sobre-la-vacancia-presidencial-keiko-fujimori\/\">Podle peru\u00e1nsk\u00e9ho tisku, se svr\u017een\u00ed prezidenta Castilla za\u010dalo pl\u00e1novat u\u017e v \u00fanoru 2022<\/a>, a v \u010dele p\u0159\u00edprav st\u00e1l \u0159editel Nadace Fridricha Naumana v Peru N\u011bmec J\u00f6rg Dehner. J\u00f6rg Dehner je man\u017eelem Berthy Mar\u00eda Carrillo,(oba na foto), a ta byla v prezidentsk\u00fdch volb\u00e1ch, kter\u00e9 svr\u017een\u00fd prezident Castillo vyhr\u00e1l, \u010dlenkou veden\u00ed kampan\u011b pora\u017een\u00e9 kandid\u00e1tky\u00a0<a href=\"https:\/\/en.wikipedia.org\/wiki\/Keiko_Fujimori\">Keiko Fujimori<\/a>. Jej\u00ed otec dikt\u00e1tor Fujimori vl\u00e1dnul v Peru s podporou neoliber\u00e1l\u016f (viz Nadace Naumana) v letech 1990-2000.\u00a0<a href=\"https:\/\/en.wikipedia.org\/wiki\/Alberto_Fujimori\">Za jeho vl\u00e1dy byly prov\u00e1d\u011bny etnick\u00e9 \u010distky, nucen\u00e9 sterilizace, mimosoudn\u00ed popravy a rozkradl cel\u00e9 Peru<\/a>. Pozd\u011bji uprchl, byl dopaden a odsouzen za kr\u00e1de\u017ee i vra\u017edy na 25 let. (Nejvy\u0161\u0161\u00ed mo\u017en\u00fd trest v Peru) Neoliber\u00e1lov\u00e9 se n\u011bkolikr\u00e1t marn\u011b sna\u017eili pomoc\u00ed r\u016fzn\u00fdch milost\u00ed a soudn\u00edch trik\u016f dostat Fujimoriho z v\u011bzen\u00ed.<\/p>\n<p><img decoding=\"async\" loading=\"lazy\" class=\"size-full wp-image-2234 aligncenter\" src=\"https:\/\/www.michalapetr.com\/wp-content\/uploads\/2022\/12\/EYQTEOEVPVAHVFCNPJ7PVOOGH4.jpg\" sizes=\"(max-width: 538px) 100vw, 538px\" srcset=\"https:\/\/www.michalapetr.com\/wp-content\/uploads\/2022\/12\/EYQTEOEVPVAHVFCNPJ7PVOOGH4.jpg 538w, https:\/\/www.michalapetr.com\/wp-content\/uploads\/2022\/12\/EYQTEOEVPVAHVFCNPJ7PVOOGH4-300x176.jpg 300w, https:\/\/www.michalapetr.com\/wp-content\/uploads\/2022\/12\/EYQTEOEVPVAHVFCNPJ7PVOOGH4-450x264.jpg 450w\" alt=\"\" width=\"538\" height=\"316\" \/><\/p>\n<p>J\u00f6rgu Dehnerovi a Nadaci Naumana bylo peru\u00e1nsk\u00fdmi novin\u00e1\u0159i prok\u00e1z\u00e1no,<a href=\"https:\/\/larepublica.pe\/politica\/2022\/02\/14\/maria-del-carmen-alva-fujimoristas-detras-de-encuentro-sobre-la-vacancia-presidencial-keiko-fujimori\/\">\u00a0\u017ee zaplatili a zorganizovali konferenci, na kter\u00e9 se \u0159e\u0161ilo, jak prezidenta Castillo s celou vl\u00e1dou sesadit, a na kter\u00e9 se u\u017e rozd\u011blovaly st\u00e1tn\u00ed funkce pu\u010dist\u016fm<\/a>! Je zaj\u00edmav\u00e9, \u017ee \u010dlenka demokratick\u00e9ho hnut\u00ed ANO, Charanzov\u00e1, kter\u00e1 je v Parlamentu EU zodpov\u011bdn\u00e1 za politiku cel\u00e9 EU v\u016f\u010di Ji\u017en\u00ed Americe, studovala vysokou \u0161kolu ve \u0160pan\u011blsku, a um\u00ed tedy \u0160pan\u011blsky, (snad l\u00e9pe ne\u017e Anglicky douf\u00e1m), se ne\u0161t\u00edt\u00ed vystupovat na konferenc\u00edch Nadace Naumana, kter\u00e1 podporuje v Ji\u017en\u00ed Americe politiky, kte\u0159\u00ed jsou napojeni na \u010distokrevn\u00e9 fa\u0161isty a dikt\u00e1tory, ne\u0161t\u00edt\u00edc\u00ed se etnick\u00fdch \u010distek, politick\u00fdch vra\u017ed a dal\u0161\u00edch zlo\u010din\u016f proti lidskosti! A p\u0159itom z t\u011bch sam\u00fdch zlo\u010din\u016f na konferenci nadace Naumana obvi\u0148uje Rusko a Putina. Zase dvoj\u00ed metr, \u017ee!<\/p>\n<p><a href=\"https:\/\/www.freiheit.org\/central-europe-and-baltic-states\/slovak-far-right-politicians-are-spreading-false-narratives-about\">Slov\u00e1k\u016fm doporu\u010duji si p\u0159e\u010d\u00edst tento \u010dl\u00e1nek<\/a>. Nadace Naumana v n\u011bm obvi\u0148uje Fica, Uhr\u00edka, Mazureka, Kotlebu a dal\u0161\u00ed, \u017ee na Slovensku \u0161\u00ed\u0159\u00ed proti-uprchlick\u00e9 a prorusk\u00e9 dezinformace, kter\u00e9 maj\u00ed za c\u00edl o\u010dernit humanit\u00e1rn\u00ed politiku EU a Slovensk\u00fdch elit! Nadace Naumana tak sou\u010dasn\u011b podporuje fa\u0161istick\u00e9 st\u00e1tn\u00ed p\u0159evraty v Ji\u017en\u00ed Americe, a sou\u010dasn\u011b v Evrop\u011b k\u00e1\u017ee o mor\u00e1lce Slov\u00e1k\u016fm! V p\u0159\u00edpad\u011b Kotleby se tak zda\u0159il \u00fa\u017easn\u00fd f\u00f3r \u2013 N\u011bmeck\u00e1 Nadace Naumana, kter\u00e1 organizuje fa\u0161istick\u00fd st\u00e1tn\u00ed p\u0159evrat v Ji\u017en\u00ed Americe obvi\u0148uje Kotlebu z propagace my\u0161lenek krajn\u00ed-pravice na Slovensku! A co na to pan\u00ed \u010caputov\u00e1? Pozve Nadaci Naumana na sv\u00e9 s\u00eddlo, aby tak\u00e9 na Slovensku zorganizovala n\u011bjak\u00fd st\u00e1tn\u00ed p\u0159evrat?<\/p>\n<p><a href=\"https:\/\/larepublica.pe\/politica\/2022\/02\/14\/maria-del-carmen-alva-fujimoristas-detras-de-encuentro-sobre-la-vacancia-presidencial-keiko-fujimori\/\">Proti \u010dinnosti Nandace Fridricha Naumana protestovala i dokonce hlavn\u00ed N\u011bmecko-Peru\u00e1nsk\u00e1 partnersk\u00e1 spole\u010dnost pro rozvoj vz\u00e1jemn\u00fdch vztah\u016f se s\u00eddlem v n\u011bmeck\u00e9m \u00a0Freiburgu<\/a>. Podle peru\u00e1nsk\u00fdch novin\u00e1\u0159\u016f se Nadace Naumana zapojila i do ovliv\u0148ov\u00e1n\u00ed v\u00fdsledk\u016f voleb v Ekv\u00e1doru a sna\u017e\u00ed se i ve Venezuele.<\/p>\n<p><a href=\"https:\/\/www.michalapetr.com\/map-1533-svrzeni-budouciho-ceskeho-prezidenta-pripravuje-snad-nemecka-nadace-pusobici-v-praze-svuj-dalsi-uspesny-statni-prevrat\/\">Michael Svato\u0161<\/a><\/p>\n<p>&nbsp;<\/p>\n<p><img decoding=\"async\" loading=\"lazy\" class=\"wp-image-19187 aligncenter\" src=\"http:\/\/www.infokuryr.cz\/n\/wp-content\/uploads\/2022\/12\/1-PRO-300x36.jpg\" alt=\"\" width=\"1208\" height=\"145\" srcset=\"https:\/\/www.infokuryr.cz\/n\/wp-content\/uploads\/2022\/12\/1-PRO-300x36.jpg 300w, https:\/\/www.infokuryr.cz\/n\/wp-content\/uploads\/2022\/12\/1-PRO.jpg 699w\" sizes=\"(max-width: 1208px) 100vw, 1208px\" \/><\/p>\n<p>&nbsp;<\/p>\n","protected":false},"excerpt":{"rendered":"<p>Dne\u0161n\u00ed anal\u00fdza dala hodn\u011b pr\u00e1ce, proto nebylo video. Slov\u00e1ci Pozor n\u011bmeck\u00e1 Nadace Fridricha Naumana je&#8230;<\/p>\n","protected":false},"author":2,"featured_media":581,"comment_status":"closed","ping_status":"closed","sticky":false,"template":"","format":"standard","meta":[],"categories":[6],"tags":[1042,76,165,921],"_links":{"self":[{"href":"https:\/\/www.infokuryr.cz\/n\/wp-json\/wp\/v2\/posts\/19418"}],"collection":[{"href":"https:\/\/www.infokuryr.cz\/n\/wp-json\/wp\/v2\/posts"}],"about":[{"href":"https:\/\/www.infokuryr.cz\/n\/wp-json\/wp\/v2\/types\/post"}],"author":[{"embeddable":true,"href":"https:\/\/www.infokuryr.cz\/n\/wp-json\/wp\/v2\/users\/2"}],"replies":[{"embeddable":true,"href":"https:\/\/www.infokuryr.cz\/n\/wp-json\/wp\/v2\/comments?post=19418"}],"version-history":[{"count":0,"href":"https:\/\/www.infokuryr.cz\/n\/wp-json\/wp\/v2\/posts\/19418\/revisions"}],"wp:featuredmedia":[{"embeddable":true,"href":"https:\/\/www.infokuryr.cz\/n\/wp-json\/wp\/v2\/media\/581"}],"wp:attachment":[{"href":"https:\/\/www.infokuryr.cz\/n\/wp-json\/wp\/v2\/media?parent=19418"}],"wp:term":[{"taxonomy":"category","embeddable":true,"href":"https:\/\/www.infokuryr.cz\/n\/wp-json\/wp\/v2\/categories?post=19418"},{"taxonomy":"post_tag","embeddable":true,"href":"https:\/\/www.infokuryr.cz\/n\/wp-json\/wp\/v2\/tags?post=19418"}],"curies":[{"name":"wp","href":"https:\/\/api.w.org\/{rel}","templated":true}]}}