{"id":19416,"date":"2022-12-09T07:21:24","date_gmt":"2022-12-09T06:21:24","guid":{"rendered":"http:\/\/www.infokuryr.cz\/n\/?p=19416"},"modified":"2022-12-09T07:21:24","modified_gmt":"2022-12-09T06:21:24","slug":"usa-svrhly-legitimni-peruanskou-vladu","status":"publish","type":"post","link":"https:\/\/www.infokuryr.cz\/n\/2022\/12\/09\/usa-svrhly-legitimni-peruanskou-vladu\/","title":{"rendered":"USA svrhly legitimn\u00ed peru\u00e1nskou vl\u00e1du"},"content":{"rendered":"<div id=\"fb-root\"><\/div>\n<div class=\"f2c-introarticle\">\n<div class=\"f2c-introtext\">\n<p>V informa\u010dn\u00edm st\u00ednu zp\u016fsoben\u00e9m nekone\u010dn\u00fdmi \u010dm\u00e1ranicemi o Zelensk\u00e9m a banderovc\u00edch na Ukrajin\u011b pokra\u010duj\u00ed USA ve sv\u00e9m sv\u011btovl\u00e1dn\u00e9m \u0159emesle. Jej\u00ed podstatou je nasazen\u00ed proamerick\u00fdch serviln\u00edch re\u017eim\u016f po cel\u00e9m sv\u011bt\u011b, a pokud si lid\u00e9 zvol\u00ed m\u00e9n\u011b poslu\u0161n\u00e9 a k USA kriti\u010dt\u011bj\u0161\u00ed v\u016fdce, pak je co nejd\u0159\u00edve odstranit vojensk\u00fdm nebo parlamentn\u00edm p\u0159evratem a nahradit je op\u011bt &#8222;sv\u00fdmi&#8220; lidmi.<\/p>\n<\/div>\n<\/div>\n<div class=\"f2c-maintext\">\n<p>Tuto pr\u00e1ci vykon\u00e1vaj\u00ed ameri\u010dt\u00ed &#8222;diplomat\u00e9&#8220; a agenti CIA a \u00fadajn\u011b americk\u00e9 rozvojov\u00e9 a nevl\u00e1dn\u00ed organizace po cel\u00e9m sv\u011bt\u011b, p\u0159edev\u0161\u00edm v\u0161ak na &#8222;zadn\u00edm dvorku&#8220; USA, v Latinsk\u00e9 Americe. V t\u011bchto dnech USA v Peru \u00fasp\u011b\u0161n\u011b realizovaly sc\u00e9n\u00e1\u0159 parlamentn\u00edho p\u0159evratu. Pedro Castillo, levicov\u00fd vesnick\u00fd u\u010ditel indi\u00e1nsk\u00e9ho p\u016fvodu, kter\u00fd byl p\u0159ed ned\u00e1vnem zvolen v p\u0159\u00edm\u00fdch volb\u00e1ch jasnou v\u011bt\u0161inou Peru\u00e1nc\u016f, byl sesazen parlamentem. Castillo skon\u010dil ve v\u011bzen\u00ed a do dal\u0161\u00edch voleb \/o v\u00edce ne\u017e dva roky pozd\u011bji\/ ho nahradila m\u00edstop\u0159edsedkyn\u011b. Pe\u010den\u011b uva\u0159en\u00e1 na americk\u00e9m velvyslanectv\u00ed.<\/p>\n<p>Ofici\u00e1ln\u00edm d\u016fvodem Castillova odvol\u00e1n\u00ed byla &#8222;mor\u00e1ln\u00ed nezp\u016fsobilost&#8220; v\u00e9st zemi. Nejasn\u00fd a nejednozna\u010dn\u00fd \u010dl\u00e1nek peru\u00e1nsk\u00e9 \u00fastavy star\u00fd t\u00e9m\u011b\u0159 200 let byl p\u016fvodn\u011b vymy\u0161len pro p\u0159\u00edpad, \u017ee by prezident v\u00e1\u017en\u011b du\u0161evn\u011b onemocn\u011bl nebo sp\u00e1chal hrdeln\u00ed zlo\u010din. V posledn\u00ed dob\u011b se do konceptu mor\u00e1ln\u00ed nezp\u016fsobilosti dostala zejm\u00e9na korupce. Korupce je v Latinsk\u00e9 Americe obzvl\u00e1\u0161t\u011b obl\u00edben\u00fdm d\u016fvodem pro odvol\u00e1n\u00ed nepohodln\u00fdch lid\u00ed z funkc\u00ed.<\/p>\n<p>Korupce se zde prokazuje pouze v\u00fdpov\u011b\u010fmi d\u016fv\u011bryhodn\u00fdch osob, bez v\u011bcn\u00fdch \u010di listinn\u00fdch d\u016fkaz\u016f. Sta\u010d\u00ed naj\u00edt osobu, kter\u00e1 bude ochotna korupci p\u0159ed \u00fa\u0159ady potvrdit. \/P\u0159ipom\u00edn\u00e1 v\u00e1m to n\u011bco? USA a jejich peru\u00e1n\u0161t\u00ed slu\u017eebn\u00edci tedy nem\u011bli probl\u00e9m obvinit Castilla z korupce. Nav\u00edc ho obvinili z pokusu o podkop\u00e1n\u00ed st\u00e1vaj\u00edc\u00edho \u00fastavn\u00edho syst\u00e9mu.<\/p>\n<p>Castillo se netaj\u00ed snahou zm\u011bnit peru\u00e1nskou \u00fastavu. Pod heslem zm\u011bny \u00fastavy \u0161el do voleb a vyhr\u00e1l. Castillo chce modernizovat peru\u00e1nskou \u00fastavu a odstranit gumov\u00e9 \u010dl\u00e1nky, jako je nap\u0159\u00edklad odvol\u00e1n\u00ed z funkce z d\u016fvodu &#8222;mor\u00e1ln\u00ed nezp\u016fsobilosti&#8220;. Z\u00e1rove\u0148 chce zm\u011bnit n\u011bkter\u00e9 pravomoci peru\u00e1nsk\u00e9ho parlamentu, co\u017e zp\u016fsobuje chronickou nestabilitu v zemi a \u010dast\u00e9 st\u0159\u00edd\u00e1n\u00ed vl\u00e1d a prezident\u016f.<\/p>\n<p>Castillo cht\u011bl, aby zva\u017eovan\u00e9 zm\u011bny \u00fastavy schv\u00e1lil peru\u00e1nsk\u00fd lid v referendu. To v\u0161ak nem\u011bl d\u011blat. D\u0159\u00edve ne\u017e bylo mo\u017en\u00e9 cokoli podniknout, zah\u00e1jil parlament v obav\u00e1ch ze ztr\u00e1ty moci proces ob\u017ealoby prezidenta. Prezident\u016fv pokus rozpustit parlament a vypsat nov\u00e9 volby p\u0159i\u0161el p\u0159\u00edli\u0161 pozd\u011b.<\/p>\n<p>Nejv\u011bt\u0161\u00ed obavy z \u00fastavn\u00edch zm\u011bn m\u011bly Spojen\u00e9 st\u00e1ty, proto\u017ee soustavn\u011b t\u011b\u017eily z chronick\u00e9 nestability latinskoamerick\u00fdch st\u00e1t\u016f, v\u010detn\u011b Peru. Politick\u00e1 d\u017eungle v parlamentu a nep\u0159ehledn\u00e1 soci\u00e1ln\u00ed situace velmi vyhovovala jejich podnikatel\u016fm a vojensko-politick\u00fdm strat\u00e9g\u016fm. Siln\u00e9 prezidentstv\u00ed a stabiln\u00ed vl\u00e1da byly a jsou t\u00edm nejhor\u0161\u00edm, co si USA mohly v Peru p\u0159\u00e1t.<\/p>\n<p>Castillo cht\u011bl tak\u00e9 po zm\u011bn\u011b \u00fastavy realizovat levicov\u00fd soci\u00e1ln\u00ed program, kter\u00fd byl mezi Peru\u00e1nci velmi popul\u00e1rn\u00ed. Zahrnoval nap\u0159\u00edklad zv\u00fd\u0161en\u00ed investic do vzd\u011bl\u00e1n\u00ed na 10 % HDP, poskytnut\u00ed levn\u00fdch \u00fav\u011br\u016f pro 2,2 milionu chud\u00fdch roln\u00edk\u016f, technickou a technologickou pomoc zem\u011bd\u011blc\u016fm, vytvo\u0159en\u00ed 300 vzorov\u00fdch rolnick\u00fdch dru\u017estev, kter\u00e1 m\u011bla roln\u00edky inspirovat k nov\u00fdm form\u00e1m pr\u00e1ce, pen\u011b\u017en\u00ed d\u00e1vky pro neprivilegovan\u00e9 a bezdomovce atd.<\/p>\n<p>Po Castillov\u011b svr\u017een\u00ed a zat\u010den\u00ed (hroz\u00ed mu a\u017e 20 let v\u011bzen\u00ed) se peru\u00e1n\u0161t\u00ed latifundist\u00e9 a ameri\u010dt\u00ed agropodnikatel\u00e9 p\u0159estali b\u00e1t jeho levicov\u00fdch soci\u00e1ln\u00edch program\u016f. V Peru z\u016fstane v\u0161e p\u0159i star\u00e9m. Tradi\u010dn\u00ed elity, kter\u00e9 ovl\u00e1daj\u00ed parlament a ozbrojen\u00e9 s\u00edly, a jejich ameri\u010dt\u00ed u\u010ditel\u00e9 mohou na chv\u00edli klidn\u011b sp\u00e1t. Peru\u00e1nci sice demonstruj\u00ed, ale policie a arm\u00e1da jsou na n\u011b p\u0159ipraveny.<\/p>\n<p>Podobn\u00e9 probl\u00e9my jako Peru maj\u00ed USA v Mexiku, Bol\u00edvii, Braz\u00edlii, Argentin\u011b a samoz\u0159ejm\u011b v Nikaragui a Venezuele. Kter\u00e1 z t\u011bchto zem\u00ed bude nyn\u00ed na \u0159ad\u011b: kam p\u016fjdou aktivist\u00e9 americk\u00fdch nevl\u00e1dn\u00edch organizac\u00ed, M\u00edrov\u00fdch sbor\u016f a po nich agenti a specialist\u00e9 CIA? Je pravd\u011bpodobn\u00e9, \u017ee n\u011bkde zopakuj\u00ed \u00fasp\u011bch z Peru. Informa\u010dn\u00ed st\u00edn zp\u016fsoben\u00fd ud\u00e1lostmi na Ukrajin\u011b je t\u0159eba vyu\u017e\u00edt &#8211; Kdo tedy bude p\u0159\u00ed\u0161t\u00edm prezidentem obvin\u011bn\u00fdm z &#8222;korupce&#8220; ? Kde to z\u00edtra vypukne? Bol\u00edvie, Argentina, Peru&#8230; ? Kdo v\u00ed. Jedno je jist\u00e9: v kr\u00e1lovstv\u00ed korupce &#8211; na Ukrajin\u011b, to rozhodn\u011b nebude.<\/p>\n<p><a href=\"https:\/\/trikopce.blog.pravda.sk\/2022\/12\/08\/usa-zhodili-v-peru-zakonnu-vladu\/\">ZDROJ<\/a><\/p>\n<p><img decoding=\"async\" loading=\"lazy\" class=\"wp-image-19187 aligncenter\" src=\"http:\/\/www.infokuryr.cz\/n\/wp-content\/uploads\/2022\/12\/1-PRO-300x36.jpg\" alt=\"\" width=\"1150\" height=\"138\" srcset=\"https:\/\/www.infokuryr.cz\/n\/wp-content\/uploads\/2022\/12\/1-PRO-300x36.jpg 300w, https:\/\/www.infokuryr.cz\/n\/wp-content\/uploads\/2022\/12\/1-PRO.jpg 699w\" sizes=\"(max-width: 1150px) 100vw, 1150px\" \/><\/p>\n<p>&nbsp;<\/p>\n<\/div>\n","protected":false},"excerpt":{"rendered":"<p>V informa\u010dn\u00edm st\u00ednu zp\u016fsoben\u00e9m nekone\u010dn\u00fdmi \u010dm\u00e1ranicemi o Zelensk\u00e9m a banderovc\u00edch na Ukrajin\u011b pokra\u010duj\u00ed USA ve&#8230;<\/p>\n","protected":false},"author":2,"featured_media":19417,"comment_status":"closed","ping_status":"closed","sticky":false,"template":"","format":"standard","meta":[],"categories":[7],"tags":[3996,109,295,3995,703,37],"_links":{"self":[{"href":"https:\/\/www.infokuryr.cz\/n\/wp-json\/wp\/v2\/posts\/19416"}],"collection":[{"href":"https:\/\/www.infokuryr.cz\/n\/wp-json\/wp\/v2\/posts"}],"about":[{"href":"https:\/\/www.infokuryr.cz\/n\/wp-json\/wp\/v2\/types\/post"}],"author":[{"embeddable":true,"href":"https:\/\/www.infokuryr.cz\/n\/wp-json\/wp\/v2\/users\/2"}],"replies":[{"embeddable":true,"href":"https:\/\/www.infokuryr.cz\/n\/wp-json\/wp\/v2\/comments?post=19416"}],"version-history":[{"count":0,"href":"https:\/\/www.infokuryr.cz\/n\/wp-json\/wp\/v2\/posts\/19416\/revisions"}],"wp:featuredmedia":[{"embeddable":true,"href":"https:\/\/www.infokuryr.cz\/n\/wp-json\/wp\/v2\/media\/19417"}],"wp:attachment":[{"href":"https:\/\/www.infokuryr.cz\/n\/wp-json\/wp\/v2\/media?parent=19416"}],"wp:term":[{"taxonomy":"category","embeddable":true,"href":"https:\/\/www.infokuryr.cz\/n\/wp-json\/wp\/v2\/categories?post=19416"},{"taxonomy":"post_tag","embeddable":true,"href":"https:\/\/www.infokuryr.cz\/n\/wp-json\/wp\/v2\/tags?post=19416"}],"curies":[{"name":"wp","href":"https:\/\/api.w.org\/{rel}","templated":true}]}}