{"id":19415,"date":"2022-12-09T07:11:55","date_gmt":"2022-12-09T06:11:55","guid":{"rendered":"http:\/\/www.infokuryr.cz\/n\/?p=19415"},"modified":"2022-12-09T07:11:55","modified_gmt":"2022-12-09T06:11:55","slug":"jiri-paroubek-zkrachovala-vysoka-skola-v-kutne-hore","status":"publish","type":"post","link":"https:\/\/www.infokuryr.cz\/n\/2022\/12\/09\/jiri-paroubek-zkrachovala-vysoka-skola-v-kutne-hore\/","title":{"rendered":"Ji\u0159\u00ed Paroubek: Zkrachovala vysok\u00e1 \u0161kola v Kutn\u00e9 Ho\u0159e"},"content":{"rendered":"<div id=\"fb-root\"><\/div>\n<p><strong>Alespo\u0148 takovou zpr\u00e1vu p\u0159inesl server \u010cesk\u00e9 televize: \u201eVysok\u00e1 \u0161kola v Kutn\u00e9 Ho\u0159e kv\u016fli dluh\u016fm zav\u0159ela\u201c.<\/strong><\/p>\n<p>Vysok\u00e1 \u0161kola politick\u00fdch a spole\u010densk\u00fdch v\u011bd v Kutn\u00e9 Ho\u0159e se dostala do z\u00e1va\u017en\u00fdch existen\u010dn\u00edch probl\u00e9m\u016f. N\u00e1rodn\u00ed akredita\u010dn\u00ed \u00fa\u0159ad pro vysok\u00e9 \u0161koly j\u00ed odebral akreditaci a \u0161kola je uzav\u0159ena. Tato vysok\u00e1 \u0161kola se specializac\u00ed na politick\u00e9 v\u011bdy vznikla p\u0159ed devaten\u00e1cti lety. Nejprve m\u011bla s\u00eddlo v Kol\u00edn\u011b a v roce 2015 se p\u0159est\u011bhovala do Kutn\u00e9 Hory.<\/p>\n<p>T\u00edmto konstatov\u00e1n\u00edm \u010cesk\u00e1 televize tak\u00e9 sv\u00e9 ozn\u00e1men\u00ed ukon\u010dila.<\/p>\n<p>Konec jedn\u00e9 vysok\u00e9 \u0161koly je sice smutnou zpr\u00e1vou, ale<strong> mnohem zaj\u00edmav\u011bj\u0161\u00ed je, kdo sed\u00ed v hlavn\u00ed instituci, v akademick\u00e9 rad\u011b t\u00e9to vysok\u00e9 \u0161koly, kter\u00e1 \u0159\u00edd\u00ed v\u011bdeckou a v\u00fdzkumnou \u010dinnost.<\/strong><\/p>\n<p>Instituce schvaluje kl\u00ed\u010dov\u00e9 dokumenty a dohl\u00ed\u017e\u00ed nad \u0159\u00e1dn\u00fdm akademick\u00fdm rozvojem \u0161koly. Sou\u010dasn\u011b je poradn\u00edm org\u00e1nem rektora, kter\u00fd \u010dleny akademick\u00e9 rady po p\u0159edchoz\u00edm souhlasu akademick\u00e9ho sen\u00e1tu jmenuje. Tito lid\u00e9 se pochopiteln\u011b tak\u00e9 v\u011bt\u0161\u00ed nebo men\u0161\u00ed m\u011brou na krachu teto vysok\u00e9 \u0161koly tak\u00e9 pod\u00edleli. <strong>Pro zaj\u00edmavost uvedu n\u011bkter\u00e9 z nich: prof. PhDr. Petr Fiala, PhD., d\u00e1le Mgr. et Bc. V\u00edt Raku\u0161an a kone\u010dn\u011b opora \u010desk\u00e9 v\u011bdy a v\u00fdzkumu, dal\u0161\u00ed \u010dlenka vl\u00e1dy, Helena Lang\u0161\u00e1dlov\u00e1. Ta je sou\u010dasn\u011b absolventkou t\u00e9to vysok\u00e9 \u0161koly, kter\u00e1 tedy se za asistence t\u0159\u00ed \u010dlen\u016f vl\u00e1dy v\u010detn\u011b premi\u00e9ra a vicepremi\u00e9ra polo\u017eila na lopatky.<\/strong><\/p>\n<p>A takhle prob\u00edh\u00e1 v\u0161echno, na co sou\u010dasn\u00ed vl\u00e1dn\u00ed \u010dinitel\u00e9 s\u00e1hnou. Bohu\u017eel ve v\u011bt\u0161\u00edm rozsahu a m\u00edsto milion\u016f jsou ve h\u0159e stovky miliard.<\/p>\n<p>A je\u0161t\u011b to ukazuje druh\u00fd rys cel\u00e9 z\u00e1le\u017eitosti, tak\u00e9 typicky pro sou\u010dasnou spole\u010denskou situaci v na\u0161\u00ed zemi, \u017ee m\u00e9dia, v\u010detn\u011b ve\u0159ejnopr\u00e1vn\u00edch, informuj\u00ed o cel\u00e9 v\u011bci tak n\u011bjak nap\u016fl. Vyhnou se smutn\u00e9mu konstatov\u00e1n\u00ed, \u017ee v akademick\u00e9 rad\u011b t\u00e9to vysok\u00e9 \u0161koly byli a\u017e dokonce t\u0159i \u010dlenov\u00e9 vl\u00e1dy. Vl\u00e1dy, kter\u00e1 tak r\u00e1da mluv\u00ed o rozvoji vzd\u011bl\u00e1n\u00ed a pokroku v oblasti \u0161kolstv\u00ed. Te\u010f to p\u0159edvedli v praxi. St\u00e1t se to ve Velk\u00e9 Brit\u00e1nii, byla by to potrava pro bulv\u00e1rn\u00ed i seri\u00f3zn\u00ed m\u00e9dia aspo\u0148 na t\u00fdden.<\/p>\n<p><a href=\"http:\/\/vasevec.parlamentnilisty.cz\/domaci-politika\/zkrachovala-vysoka-skola-v-kutne-hore\">Ji\u0159\u00ed Paroubek<\/a><\/p>\n<p><img decoding=\"async\" loading=\"lazy\" class=\"alignnone size-medium wp-image-2342\" src=\"http:\/\/www.infokuryr.cz\/n\/wp-content\/uploads\/2021\/06\/paroubek-300x208.jpg\" alt=\"\" width=\"300\" height=\"208\" srcset=\"https:\/\/www.infokuryr.cz\/n\/wp-content\/uploads\/2021\/06\/paroubek-300x208.jpg 300w, https:\/\/www.infokuryr.cz\/n\/wp-content\/uploads\/2021\/06\/paroubek.jpg 318w\" sizes=\"(max-width: 300px) 100vw, 300px\" \/><\/p>\n<p>______________________________________<\/p>\n<p><img decoding=\"async\" loading=\"lazy\" class=\"wp-image-19187 aligncenter\" src=\"http:\/\/www.infokuryr.cz\/n\/wp-content\/uploads\/2022\/12\/1-PRO-300x36.jpg\" alt=\"\" width=\"1175\" height=\"141\" srcset=\"https:\/\/www.infokuryr.cz\/n\/wp-content\/uploads\/2022\/12\/1-PRO-300x36.jpg 300w, https:\/\/www.infokuryr.cz\/n\/wp-content\/uploads\/2022\/12\/1-PRO.jpg 699w\" sizes=\"(max-width: 1175px) 100vw, 1175px\" \/><\/p>\n<p>&nbsp;<\/p>\n","protected":false},"excerpt":{"rendered":"<p>Alespo\u0148 takovou zpr\u00e1vu p\u0159inesl server \u010cesk\u00e9 televize: \u201eVysok\u00e1 \u0161kola v Kutn\u00e9 Ho\u0159e kv\u016fli dluh\u016fm zav\u0159ela\u201c&#8230;.<\/p>\n","protected":false},"author":2,"featured_media":706,"comment_status":"closed","ping_status":"closed","sticky":false,"template":"","format":"standard","meta":[],"categories":[6],"tags":[2888,535,1032,3994],"_links":{"self":[{"href":"https:\/\/www.infokuryr.cz\/n\/wp-json\/wp\/v2\/posts\/19415"}],"collection":[{"href":"https:\/\/www.infokuryr.cz\/n\/wp-json\/wp\/v2\/posts"}],"about":[{"href":"https:\/\/www.infokuryr.cz\/n\/wp-json\/wp\/v2\/types\/post"}],"author":[{"embeddable":true,"href":"https:\/\/www.infokuryr.cz\/n\/wp-json\/wp\/v2\/users\/2"}],"replies":[{"embeddable":true,"href":"https:\/\/www.infokuryr.cz\/n\/wp-json\/wp\/v2\/comments?post=19415"}],"version-history":[{"count":0,"href":"https:\/\/www.infokuryr.cz\/n\/wp-json\/wp\/v2\/posts\/19415\/revisions"}],"wp:featuredmedia":[{"embeddable":true,"href":"https:\/\/www.infokuryr.cz\/n\/wp-json\/wp\/v2\/media\/706"}],"wp:attachment":[{"href":"https:\/\/www.infokuryr.cz\/n\/wp-json\/wp\/v2\/media?parent=19415"}],"wp:term":[{"taxonomy":"category","embeddable":true,"href":"https:\/\/www.infokuryr.cz\/n\/wp-json\/wp\/v2\/categories?post=19415"},{"taxonomy":"post_tag","embeddable":true,"href":"https:\/\/www.infokuryr.cz\/n\/wp-json\/wp\/v2\/tags?post=19415"}],"curies":[{"name":"wp","href":"https:\/\/api.w.org\/{rel}","templated":true}]}}