{"id":19412,"date":"2022-12-09T07:02:07","date_gmt":"2022-12-09T06:02:07","guid":{"rendered":"http:\/\/www.infokuryr.cz\/n\/?p=19412"},"modified":"2022-12-09T07:02:07","modified_gmt":"2022-12-09T06:02:07","slug":"udajny-pokus-o-prevrat-v-nemecku-je-rezimni-provokace-a-pr-divadlo","status":"publish","type":"post","link":"https:\/\/www.infokuryr.cz\/n\/2022\/12\/09\/udajny-pokus-o-prevrat-v-nemecku-je-rezimni-provokace-a-pr-divadlo\/","title":{"rendered":"\u00dadajn\u00fd pokus o p\u0159evrat v N\u011bmecku je re\u017eimn\u00ed provokace a PR divadlo"},"content":{"rendered":"<div id=\"fb-root\"><\/div>\n<h2 class=\"entry-title\">Zat\u00fdk\u00e1n\u00ed prob\u011bhlo za asistence televizn\u00edch \u0161t\u00e1b\u016f a media v\u011bd\u011bla o z\u00e1sahu dop\u0159edu. Kdy zah\u00e1j\u00ed fyzick\u00fd teror proti opozici \u201eukrajinsk\u00e1\u201c vl\u00e1da P. Fialy? Pou\u017eije k tomu ukrajinskou arm\u00e1du?<\/h2>\n<p><strong>St\u0159ede\u010dn\u00ed z\u00e1sah 3000 n\u011bmeck\u00fdch policist\u016f proti \u00fadajn\u00fdm p\u0159ipravovatel\u016f \u201eprotidemokratick\u00e9ho spiknut\u00ed\u201c za\u010d\u00edn\u00e1 nab\u00fdvat v\u0161echny znaky pl\u00e1novan\u00e9 re\u017eimn\u00ed provokace a PR akce.<\/strong><\/p>\n<p>V\u00fdsledkem rozs\u00e1hl\u00e9ho zat\u010den\u00ed toti\u017e bylo zadr\u017een\u00ed 25 osoby z nich\u017e v\u011bt\u0161ina jsou bezv\u00fdznamn\u00ed d\u016fchodci a jedn\u00e1 b\u00fdval\u00e1 poslankyn\u011b opozi\u010dn\u00ed AfD.\u00a0<strong>D\u011bsiv\u00e1 je skute\u010dnost, \u017ee zat\u00fdk\u00e1n\u00ed prob\u011bhlo p\u0159\u00edmo za asistence televizn\u00edch \u0161t\u00e1b\u016f, kdy v\u0161echny hlavn\u00ed establishmentov\u00e1 media v\u011bd\u011bla o z\u00e1sahu dop\u0159edu a to podle v\u0161eho na p\u0159\u00edm\u00fd pokyn z ministerstva vnitra, kter\u00e9 vede soci\u00e1ln\u00ed demokratka N. Feaserov\u00e1.<\/strong> Tak tajn\u00e1 to byla operace policejn\u00edch slo\u017eek, \u017ee o tom dop\u0159edu v\u011bd\u011bl kdejak\u00fd prore\u017eimn\u00ed pis\u00e1lek.<\/p>\n<p><strong>C\u00edlem je vytvo\u0159it medi\u00e1ln\u00ed pole pro dal\u0161\u00ed represivn\u00ed akce proti opozici. Z\u00e1m\u011brem pravd\u011bpodobn\u011b bude opozici zak\u00e1zat a zak\u00e1zat i opozi\u010dn\u00ed aktivity jako demonstrace apod. Velmi pravd\u011bpodobn\u011b dojde z zat\u010den\u00ed a uv\u011bzn\u011bn\u00ed p\u0159edn\u00edch n\u011bmeck\u00fdch opozi\u010dn\u00edch politik\u016f a opozi\u010dn\u00edch aktivist\u016f<\/strong>\u00a0v\u010detn\u011b t\u011bch, kte\u0159\u00ed odm\u00edtali pochybn\u00e9 o\u010dkov\u00e1n\u00ed experiment\u00e1ln\u00edmi korona vakc\u00ednami. V\u00fdsledek bude dal\u0161\u00ed krok k liber\u00e1ln\u011b demokratick\u00e9 totalit\u011b a n\u00e1sledn\u00e9 pl\u00e1novan\u00e9 islamizaci zem\u011b.<\/p>\n<p><strong>Pro \u010cechy a Slov\u00e1ky to je v\u00e1\u017en\u00fd d\u016fvod k zamy\u0161len\u00ed. Ani N\u011bmecko nen\u00ed suver\u00e9nn\u00ed zem\u00ed a tak se oba n\u00e1rody mus\u00ed p\u0159ipravit na to, \u017ee se jejich protektor\u00e1tn\u00ed vl\u00e1dy pokus\u00ed o n\u011bco podobn\u00e9ho. Noty u\u017e ur\u010dit\u011b dostaly. C\u00edlem re\u017eimu bude neutralizovat spole\u010dnost p\u0159ed propuknut\u00edm masov\u00fdch hnut\u00ed odporu proti chudob\u011b a v\u00e1lce, do kter\u00e9 se chystaj\u00ed zapojit. Skute\u010dn\u00e1 podpora ukrajinsk\u00e9ho re\u017eimu je v \u010cech\u00e1ch a na Slovensku minim\u00e1ln\u00ed a lid\u00e9 necht\u011bj\u00ed n\u00e9st n\u00e1klady a d\u016fsledky \u0161\u00edlen\u00e9 politiky jejich vl\u00e1d.<\/strong><\/p>\n<p>Op\u011bt to vzn\u00e1\u0161\u00ed ot\u00e1zku o\u00a0<strong>p\u0159\u00edtomnosti ukrajinsk\u00fdch \u201evoj\u00e1k\u016f\u201c na \u010desk\u00e9m \u00fazem\u00ed. Za \u00b4\u010delem v\u00fdcviku tu nejsou, to je z\u0159ejm\u00e9. Za \u00fa\u010delem nasazen\u00ed proti civiln\u00edmu obyvatelstvu jako cizineck\u00e1 legie vl\u00e1dy P. Fialy by tu ale b\u00fdt mohly.<\/strong><\/p>\n<p><strong>V \u010dem se vlastn\u011b li\u0161\u00ed liber\u00e1ln\u00ed demokracie od jak\u00e9koliv jin\u00e9 totality?<\/strong><\/p>\n<figure class=\"wp-block-image size-large\"><img decoding=\"async\" loading=\"lazy\" class=\"wp-image-14200\" src=\"https:\/\/ceskavec.com\/wp-content\/uploads\/2022\/12\/image-2-1024x633.png\" sizes=\"(max-width: 1024px) 100vw, 1024px\" srcset=\"https:\/\/ceskavec.com\/wp-content\/uploads\/2022\/12\/image-2-1024x633.png 1024w, https:\/\/ceskavec.com\/wp-content\/uploads\/2022\/12\/image-2-300x185.png 300w, https:\/\/ceskavec.com\/wp-content\/uploads\/2022\/12\/image-2-768x475.png 768w, https:\/\/ceskavec.com\/wp-content\/uploads\/2022\/12\/image-2.png 1378w\" alt=\"\" width=\"550\" height=\"340\" \/><figcaption class=\"wp-element-caption\">\u00dadajn\u00e1 hlava teroristick\u00e9 skupiny (d\u016fchodce 71) je zat\u00fdk\u00e1na za p\u0159\u00edtomnosti televizn\u00edch \u0161t\u00e1b\u016f prore\u017eimn\u00edch medi\u00ed. Divn\u00e9, \u017ee?<\/p>\n<p><a href=\"https:\/\/ceskavec.com\/2022\/12\/udajny-pokus-o-prevrat-v-nemecku-je-rezimni-provokace-a-pr-divadlo-zatykani-probehlo-za-asistence-televiznich-stabu-a-media-vedela-o-zasahu-dopredu-kdy-zahaji-fyzicky-teror-proti-opozici-ukrajinsk\">\u010cesk\u00e1 v\u011bc<\/a><\/figcaption><\/figure>\n<p><img decoding=\"async\" loading=\"lazy\" class=\"wp-image-19187 aligncenter\" src=\"http:\/\/www.infokuryr.cz\/n\/wp-content\/uploads\/2022\/12\/1-PRO-300x36.jpg\" alt=\"\" width=\"1133\" height=\"136\" srcset=\"https:\/\/www.infokuryr.cz\/n\/wp-content\/uploads\/2022\/12\/1-PRO-300x36.jpg 300w, https:\/\/www.infokuryr.cz\/n\/wp-content\/uploads\/2022\/12\/1-PRO.jpg 699w\" sizes=\"(max-width: 1133px) 100vw, 1133px\" \/><\/p>\n<p>&nbsp;<\/p>\n","protected":false},"excerpt":{"rendered":"<p>Zat\u00fdk\u00e1n\u00ed prob\u011bhlo za asistence televizn\u00edch \u0161t\u00e1b\u016f a media v\u011bd\u011bla o z\u00e1sahu dop\u0159edu. Kdy zah\u00e1j\u00ed fyzick\u00fd&#8230;<\/p>\n","protected":false},"author":2,"featured_media":19413,"comment_status":"closed","ping_status":"closed","sticky":false,"template":"","format":"standard","meta":[],"categories":[7],"tags":[1042,84,921],"_links":{"self":[{"href":"https:\/\/www.infokuryr.cz\/n\/wp-json\/wp\/v2\/posts\/19412"}],"collection":[{"href":"https:\/\/www.infokuryr.cz\/n\/wp-json\/wp\/v2\/posts"}],"about":[{"href":"https:\/\/www.infokuryr.cz\/n\/wp-json\/wp\/v2\/types\/post"}],"author":[{"embeddable":true,"href":"https:\/\/www.infokuryr.cz\/n\/wp-json\/wp\/v2\/users\/2"}],"replies":[{"embeddable":true,"href":"https:\/\/www.infokuryr.cz\/n\/wp-json\/wp\/v2\/comments?post=19412"}],"version-history":[{"count":0,"href":"https:\/\/www.infokuryr.cz\/n\/wp-json\/wp\/v2\/posts\/19412\/revisions"}],"wp:featuredmedia":[{"embeddable":true,"href":"https:\/\/www.infokuryr.cz\/n\/wp-json\/wp\/v2\/media\/19413"}],"wp:attachment":[{"href":"https:\/\/www.infokuryr.cz\/n\/wp-json\/wp\/v2\/media?parent=19412"}],"wp:term":[{"taxonomy":"category","embeddable":true,"href":"https:\/\/www.infokuryr.cz\/n\/wp-json\/wp\/v2\/categories?post=19412"},{"taxonomy":"post_tag","embeddable":true,"href":"https:\/\/www.infokuryr.cz\/n\/wp-json\/wp\/v2\/tags?post=19412"}],"curies":[{"name":"wp","href":"https:\/\/api.w.org\/{rel}","templated":true}]}}