{"id":19409,"date":"2022-12-09T01:18:48","date_gmt":"2022-12-09T00:18:48","guid":{"rendered":"http:\/\/www.infokuryr.cz\/n\/?p=19409"},"modified":"2022-12-08T18:11:41","modified_gmt":"2022-12-08T17:11:41","slug":"klicko-v-kyjeve-muze-nastat-apokalypsa-jako-v-hollywoodskych-filmech","status":"publish","type":"post","link":"https:\/\/www.infokuryr.cz\/n\/2022\/12\/09\/klicko-v-kyjeve-muze-nastat-apokalypsa-jako-v-hollywoodskych-filmech\/","title":{"rendered":"Kli\u010dko: V Kyjev\u011b m\u016f\u017ee nastat apokalypsa jako v hollywoodsk\u00fdch filmech"},"content":{"rendered":"<div id=\"fb-root\"><\/div>\n<p><span>Starosta Kyjeva Vitalij Kli\u010dko uvedl, \u017ee ukrajinsk\u00e9 hlavn\u00ed m\u011bsto by tuto zimu mohlo \u010delit sc\u00e9n\u00e1\u0159i soudn\u00e9ho dne, pokud Rusko bude pokra\u010dovat v n\u00e1letech na infrastrukturu.\u00a0Podle\u00a0<\/span><a href=\"https:\/\/ukranews.com\/news\/900377-kiev-mozhet-ostatsya-bez-sveta-otopleniya-vody-kak-v-filmah-pro-apokalipsis-klichko\"><span>Ukrainian News<\/span><\/a><span>\u00a0se starosta domn\u00edv\u00e1, \u017ee pokud se situace zhor\u0161\u00ed, obyvatel\u00e9 Kyjeva by m\u011bli b\u00fdt p\u0159ipraveni k evakuaci.<\/span><\/p>\n<p><span>Kli\u010dko poznamenal, \u017ee v Kyjev\u011b nen\u00ed dostatek vyt\u00e1p\u011bn\u00fdch kryt\u016f pro p\u0159ijet\u00ed v\u0161ech 3,6 milionu obyvatel v p\u0159\u00edpad\u011b \u00fapln\u00e9ho zastaven\u00ed dod\u00e1vek tepla.\u00a0Veden\u00ed m\u011bsta p\u0159ipravilo 500 autonomn\u00edch bod\u016f, ale to je na mnohamilionov\u00e9 m\u011bsto extr\u00e9mn\u011b m\u00e1lo, \u0159ekl starosta.\u00a0Pokud se situace zhor\u0161\u00ed, lid\u00e9 by m\u011bli b\u00fdt p\u0159ipraveni k evakuaci, zd\u016fraznil Kli\u010dko.<\/span><\/p>\n<p><span>\u201eKyjev m\u016f\u017ee p\u0159ij\u00edt o elekt\u0159inu, vodu, teplo.\u00a0M\u016f\u017ee nastat apokalypsa jako v hollywoodsk\u00fdch filmech, kdy se kv\u016fli n\u00edzk\u00fdm teplot\u00e1m ned\u00e1 \u017e\u00edt v domech.\u00a0Pokud bude elekt\u0159ina i nad\u00e1le vypadat a venkovn\u00ed teploty budou n\u00edzk\u00e9, m\u011bsto by mohlo z\u016fstat bez \u00fast\u0159edn\u00edho vyt\u00e1p\u011bn\u00ed a\u017e do jara.\u00a0Vodu z budov budeme bohu\u017eel nuceni vypustit, jinak m\u016f\u017ee voda zamrznout a naru\u0161it celou vodovodn\u00ed s\u00ed\u0165 a budovy budou zcela nevhodn\u00e9 k dal\u0161\u00edmu vyu\u017eit\u00ed,\u201c vysv\u011btlil starosta.<\/span><\/p>\n<p><span>Kli\u010dko vyzval obyvatele ukrajinsk\u00e9 metropole, aby si p\u0159ipravili nouzov\u00e9 z\u00e1soby potravin a vody a tak\u00e9 aby m\u011bli p\u0159ipraven\u00e9 oble\u010den\u00ed a doklady pro rychl\u00fd odchod, pokud dojde k vypnut\u00ed dod\u00e1vky tepla.\u00a0Zd\u016fraznil v\u0161ak, \u017ee evakuace zat\u00edm nen\u00ed nutn\u00e1, proto\u017ee deficit elekt\u0159iny ve m\u011bst\u011b je pouze 20 % a podm\u00ednky z\u016fst\u00e1vaj\u00ed stabiln\u00ed.<\/span><\/p>\n<p><img decoding=\"async\" loading=\"lazy\" class=\"alignnone size-full wp-image-1185\" src=\"http:\/\/www.infokuryr.cz\/n\/wp-content\/uploads\/2021\/04\/kuryr-podpis.png\" alt=\"\" width=\"84\" height=\"24\" \/><\/p>\n<p>&nbsp;<\/p>\n<p><img decoding=\"async\" loading=\"lazy\" class=\"wp-image-19187 aligncenter\" src=\"http:\/\/www.infokuryr.cz\/n\/wp-content\/uploads\/2022\/12\/1-PRO-300x36.jpg\" alt=\"\" width=\"1158\" height=\"139\" srcset=\"https:\/\/www.infokuryr.cz\/n\/wp-content\/uploads\/2022\/12\/1-PRO-300x36.jpg 300w, https:\/\/www.infokuryr.cz\/n\/wp-content\/uploads\/2022\/12\/1-PRO.jpg 699w\" sizes=\"(max-width: 1158px) 100vw, 1158px\" \/><\/p>\n<p>&nbsp;<\/p>\n","protected":false},"excerpt":{"rendered":"<p>Starosta Kyjeva Vitalij Kli\u010dko uvedl, \u017ee ukrajinsk\u00e9 hlavn\u00ed m\u011bsto by tuto zimu mohlo \u010delit sc\u00e9n\u00e1\u0159i&#8230;<\/p>\n","protected":false},"author":2,"featured_media":15303,"comment_status":"closed","ping_status":"closed","sticky":false,"template":"","format":"standard","meta":[],"categories":[7],"tags":[2421,3085,221,26],"_links":{"self":[{"href":"https:\/\/www.infokuryr.cz\/n\/wp-json\/wp\/v2\/posts\/19409"}],"collection":[{"href":"https:\/\/www.infokuryr.cz\/n\/wp-json\/wp\/v2\/posts"}],"about":[{"href":"https:\/\/www.infokuryr.cz\/n\/wp-json\/wp\/v2\/types\/post"}],"author":[{"embeddable":true,"href":"https:\/\/www.infokuryr.cz\/n\/wp-json\/wp\/v2\/users\/2"}],"replies":[{"embeddable":true,"href":"https:\/\/www.infokuryr.cz\/n\/wp-json\/wp\/v2\/comments?post=19409"}],"version-history":[{"count":1,"href":"https:\/\/www.infokuryr.cz\/n\/wp-json\/wp\/v2\/posts\/19409\/revisions"}],"predecessor-version":[{"id":19410,"href":"https:\/\/www.infokuryr.cz\/n\/wp-json\/wp\/v2\/posts\/19409\/revisions\/19410"}],"wp:featuredmedia":[{"embeddable":true,"href":"https:\/\/www.infokuryr.cz\/n\/wp-json\/wp\/v2\/media\/15303"}],"wp:attachment":[{"href":"https:\/\/www.infokuryr.cz\/n\/wp-json\/wp\/v2\/media?parent=19409"}],"wp:term":[{"taxonomy":"category","embeddable":true,"href":"https:\/\/www.infokuryr.cz\/n\/wp-json\/wp\/v2\/categories?post=19409"},{"taxonomy":"post_tag","embeddable":true,"href":"https:\/\/www.infokuryr.cz\/n\/wp-json\/wp\/v2\/tags?post=19409"}],"curies":[{"name":"wp","href":"https:\/\/api.w.org\/{rel}","templated":true}]}}