{"id":19408,"date":"2022-12-09T01:17:06","date_gmt":"2022-12-09T00:17:06","guid":{"rendered":"http:\/\/www.infokuryr.cz\/n\/?p=19408"},"modified":"2022-12-08T18:06:00","modified_gmt":"2022-12-08T17:06:00","slug":"zacharovova-prohlaseni-merkelove-k-minske-dohode-muze-byt-zakladem-pro-tribunal","status":"publish","type":"post","link":"https:\/\/www.infokuryr.cz\/n\/2022\/12\/09\/zacharovova-prohlaseni-merkelove-k-minske-dohode-muze-byt-zakladem-pro-tribunal\/","title":{"rendered":"Zacharovov\u00e1: Prohl\u00e1\u0161en\u00ed Merkelov\u00e9 k Minsk\u00e9 dohod\u011b m\u016f\u017ee b\u00fdt z\u00e1kladem pro tribun\u00e1l"},"content":{"rendered":"<div id=\"fb-root\"><\/div>\n<p><strong>Mluv\u010d\u00ed rusk\u00e9ho ministerstva zahrani\u010d\u00ed komentuje rozhovor Merkelov\u00e9 pro &#8222;Die Zeit&#8220;.\u00a0Zacharovov\u00e1 poznamen\u00e1v\u00e1, \u017ee z\u00e1kladem pro tribun\u00e1l bylo p\u0159izn\u00e1n\u00ed b\u00fdval\u00e9 kancl\u00e9\u0159ky, \u017ee minsk\u00e9 dohody byly u\u017eite\u010dn\u00e9 pouze pro Ukrajinu p\u0159i p\u0159\u00edprav\u011b na v\u00e1lku.<\/strong><\/p>\n<p>Mluv\u010d\u00ed rusk\u00e9ho ministerstva zahrani\u010d\u00ed Maria Zakharov\u00e1 uvedla, \u017ee slova b\u00fdval\u00e9 kancl\u00e9\u0159ky Angely Merkelov\u00e9 v\u00a0<a href=\"https:\/\/www.zeit.de\/zustimmung?url=https%3A%2F%2Fwww.zeit.de%2F2022%2F51%2Fangela-merkel-russland-fluechtlingskrise-bundeskanzler%2Fseite-3\" target=\"_blank\" rel=\"noopener noreferrer\">rozhovoru<\/a>\u00a0pro\u00a0<em>Die Zeit<\/em> , \u017ee Minsk\u00e9 dohody byly podeps\u00e1ny, aby ukrajinsk\u00e1 strana z\u00edskala \u010das, jsou jist\u011b platn\u00e1 pro procesy aby mohl b\u00fdt pou\u017eit r\u00e1mec tribun\u00e1lu. Sd\u011blila:<\/p>\n<p><strong><em>\u201eTo, co Merkelov\u00e1 \u0159ekla ve sv\u00e9m rozhovoru, je sv\u011bdectv\u00ed \u010dlov\u011bka, kter\u00fd p\u0159\u00edmo prohl\u00e1sil, \u017ee v\u0161e, co se d\u011blalo v letech 2014-2015, m\u011blo jedin\u00fd c\u00edl: odv\u00e9st pozornost sv\u011btov\u00e9ho spole\u010denstv\u00ed od skute\u010dn\u00fdch probl\u00e9m\u016f, z\u00edskat \u010das, napumpovat kyjevsk\u00fd re\u017eim zbran\u011bmi a p\u0159\u00edpravy veden\u00ed k velk\u00e9mu konfliktu.&#8220;<\/em><\/strong><\/p>\n<p>Dozn\u00e1n\u00ed n\u011bmeck\u00e9 exkancl\u00e9\u0159ky zn\u00ed podle Zacharovov\u00e9 hrozn\u011b: jako pad\u011bl\u00e1n\u00ed jako zp\u016fsob jedn\u00e1n\u00ed na Z\u00e1pad\u011b \u2013 jako machinace, manipulace, v\u0161emo\u017en\u00e9 p\u0159ekrucov\u00e1n\u00ed pravdy a pr\u00e1va, jak\u00e9 si dok\u00e1\u017eete p\u0159edstavit. Zd\u016fraznila:<\/p>\n<p><strong><em>&#8222;P\u0159edstavitel\u00e9 Z\u00e1padu v\u011bd\u011bli u\u017e tehdy, v roce 2015, kdy mnoho hodin vyjedn\u00e1vali, \u017ee to nikdy nezavedou, ale \u017ee napumpuj\u00ed zbran\u011b do kyjevsk\u00e9ho re\u017eimu. Ani \u017eeny, ani d\u011bti, ani civiln\u00ed obyvatelstvo Donbasu a Ukrajiny obecn\u011b nelitovali. Pot\u0159ebovali konflikt a byli na n\u011bj p\u0159ipraveni u\u017e tehdy, v roce 2015.\u201c<\/em><\/strong><\/p>\n<p>Maria Zacharovov\u00e1 komentovala v\u010dera rozhovor Angely Merkelov\u00e9 na sv\u00e9m televizn\u00edm kan\u00e1lu Telegram. Citovala\u00a0Merkelovou z rozhovoru\u00a0<em>Zeit , ve kter\u00e9m ex-kancl\u00e9\u0159 \u0159ekla, \u017ee \u201e <\/em><a href=\"https:\/\/t.me\/MariaVladimirovnaZakharova\/4288\" target=\"_blank\" rel=\"noopener noreferrer\">minsk\u00e1<\/a>\u00a0dohoda z roku 2014 byla pokusem d\u00e1t Ukrajin\u011b \u010das\u201c.\u00a0Merkelov\u00e1 tak\u00e9 dodala, \u017ee pochybuje, \u017ee zem\u011b NATO mohly tehdy ud\u011blat pro pomoc Ukrajin\u011b tolik jako nyn\u00ed.\u00a0Zacharovov\u00e1 d\u00e1le napsal:<\/p>\n<p><strong><em>&#8222;To znamen\u00e1, \u017ee Berl\u00edn a v d\u016fsledku toho cel\u00fd kolektivn\u00ed Z\u00e1pad nedodr\u017eoval Minsk\u00e9 dohody, p\u0159edst\u00edral dodr\u017eov\u00e1n\u00ed rezoluce Rady bezpe\u010dnosti, ale m\u00edsto toho ve skute\u010dnosti pumpoval kyjevsk\u00fd re\u017eim zbran\u011bmi. Z\u00e1pad ignoroval v\u0161echny zlo\u010diny Kyjevsk\u00e9ho re\u017eimu na Donbasu a na Ukrajin\u011b ve jm\u00e9nu rozhoduj\u00edc\u00edho \u00faderu proti Rusku.&#8220;<\/em><\/strong><\/p>\n<p>V\u00a0<a href=\"https:\/\/www.zeit.de\/2022\/51\/angela-merkel-russland-fluechtlingskrise-bundeskanzler\/seite-3\" target=\"_blank\" rel=\"noopener noreferrer\">rozhovoru<\/a>\u00a0pro noviny\u00a0<em>Die Zeit<\/em>\u00a0, zve\u0159ejn\u011bn\u00e9m 7. prosince tohoto roku, Merkelov\u00e1 doslovn\u011b \u0159ekla:<\/p>\n<p><strong><em>&#8222;Dohoda z Minsku z roku 2014 byla pokusem d\u00e1t Ukrajin\u011b \u010das&#8230; V\u0161em n\u00e1m bylo jasn\u00e9, \u017ee jde o zmrazen\u00fd konflikt, \u017ee probl\u00e9m nen\u00ed vy\u0159e\u0161en, ale pr\u00e1v\u011b to dalo Ukrajin\u011b cenn\u00fd \u010das.&#8220;<\/em><\/strong><\/p>\n<p><img decoding=\"async\" loading=\"lazy\" class=\"alignnone size-full wp-image-1185\" src=\"http:\/\/www.infokuryr.cz\/n\/wp-content\/uploads\/2021\/04\/kuryr-podpis.png\" alt=\"\" width=\"84\" height=\"24\" \/><\/p>\n<p>&nbsp;<\/p>\n<p><img decoding=\"async\" loading=\"lazy\" class=\"wp-image-19187 aligncenter\" src=\"http:\/\/www.infokuryr.cz\/n\/wp-content\/uploads\/2022\/12\/1-PRO-300x36.jpg\" alt=\"\" width=\"1150\" height=\"138\" srcset=\"https:\/\/www.infokuryr.cz\/n\/wp-content\/uploads\/2022\/12\/1-PRO-300x36.jpg 300w, https:\/\/www.infokuryr.cz\/n\/wp-content\/uploads\/2022\/12\/1-PRO.jpg 699w\" sizes=\"(max-width: 1150px) 100vw, 1150px\" \/><\/p>\n<p>&nbsp;<\/p>\n","protected":false},"excerpt":{"rendered":"<p>Mluv\u010d\u00ed rusk\u00e9ho ministerstva zahrani\u010d\u00ed komentuje rozhovor Merkelov\u00e9 pro &#8222;Die Zeit&#8220;.\u00a0Zacharovov\u00e1 poznamen\u00e1v\u00e1, \u017ee z\u00e1kladem pro tribun\u00e1l&#8230;<\/p>\n","protected":false},"author":2,"featured_media":13485,"comment_status":"closed","ping_status":"closed","sticky":false,"template":"","format":"standard","meta":[],"categories":[7],"tags":[505,3992,1883,811,2480],"_links":{"self":[{"href":"https:\/\/www.infokuryr.cz\/n\/wp-json\/wp\/v2\/posts\/19408"}],"collection":[{"href":"https:\/\/www.infokuryr.cz\/n\/wp-json\/wp\/v2\/posts"}],"about":[{"href":"https:\/\/www.infokuryr.cz\/n\/wp-json\/wp\/v2\/types\/post"}],"author":[{"embeddable":true,"href":"https:\/\/www.infokuryr.cz\/n\/wp-json\/wp\/v2\/users\/2"}],"replies":[{"embeddable":true,"href":"https:\/\/www.infokuryr.cz\/n\/wp-json\/wp\/v2\/comments?post=19408"}],"version-history":[{"count":0,"href":"https:\/\/www.infokuryr.cz\/n\/wp-json\/wp\/v2\/posts\/19408\/revisions"}],"wp:featuredmedia":[{"embeddable":true,"href":"https:\/\/www.infokuryr.cz\/n\/wp-json\/wp\/v2\/media\/13485"}],"wp:attachment":[{"href":"https:\/\/www.infokuryr.cz\/n\/wp-json\/wp\/v2\/media?parent=19408"}],"wp:term":[{"taxonomy":"category","embeddable":true,"href":"https:\/\/www.infokuryr.cz\/n\/wp-json\/wp\/v2\/categories?post=19408"},{"taxonomy":"post_tag","embeddable":true,"href":"https:\/\/www.infokuryr.cz\/n\/wp-json\/wp\/v2\/tags?post=19408"}],"curies":[{"name":"wp","href":"https:\/\/api.w.org\/{rel}","templated":true}]}}