{"id":19396,"date":"2022-12-09T01:10:04","date_gmt":"2022-12-09T00:10:04","guid":{"rendered":"http:\/\/www.infokuryr.cz\/n\/?p=19396"},"modified":"2022-12-08T17:25:24","modified_gmt":"2022-12-08T16:25:24","slug":"aby-bylo-jasno-dulezite-informace-k-volbe-prezidenta","status":"publish","type":"post","link":"https:\/\/www.infokuryr.cz\/n\/2022\/12\/09\/aby-bylo-jasno-dulezite-informace-k-volbe-prezidenta\/","title":{"rendered":"Aby bylo jasno &#8211; d\u016fle\u017eit\u00e9 informace k volb\u011b prezidenta&#8230;"},"content":{"rendered":"<div id=\"fb-root\"><\/div>\n<p><span style=\"font-size: 18pt;\"><strong>Pevn\u00fd charakter gener\u00e1la Pavla skute\u010dn\u011b odpov\u00edd\u00e1 zvolen\u00ed do funkce prezidenta republiky. Posu\u010fte sami.<\/strong><\/span><\/p>\n<p><strong>V\u00edte, \u017ee gener\u00e1l Pavel studoval cel\u00fd zpravodajsk\u00fd kurs pod p\u0159\u00edm\u00fdm velen\u00edm z Moskvy? V\u00edte, \u017ee na zpravodajsk\u00e9 spr\u00e1v\u011b, kde studoval, se z\u00edsk\u00e1valy informace neleg\u00e1ln\u00ed cestou, a \u017ee byla prov\u00e1z\u00e1na se sov\u011btskou vojenskou rozv\u011bdkou GRU? A v\u00edte, \u017ee toto v\u0161echno skon\u010dilo a\u017e roce 1991, kdy Petr Pavel kon\u010dil sv\u00e1 studia? Co mysl\u00edte? Byl komunistick\u00fdm zpravodajcem, co\u017e odm\u00edt\u00e1, nebo se stal demokratick\u00fdm zpravodajcem, jak o sob\u011b prohla\u0161uje? Poj\u010fme na to.<\/strong><\/p>\n<p>&nbsp;<\/p>\n<p><iframe loading=\"lazy\" title=\"Sv\u011bdectv\u00ed gener\u00e1l\u016f: arm\u00e1da, kde P. Pavel studoval, pln\u011b podl\u00e9hala Moskv\u011b. Do 30. 6. 1991. A GRU?\" width=\"640\" height=\"360\" src=\"https:\/\/www.youtube.com\/embed\/9SkvD2r6dq4?feature=oembed\" frameborder=\"0\" allow=\"accelerometer; autoplay; clipboard-write; encrypted-media; gyroscope; picture-in-picture\" allowfullscreen><\/iframe><\/p>\n<p>&nbsp;<\/p>\n<p><iframe loading=\"lazy\" title=\"\u010c\u00ed byl konspira\u010dn\u00ed byt, ve kter\u00e9m bydlel P. Pavel? Jak\u00e9 byly fale\u0161n\u00e9 doklady? Co studoval? A Havel..\" width=\"640\" height=\"360\" src=\"https:\/\/www.youtube.com\/embed\/Bufg51pzx5k?feature=oembed\" frameborder=\"0\" allow=\"accelerometer; autoplay; clipboard-write; encrypted-media; gyroscope; picture-in-picture\" allowfullscreen><\/iframe><\/p>\n<p>V\u0161echna videa, rozhovory a podcasty na jednom m\u00edst\u011b: <a href=\"http:\/\/www.abybylojasno.cz\">www.abybylojasno.cz<\/a><\/p>\n<p><img decoding=\"async\" loading=\"lazy\" class=\"wp-image-19187 aligncenter\" src=\"http:\/\/www.infokuryr.cz\/n\/wp-content\/uploads\/2022\/12\/1-PRO-300x36.jpg\" alt=\"\" width=\"1158\" height=\"139\" srcset=\"https:\/\/www.infokuryr.cz\/n\/wp-content\/uploads\/2022\/12\/1-PRO-300x36.jpg 300w, https:\/\/www.infokuryr.cz\/n\/wp-content\/uploads\/2022\/12\/1-PRO.jpg 699w\" sizes=\"(max-width: 1158px) 100vw, 1158px\" \/><\/p>\n<p>&nbsp;<\/p>\n","protected":false},"excerpt":{"rendered":"<p>Pevn\u00fd charakter gener\u00e1la Pavla skute\u010dn\u011b odpov\u00edd\u00e1 zvolen\u00ed do funkce prezidenta republiky. Posu\u010fte sami. V\u00edte, \u017ee&#8230;<\/p>\n","protected":false},"author":2,"featured_media":11998,"comment_status":"closed","ping_status":"closed","sticky":false,"template":"","format":"standard","meta":[],"categories":[6],"tags":[562,3657,3989,1173,165,27],"_links":{"self":[{"href":"https:\/\/www.infokuryr.cz\/n\/wp-json\/wp\/v2\/posts\/19396"}],"collection":[{"href":"https:\/\/www.infokuryr.cz\/n\/wp-json\/wp\/v2\/posts"}],"about":[{"href":"https:\/\/www.infokuryr.cz\/n\/wp-json\/wp\/v2\/types\/post"}],"author":[{"embeddable":true,"href":"https:\/\/www.infokuryr.cz\/n\/wp-json\/wp\/v2\/users\/2"}],"replies":[{"embeddable":true,"href":"https:\/\/www.infokuryr.cz\/n\/wp-json\/wp\/v2\/comments?post=19396"}],"version-history":[{"count":0,"href":"https:\/\/www.infokuryr.cz\/n\/wp-json\/wp\/v2\/posts\/19396\/revisions"}],"wp:featuredmedia":[{"embeddable":true,"href":"https:\/\/www.infokuryr.cz\/n\/wp-json\/wp\/v2\/media\/11998"}],"wp:attachment":[{"href":"https:\/\/www.infokuryr.cz\/n\/wp-json\/wp\/v2\/media?parent=19396"}],"wp:term":[{"taxonomy":"category","embeddable":true,"href":"https:\/\/www.infokuryr.cz\/n\/wp-json\/wp\/v2\/categories?post=19396"},{"taxonomy":"post_tag","embeddable":true,"href":"https:\/\/www.infokuryr.cz\/n\/wp-json\/wp\/v2\/tags?post=19396"}],"curies":[{"name":"wp","href":"https:\/\/api.w.org\/{rel}","templated":true}]}}