{"id":19391,"date":"2022-12-09T01:06:45","date_gmt":"2022-12-09T00:06:45","guid":{"rendered":"http:\/\/www.infokuryr.cz\/n\/?p=19391"},"modified":"2022-12-08T16:54:19","modified_gmt":"2022-12-08T15:54:19","slug":"podle-nejvyssiho-soudu-eu-musi-google-odstranit-zjevne-nespravna-data","status":"publish","type":"post","link":"https:\/\/www.infokuryr.cz\/n\/2022\/12\/09\/podle-nejvyssiho-soudu-eu-musi-google-odstranit-zjevne-nespravna-data\/","title":{"rendered":"Podle nejvy\u0161\u0161\u00edho soudu EU mus\u00ed Google odstranit \u201ezjevn\u011b nespr\u00e1vn\u00e1\u201c data"},"content":{"rendered":"<div id=\"fb-root\"><\/div>\n<div class=\"elementor-element elementor-element-1fb4c2c elementor-widget elementor-widget-theme-post-content\" data-id=\"1fb4c2c\" data-element_type=\"widget\" data-widget_type=\"theme-post-content.default\">\n<div class=\"elementor-widget-container\">\n<p><span>LUCEMBURSKO, 8. prosince (\u00a0<\/span><a href=\"https:\/\/uncutnews.ch\/?page_id=385835\" target=\"_blank\" rel=\"noreferrer noopener\" data-type=\"page\" data-id=\"385835\"><span>Reuters<\/span><\/a><span>\u00a0) &#8211; Skupina Alphabet Google mus\u00ed odstranit data z v\u00fdsledk\u016f online vyhled\u00e1v\u00e1n\u00ed, pokud u\u017eivatel\u00e9 prok\u00e1\u017e\u00ed, \u017ee se m\u00fdl\u00ed, uvedl ve \u010dtvrtek evropsk\u00fd nejvy\u0161\u0161\u00ed soud.<\/span><\/p>\n<p><span>Zast\u00e1nci svobody projevu a zast\u00e1nci pr\u00e1v na soukrom\u00ed se v posledn\u00edch n\u011bkolika letech st\u0159etli kv\u016fli internetov\u00e9mu \u201epr\u00e1vu b\u00fdt zapomenut\u201c, co\u017e znamen\u00e1, \u017ee by m\u011bli b\u00fdt schopni vymazat sv\u00e9 digit\u00e1ln\u00ed stopy z internetu.<\/span><\/p>\n<p><span>P\u0159\u00edpad u Soudn\u00edho dvora Evropsk\u00e9 unie (SDEU) se t\u00fdkal dvou vedouc\u00edch pracovn\u00edk\u016f skupiny investi\u010dn\u00edch spole\u010dnost\u00ed, kte\u0159\u00ed po\u017e\u00e1dali Google o odstran\u011bn\u00ed v\u00fdsledk\u016f vyhled\u00e1v\u00e1n\u00ed, kter\u00e9 spojovaly jejich jm\u00e9na s ur\u010dit\u00fdmi \u010dl\u00e1nky kritizuj\u00edc\u00edmi investi\u010dn\u00ed model skupiny.<\/span><\/p>\n<p><span>Tak\u00e9 cht\u011bli, aby Google odstranil jejich miniatury z v\u00fdsledk\u016f vyhled\u00e1v\u00e1n\u00ed.\u00a0Spole\u010dnost \u017e\u00e1dosti odm\u00edtla s t\u00edm, \u017ee nev\u00ed, zda jsou informace v \u010dl\u00e1nc\u00edch spr\u00e1vn\u00e9 \u010di nikoliv.<\/span><\/p>\n<p><span>N\u011bmeck\u00fd soud pot\u00e9 po\u017e\u00e1dal ESD o radu, jak vyv\u00e1\u017eit pr\u00e1vo b\u00fdt zapomenut s pr\u00e1vem na svobodu projevu a informac\u00ed.<\/span><\/p>\n<p><span>\u201eProvozovatel vyhled\u00e1va\u010de mus\u00ed vymazat informace nalezen\u00e9 v odkazovan\u00e9m obsahu, pokud osoba \u017e\u00e1daj\u00edc\u00ed o vymaz\u00e1n\u00ed prok\u00e1\u017ee, \u017ee tyto informace jsou zjevn\u011b nespr\u00e1vn\u00e9,\u201c uv\u00e1d\u00ed Soudn\u00ed dv\u016fr Evropsk\u00e9 unie.<\/span><\/p>\n<p><strong><span>Aby nedo\u0161lo k nep\u0159im\u011b\u0159en\u00e9mu zat\u011b\u017eov\u00e1n\u00ed u\u017eivatel\u016f, soudci uvedli, \u017ee takov\u00e9 d\u016fkazy nemusej\u00ed poch\u00e1zet ze soudn\u00edho rozhodnut\u00ed proti vydavatel\u016fm webov\u00fdch str\u00e1nek a \u017ee u\u017eivatel\u00e9 mus\u00ed poskytnout pouze d\u016fkazy, kter\u00e9 po nich lze p\u0159im\u011b\u0159en\u011b po\u017eadovat.<\/span><\/strong><\/p>\n<p><span>Google vysv\u011btlil, \u017ee p\u0159\u00edslu\u0161n\u00e9 odkazy a miniaturn\u00ed obr\u00e1zky ji\u017e nejsou dostupn\u00e9 prost\u0159ednictv\u00edm vyhled\u00e1v\u00e1n\u00ed na webu a vyhled\u00e1v\u00e1n\u00ed obr\u00e1zk\u016f a \u017ee obsah je ji\u017e dlouho offline.<\/span><\/p>\n<p><span>\u201eOd roku 2014 jsme tvrd\u011b pracovali na implementaci pr\u00e1va b\u00fdt zapomenut v Evrop\u011b a na nalezen\u00ed rozumn\u00e9 rovnov\u00e1hy mezi pr\u00e1vy lid\u00ed na p\u0159\u00edstup k informac\u00edm a soukrom\u00ed,\u201c uvedl mluv\u010d\u00ed.<\/span><\/p>\n<p><span>Stejn\u00fd soud zakotvil pr\u00e1vo b\u00fdt zapomenut v roce 2014 a \u0159ekl, \u017ee lid\u00e9 mohou po\u017e\u00e1dat vyhled\u00e1va\u010de, jako je Google, aby odstranily nedostate\u010dn\u00e9 nebo irelevantn\u00ed informace z webov\u00fdch v\u00fdsledk\u016f, kter\u00e9 se objev\u00ed p\u0159i hled\u00e1n\u00ed jejich jm\u00e9na.<\/span><\/p>\n<p><span>Rozhodnut\u00ed p\u0159ich\u00e1z\u00ed p\u0159ed p\u0159elomov\u00fdmi pravidly EU na ochranu \u00fadaj\u016f, kter\u00e1 vstoupila v platnost v roce 2018, a uv\u00e1d\u00ed, \u017ee pr\u00e1vo b\u00fdt zapomenut je vylou\u010deno, pokud je zpracov\u00e1n\u00ed osobn\u00edch \u00fadaj\u016f nezbytn\u00e9 pro v\u00fdkon pr\u00e1va na informace.<\/span><\/p>\n<p><span>P\u0159\u00edpad je C-460\/20 Google (D\u00e9r\u00e9f\u00e9rencement d&#8217;un contenu pr\u00e9tendument inexact).<\/span><\/p>\n<\/div>\n<\/div>\n<div class=\"elementor-element elementor-element-8c57238 quelle dc-has-condition dc-condition-empty elementor-widget elementor-widget-heading\" data-id=\"8c57238\" data-element_type=\"widget\" data-widget_type=\"heading.default\">\n<div class=\"elementor-widget-container\">\n<h3 class=\"elementor-heading-title elementor-size-default\"><span style=\"font-size: 8pt;\"><a href=\"https:\/\/www.reuters.com\/technology\/google-must-remove-data-search-results-if-user-proves-it-is-wrong-eu-top-court-2022-12-08\/\" target=\"_blank\" rel=\"nofollow noopener\">ZDROJ<\/a><\/span><\/h3>\n<p><img decoding=\"async\" loading=\"lazy\" class=\"wp-image-19187 aligncenter\" src=\"http:\/\/www.infokuryr.cz\/n\/wp-content\/uploads\/2022\/12\/1-PRO-300x36.jpg\" alt=\"\" width=\"1150\" height=\"138\" srcset=\"https:\/\/www.infokuryr.cz\/n\/wp-content\/uploads\/2022\/12\/1-PRO-300x36.jpg 300w, https:\/\/www.infokuryr.cz\/n\/wp-content\/uploads\/2022\/12\/1-PRO.jpg 699w\" sizes=\"(max-width: 1150px) 100vw, 1150px\" \/><\/p>\n<p>&nbsp;<\/p>\n<\/div>\n<\/div>\n","protected":false},"excerpt":{"rendered":"<p>LUCEMBURSKO, 8. prosince (\u00a0Reuters\u00a0) &#8211; Skupina Alphabet Google mus\u00ed odstranit data z v\u00fdsledk\u016f online vyhled\u00e1v\u00e1n\u00ed,&#8230;<\/p>\n","protected":false},"author":2,"featured_media":3171,"comment_status":"closed","ping_status":"closed","sticky":false,"template":"","format":"standard","meta":[],"categories":[7],"tags":[277,317,520],"_links":{"self":[{"href":"https:\/\/www.infokuryr.cz\/n\/wp-json\/wp\/v2\/posts\/19391"}],"collection":[{"href":"https:\/\/www.infokuryr.cz\/n\/wp-json\/wp\/v2\/posts"}],"about":[{"href":"https:\/\/www.infokuryr.cz\/n\/wp-json\/wp\/v2\/types\/post"}],"author":[{"embeddable":true,"href":"https:\/\/www.infokuryr.cz\/n\/wp-json\/wp\/v2\/users\/2"}],"replies":[{"embeddable":true,"href":"https:\/\/www.infokuryr.cz\/n\/wp-json\/wp\/v2\/comments?post=19391"}],"version-history":[{"count":0,"href":"https:\/\/www.infokuryr.cz\/n\/wp-json\/wp\/v2\/posts\/19391\/revisions"}],"wp:featuredmedia":[{"embeddable":true,"href":"https:\/\/www.infokuryr.cz\/n\/wp-json\/wp\/v2\/media\/3171"}],"wp:attachment":[{"href":"https:\/\/www.infokuryr.cz\/n\/wp-json\/wp\/v2\/media?parent=19391"}],"wp:term":[{"taxonomy":"category","embeddable":true,"href":"https:\/\/www.infokuryr.cz\/n\/wp-json\/wp\/v2\/categories?post=19391"},{"taxonomy":"post_tag","embeddable":true,"href":"https:\/\/www.infokuryr.cz\/n\/wp-json\/wp\/v2\/tags?post=19391"}],"curies":[{"name":"wp","href":"https:\/\/api.w.org\/{rel}","templated":true}]}}