{"id":1938,"date":"2021-05-24T03:29:51","date_gmt":"2021-05-24T01:29:51","guid":{"rendered":"http:\/\/www.infokuryr.cz\/n\/?p=1938"},"modified":"2021-05-24T03:29:51","modified_gmt":"2021-05-24T01:29:51","slug":"minsk-se-zmocnil-nejcennejsiho-zdroje-opozice","status":"publish","type":"post","link":"https:\/\/www.infokuryr.cz\/n\/2021\/05\/24\/minsk-se-zmocnil-nejcennejsiho-zdroje-opozice\/","title":{"rendered":"Minsk se zmocnil nejcenn\u011bj\u0161\u00edho zdroje opozice"},"content":{"rendered":"<div id=\"fb-root\"><\/div>\n<section class=\"perex\">B\u011blorusk\u00e1 opozice a \u0159ada z\u00e1padn\u00edch zem\u00ed je pobou\u0159ena &#8211; Minsk zatknul jednoho ze zakladatel\u016f kan\u00e1lu Nexta Telegram, s jeho\u017e pomoc\u00ed byly koordinov\u00e1ny protesty b\u011blorusk\u00e9 opozice. Za t\u00edm \u00fa\u010delem byla spu\u0161t\u011bna speci\u00e1ln\u00ed operace zahrnuj\u00edc\u00ed i st\u00edhac\u00ed letoun. Pro\u010d je Roman Protasevi\u010d tak cenn\u00fd pro b\u011blorusk\u00e9 speci\u00e1ln\u00ed slu\u017eby?<\/p>\n<\/section>\n<section class=\"clanek-obsah\">B\u011blorusk\u00e9 speci\u00e1ln\u00ed slu\u017eby v posledn\u00ed dob\u011b demonstruj\u00ed z\u00e1zraky profesionality, i kdy\u017e je tato profesionalita jen dovedn\u00fdm kop\u00edrov\u00e1n\u00edm jin\u00fdch operac\u00ed. Nejprve tedy zkop\u00edrovali n\u011bkdej\u0161\u00ed operaci sov\u011btsk\u00e9 KGB \u201eD\u016fv\u011bra\u201c &#8211; vyprovokovali Luka\u0161enkovy odp\u016frce, aby napl\u00e1novali st\u00e1tn\u00ed p\u0159evrat, zdokumentovali p\u0159\u00edpravy, odhalili skryt\u00e9 bu\u0148ky pu\u010de a v\u0161echny zab\u00e1sli. Nyn\u00ed p\u0159edvedli sv\u00fdm ukrajinsk\u00fdm soused\u016fm extra t\u0159\u00eddu v um\u011bn\u00ed zajmout ty spr\u00e1vn\u00e9 lidi v letadle let\u00edc\u00edm p\u0159es jejich \u00fazem\u00ed (Kyjev v l\u00e9t\u011b 2020 cht\u011bl t\u00edmto zp\u016fsobem zajmout t\u0159i des\u00edtky Rus\u016f, v\u010detn\u011b lid\u00ed, kte\u0159\u00ed bojovali na Donbasu).<\/p>\n<h2>P\u0159ista\u0148te<\/h2>\n<p>23. kv\u011btna bylo ozn\u00e1meno, \u017ee na palubu irsk\u00e9 spole\u010dnosti Ryan Air let\u00edc\u00edho z At\u00e9n do Vilniusu byla um\u00edst\u011bna bomba. V tu chv\u00edli letadlo p\u0159elet\u011blo p\u0159es \u00fazem\u00ed B\u011bloruska a podle standardn\u00edch pokyn\u016f po\u017e\u00e1dalo o nouzov\u00e9 p\u0159ist\u00e1n\u00ed. Na \u017e\u00e1dost pos\u00e1dky (to je d\u016fle\u017eit\u00e9!) letadlo p\u0159ist\u00e1lo na leti\u0161ti v Minsku a p\u0159ed p\u0159ist\u00e1n\u00edm bylo doprov\u00e1zeno b\u011blorusk\u00fdm st\u00edha\u010dem MiG-29.<\/p>\n<p>Rozhodnut\u00ed o doprovodu (a to je tak\u00e9 velmi d\u016fle\u017eit\u00e9!) odpov\u00eddalo vnitrost\u00e1tn\u00edm pravidl\u016fm. Podle slov prvn\u00edho z\u00e1stupce velitele vzdu\u0161n\u00fdch sil a sil protivzdu\u0161n\u00e9 obrany Andreje Gurtsevi\u010de \u201epro posouzen\u00ed situace a p\u0159ijet\u00ed spr\u00e1vn\u00e9ho rozhodnut\u00ed v budoucnosti\u201c. P\u0159elo\u017eeno do ru\u0161tiny pro p\u0159\u00edpad, \u017ee by letadlo bylo uneseno teroristy a pou\u017eito k \u00fatoku na objekt.<\/p>\n<p>Po p\u0159ist\u00e1n\u00ed v Minsku nebyla na palub\u011b nalezena \u017e\u00e1dn\u00e1 bomba, ale mezi cestuj\u00edc\u00edmi byl Roman Protasevi\u010d. B\u00fdval\u00fd \u0161\u00e9fredaktor kan\u00e1lu \u201eNEXTA\u201c (jeden z hlavn\u00edch podn\u011bcovatel\u016f protest\u016f v B\u011blorusku po prezidentsk\u00fdch volb\u00e1ch v srpnu 2020). V listopadu 2020 byl pan Protasevi\u010d zaps\u00e1n b\u011bloruskou KGB na seznam terorist\u016f a na seznam mezin\u00e1rodn\u011b hledan\u00fdch &#8211; tak\u017ee nep\u0159ekvapuje, \u017ee byl okam\u017eit\u011b zadr\u017een a posl\u00e1n za m\u0159\u00ed\u017ee. A kan\u00e1l NEXTA byl u\u017e d\u00e1vno ozna\u010den jako extr\u00e9mistick\u00fd.<\/p>\n<p>Evropa byla pobou\u0159ena t\u00edm, co se stalo. N\u011bmecko a Rakousko po\u017eadovaly vy\u0161et\u0159ov\u00e1n\u00ed. Polsko &#8211; nov\u00e9 ulo\u017een\u00ed sankc\u00ed. Brusel, zastoupen\u00fd vedouc\u00edm Evropsk\u00e9 rady Charlesem Michelem, jako obvykle \u201evyjad\u0159uje znepokojen\u00ed\u201c. Litva (se statutem dirigenta politiky EU v b\u011blorusk\u00e9 ot\u00e1zce a hlavn\u00edho p\u0159\u00edjemce pen\u011bz na podporu tamn\u00ed opozice) ozna\u010dila akci b\u011blorusk\u00fdch \u00fa\u0159ad\u016f za \u201enechutn\u00fd \u010din, za kter\u00fdm stoj\u00ed b\u011blorusk\u00fd re\u017eim\u201c a po\u017eadovala okam\u017eit\u00e9 propu\u0161t\u011bn\u00ed Romana Protasevi\u010de.<\/p>\n<p>B\u011blorusk\u00e1 opozice to papou\u0161kuje: &#8222;To op\u011bt potvrzuje, \u017ee v B\u011blorusku doch\u00e1z\u00ed k poru\u0161ov\u00e1n\u00ed mezin\u00e1rodn\u00edho pr\u00e1va, \u017eivoty ciz\u00edch a b\u011blorusk\u00fdch ob\u010dan\u016f jsou v ohro\u017een\u00ed,&#8220; uvedl Pavel Latu\u0161ko (kter\u00e9ho rovn\u011b\u017e v\u0159ele o\u010dek\u00e1vaj\u00ed ve vazebn\u00ed v\u011bznici v Minsku). Podle jeho n\u00e1zoru by m\u011blo b\u00fdt B\u011blorusko za tento \u010din potrest\u00e1no uzav\u0159en\u00edm b\u011blorusk\u00e9ho nebe pro leteck\u00fd provoz, anebo odm\u00edtnut\u00edm tranzitn\u00edch let\u016f p\u0159es jeho \u00fazem\u00ed. A samozvan\u00e1 v\u016fdkyn\u011b b\u011blorusk\u00e9 opozice Sv\u011btlana Tichanovsk\u00e1 po\u017eadovala vylou\u010den\u00ed B\u011bloruska z Mezin\u00e1rodn\u00ed organizace pro civiln\u00ed letectv\u00ed (ICAO).<\/p>\n<h2>V\u0161e podle z\u00e1kona<\/h2>\n<p>Na z\u00e1klad\u011b \u010deho? Z form\u00e1ln\u00edho hlediska jednali B\u011blorusov\u00e9 podle z\u00e1kona. Pos\u00e1dka letadla jednala podle pokyn\u016f a po obdr\u017een\u00ed zpr\u00e1vy o v\u00fdbu\u0161nin\u011b po\u017e\u00e1dala o p\u0159ist\u00e1n\u00ed. Ano, do Vilniusu, soud\u011b podle letov\u00e9 mapy, to bylo bl\u00ed\u017ee, ale z n\u011bjak\u00e9ho d\u016fvodu pos\u00e1dka po\u017e\u00e1dala o p\u0159ist\u00e1n\u00ed v Minsku. V\u0161echny ot\u00e1zky tedy kla\u010fte pos\u00e1dce (v Rusku u\u017e vtipkovali, \u017ee letadlo pilotoval Petrov a druh\u00fdm pilotem byl Bo\u0161irov).<\/p>\n<p>Novaja Gazeta s odkazem na Ryan Air napsala, \u017ee b\u011bloru\u0161\u0161t\u00ed dispe\u010de\u0159i letov\u00e9ho provozu (v jejich\u017e z\u00f3n\u011b se letadlo nach\u00e1zelo) vydali p\u0159\u00edkaz k p\u0159ist\u00e1n\u00ed v Minsku a pilot ve skute\u010dnosti pr\u00e1v\u011b provedl jejich rozkaz. Jak se v\u0161ak pro noviny VZGLJAD shodlo n\u011bkolik aktivn\u00edch pilot\u016f civiln\u00edho letectv\u00ed, podle v\u0161ech standardn\u00edch protokol\u016f v p\u0159\u00edpad\u011b nouze kone\u010dn\u00e9 rozhodnut\u00ed v\u017edy z\u016fst\u00e1v\u00e1 na veliteli letadla. A kdyby cht\u011bl let\u011bt do Vilniusu, let\u011bl by do Vilniusu.<\/p>\n<p>Rovn\u011b\u017e na zemi p\u0159ijali pos\u00e1dku v pln\u00e9m rozsahu v r\u00e1mci st\u00e1vaj\u00edc\u00edch protokol\u016f &#8211; s \u0159adou sanitek, speci\u00e1ln\u00edch slu\u017eeb, hasi\u010d\u016f, pyrotechnik\u016f atd. Cestuj\u00edc\u00ed byli podrobeni prohl\u00eddce a uk\u00e1zalo se (op\u011bt n\u00e1hodou), \u017ee je mezi nimi hledan\u00fd ob\u010dan B\u011bloruska. A proto\u017ee opustil extrateritori\u00e1ln\u00ed z\u00f3nu (co\u017e je paluba letadla a jen ona), ocitnul se na \u00fazem\u00ed B\u011bloruska &#8211; co\u017e znamen\u00e1, \u017ee m\u00edstn\u00ed bezpe\u010dnostn\u00ed d\u016fstojn\u00edci byli prost\u011b povinni ho vz\u00edt do vazby.<\/p>\n<p>Samoz\u0159ejm\u011b, pokud se odp\u016frc\u016fm Ba\u0165ky poda\u0159\u00ed prok\u00e1zat, \u017ee osoba, kter\u00e1 informovala o bomb\u011b v letadle, mluvila s charakteristick\u00fdm Luka\u0161enkov\u00fdm p\u0159\u00edzvukem nebo se p\u0159edstavila jako Nikolaj Alexandrovi\u010d, pak bude mo\u017en\u00e9 prohl\u00e1sit, \u017ee \u0161lo o provokaci b\u011blorusk\u00fdch speci\u00e1ln\u00edch slu\u017eeb . Ale jinak je v\u0161e &#8211; \u201ehighly-likely.<\/p>\n<p>Fanou\u0161ci mezin\u00e1rodn\u00edho pr\u00e1va by si m\u011bli vzpomenout, \u017ee technologie donucen\u00ed k p\u0159ist\u00e1n\u00ed nebyla vyvinuta a testov\u00e1na poprv\u00e9 v Minsku a dokonce ani ne v Kyjev\u011b. V roce 2013 p\u0159inutili ameri\u010dt\u00ed zpravodaj\u0161t\u00ed d\u016fstojn\u00edci p\u0159ist\u00e1t letoun tehdej\u0161\u00edho bolivijsk\u00e9ho prezidenta Eva Moralese ve V\u00eddni &#8211; jen kv\u016fli podez\u0159en\u00ed, \u017ee na palub\u011b je Edward Snowden. P\u0159i\u010dem\u017e si ani nevymysleli \u017e\u00e1dn\u00e9 p\u0159\u00edb\u011bhy o bomb\u011b &#8211; byl ban\u00e1ln\u011b p\u0159inucen pod hrozbou pou\u017eit\u00ed s\u00edly s uzav\u0159en\u00edm v\u0161ech vzdu\u0161n\u00fdch koridor\u016f. A nikdo se pot\u00e9 nesna\u017eil uzav\u0159\u00edt vzdu\u0161n\u00fd prostor Rakouska.<\/p>\n<p>V nejlep\u0161\u00edm p\u0159\u00edpad\u011b mohou p\u0159\u00edznivci sankc\u00ed prosadit odm\u00edtnut\u00ed n\u011bkter\u00fdch leteck\u00fdch spole\u010dnost\u00ed l\u00e9tat p\u0159es b\u011blorusk\u00e9 \u00fazem\u00ed, ale to je spojeno s v\u00e1\u017en\u00fdmi ztr\u00e1tami pro provozovatele (p\u0159inejmen\u0161\u00edm kv\u016fli zv\u00fd\u0161en\u00ed spot\u0159eby paliva a doby letu). Situace na leteck\u00e9m trhu ji\u017e tak nen\u00ed p\u0159\u00edli\u0161 dobr\u00e1 (srde\u010dn\u011b zdrav\u00edme koronavir) a je nepravd\u011bpodobn\u00e9, \u017ee by se mnoho spole\u010dnost\u00ed pro takov\u00fd krok rozhodlo.<\/p>\n<p>Ve v\u00fdsledku se ukazuje, \u017ee negativn\u00ed d\u016fsledky t\u00e9to operace budou pro B\u011blorusko minim\u00e1ln\u00ed. Ale pozitivn\u00ed efekt z n\u00ed je kolos\u00e1ln\u00ed.<\/p>\n<p>Za prv\u00e9 Roman Protasevi\u010d je nejcenn\u011bj\u0161\u00edm zdrojem informac\u00ed. Jako b\u00fdval\u00fd \u0161\u00e9fredaktor NEXTA m\u016f\u017ee m\u00edt k dispozici \u00fadaje o zp\u016fsobech financov\u00e1n\u00ed, person\u00e1lu a hlavn\u011b zdroj\u00edch v b\u011blorusk\u00fdch \u00fa\u0159adech, kter\u00e9 kryly protivl\u00e1dn\u00ed akce. Zm\u00e1\u010dknut\u00edm Protasevi\u010de tedy b\u011blorusk\u00e1 bezpe\u010dnost odhal\u00ed z\u00e1padn\u00ed \u0161pion\u00e1\u017en\u00ed s\u00ed\u0165 ve sv\u00e9 zemi.<\/p>\n<p>Za druh\u00e9 se operace stala uk\u00e1zkou schopnost\u00ed b\u011blorusk\u00fdch speci\u00e1ln\u00edch slu\u017eeb. Nep\u0159\u00e1tel\u00e9 si jich budou v\u00edce v\u00e1\u017eit a b\u00e1t se jich a ob\u010dan\u00e9 B\u011bloruska si jich budou v\u00edce cenit a obdivovat je.<\/p>\n<p>A pravd\u011bpodobn\u011b nejen je. Jeden zn\u00e1m\u00fd b\u011blorusk\u00fd poslanec v rozhovoru pro noviny VZGLJAD vyj\u00e1d\u0159il p\u0159esv\u011bd\u010den\u00ed, \u017ee b\u011blorusk\u00e9 a rusk\u00e9 speci\u00e1ln\u00ed slu\u017eby si za tuto operaci zaslou\u017e\u00ed vav\u0159\u00edny. Ano, Minsk provedl z\u00e1v\u011bre\u010dnou f\u00e1zi zajet\u00ed &#8211; ale p\u0159edt\u00edm musel n\u011bjak z\u00edskat informace, \u017ee Roman Protasevi\u010d zakoupil letenku a nastoupil do letadla irsk\u00e9 spole\u010dnosti. P\u0159i v\u0161\u00ed \u00fact\u011b k b\u011blorusk\u00fdm bezpe\u010dnostn\u00edm d\u016fstojn\u00edk\u016fm sotva maj\u00ed agenty pro z\u00edsk\u00e1v\u00e1n\u00ed t\u011bchto informac\u00ed &#8211; na rozd\u00edl nap\u0159\u00edklad od rusk\u00e9ho SVR. (Slu\u017eba vn\u011bj\u0161\u00ed rozv\u011bdky (\u0421\u043b\u0443\u0436\u0431\u0430 \u0432\u043d\u0435\u0448\u043d\u0435\u0439 \u0440\u0430\u0437\u0432\u0435\u0434\u043a\u0438 \u0420\u043e\u0441\u0441\u0438\u0439\u0441\u043a\u043e\u0439 \u0424\u0435\u0434\u0435\u0440\u0430\u0446\u0438\u0438))<\/p>\n<p>V tuto chv\u00edli v\u0161ak SVR nepodala \u017e\u00e1dnou zpr\u00e1vu o \u00fa\u010dasti na operaci. A pravd\u011bpodobn\u011b ani nepod\u00e1.<\/p>\n<p><b>Gevorg Mirzajan<\/b><\/p>\n<p><i>Gevorg Mirzajan je docentem na Finan\u010dn\u00ed univerzit\u011b.<\/i><\/p>\n<div class=\"podcarou\">\n<p><a href=\"https:\/\/vz.ru\/world\/2021\/5\/23\/1100643.html\" target=\"_blank\" rel=\"external noopener\">\u041c\u0438\u043d\u0441\u043a \u0437\u0430\u0445\u0432\u0430\u0442\u0438\u043b \u0446\u0435\u043d\u043d\u0435\u0439\u0448\u0438\u0439 \u0440\u0435\u0441\u0443\u0440\u0441 \u043e\u043f\u043f\u043e\u0437\u0438\u0446\u0438\u0438<\/a>\u00a0vy\u0161el 23.5.2021 na Vzgljad. P\u0159eklad \u010dten\u00e1\u0159 &#8211; d\u011bkuji.<\/p>\n<\/div>\n<h2>Pozn\u00e1mka editora<\/h2>\n<p>Gratuluji rusk\u00fdm a b\u011blorusk\u00fdm tajn\u00fdm slu\u017eb\u00e1m ke skv\u011bl\u00e9 pr\u00e1ci. Luka\u0161enko to m\u00e1 u z\u00e1padn\u00edch struktur pokakan\u00e9 z n\u011bkolika d\u016fvod\u016f. Nejen \u017ee nenechal B\u011blorusko rozkr\u00e1st a zni\u010dit, jako se to povedlo na Ukrajin\u011b, nejen, \u017ee z\u016fstal v\u00edcem\u00e9n\u011b kamar\u00e1d s Ruskem, ale hlavn\u011b, hlavn\u011b &#8211; a to se fakt neprom\u00edj\u00ed &#8211; odm\u00edtl hr\u00e1t hru na covidovou\u00a0<i>pandemii<\/i>. Neposlechl WHO, nedal se zastra\u0161it vidinami mraz\u00e1k\u016f mrtvol, nena\u0159\u00eddil tak obl\u00edben\u00e9 lockdowny, nenutil lidi nosit n\u00e1hubky a &#8211; nic se nestalo. B\u011blorusko norm\u00e1ln\u011b \u017eije, hospody, kultura \u0161koly, slu\u017eby norm\u00e1ln\u011b funguj\u00ed a mrtv\u00ed nikde! Nemocnice se nehrout\u00ed, v\u0161echno je v pohod\u011b. Jak tohle maj\u00ed vysv\u011btlit r\u016fzn\u00ed Flegrov\u00e9 ve sv\u00fdch zem\u00edch? A tak nevysv\u011btluj\u00ed, sve\u0159ep\u011b o B\u011blorusku co se tzv. pandemie ml\u010d\u00ed. Ale za sc\u00e9nou, tam to, pane, v\u0159e. Tam se chystaj\u00ed p\u0159evraty, atent\u00e1ty, majdany, sankce a v\u016fbec v\u0161echno, co &#8222;svobodn\u00fd&#8220; z\u00e1padn\u00ed sv\u011bt dnes dok\u00e1\u017ee produkovat. Zat\u00edm stoj\u00ed \u0161t\u011bst\u011bna na stran\u011b Luka\u0161enka. A j\u00e1 mu moc p\u0159eji, aby tam je\u0161t\u011b n\u011bjakou dobu post\u00e1la. Ti z\u00e1padn\u00ed slizouni se ne\u0161t\u00edt\u00ed \u017e\u00e1dn\u00e9 \u0161p\u00edny a d\u0159\u00edve nebo pozd\u011bji p\u0159ijdou s nov\u00fdm podrazem.<\/p>\n<p><a href=\"http:\/\/www.zvedavec.org\/komentare\/2021\/05\/8727-minsk-se-zmocnil-nejcennejsiho-zdroje-opozice.htm\">ZDROJ<\/a><\/p>\n<p>&nbsp;<\/p>\n<\/section>\n","protected":false},"excerpt":{"rendered":"<p>B\u011blorusk\u00e1 opozice a \u0159ada z\u00e1padn\u00edch zem\u00ed je pobou\u0159ena &#8211; Minsk zatknul jednoho ze zakladatel\u016f kan\u00e1lu&#8230;<\/p>\n","protected":false},"author":2,"featured_media":1939,"comment_status":"closed","ping_status":"closed","sticky":false,"template":"","format":"standard","meta":[],"categories":[7],"tags":[150,441],"_links":{"self":[{"href":"https:\/\/www.infokuryr.cz\/n\/wp-json\/wp\/v2\/posts\/1938"}],"collection":[{"href":"https:\/\/www.infokuryr.cz\/n\/wp-json\/wp\/v2\/posts"}],"about":[{"href":"https:\/\/www.infokuryr.cz\/n\/wp-json\/wp\/v2\/types\/post"}],"author":[{"embeddable":true,"href":"https:\/\/www.infokuryr.cz\/n\/wp-json\/wp\/v2\/users\/2"}],"replies":[{"embeddable":true,"href":"https:\/\/www.infokuryr.cz\/n\/wp-json\/wp\/v2\/comments?post=1938"}],"version-history":[{"count":0,"href":"https:\/\/www.infokuryr.cz\/n\/wp-json\/wp\/v2\/posts\/1938\/revisions"}],"wp:featuredmedia":[{"embeddable":true,"href":"https:\/\/www.infokuryr.cz\/n\/wp-json\/wp\/v2\/media\/1939"}],"wp:attachment":[{"href":"https:\/\/www.infokuryr.cz\/n\/wp-json\/wp\/v2\/media?parent=1938"}],"wp:term":[{"taxonomy":"category","embeddable":true,"href":"https:\/\/www.infokuryr.cz\/n\/wp-json\/wp\/v2\/categories?post=1938"},{"taxonomy":"post_tag","embeddable":true,"href":"https:\/\/www.infokuryr.cz\/n\/wp-json\/wp\/v2\/tags?post=1938"}],"curies":[{"name":"wp","href":"https:\/\/api.w.org\/{rel}","templated":true}]}}