{"id":19362,"date":"2022-12-08T01:05:32","date_gmt":"2022-12-08T00:05:32","guid":{"rendered":"http:\/\/www.infokuryr.cz\/n\/?p=19362"},"modified":"2022-12-07T17:16:43","modified_gmt":"2022-12-07T16:16:43","slug":"volba-je-na-vas-utopit-se-v-mori-nebo-si-zoufat-dve-pochmurne-alternativy-pro-gazu","status":"publish","type":"post","link":"https:\/\/www.infokuryr.cz\/n\/2022\/12\/08\/volba-je-na-vas-utopit-se-v-mori-nebo-si-zoufat-dve-pochmurne-alternativy-pro-gazu\/","title":{"rendered":"Volba je na v\u00e1s: utopit se v mo\u0159i nebo si zoufat! Dv\u011b pochmurn\u00e9 alternativy pro Gazu"},"content":{"rendered":"<div id=\"fb-root\"><\/div>\n<div class=\"elementor-element elementor-element-1fb4c2c elementor-widget elementor-widget-theme-post-content\" data-id=\"1fb4c2c\" data-element_type=\"widget\" data-widget_type=\"theme-post-content.default\">\n<div class=\"elementor-widget-container\">\n<p>Izraelsk\u00e1 blok\u00e1da Gazy p\u0159isp\u011bla k masov\u00e9mu exodu Palestinc\u016f, z nich\u017e mnoz\u00ed si zvolili nebezpe\u010dnou plavbu po mo\u0159i p\u0159i hled\u00e1n\u00ed lep\u0161\u00ed kvality \u017eivota.<\/p>\n<p>Sedm mlad\u00fdch mu\u017e\u016f z p\u00e1sma Gazy zem\u0159elo 23. \u0159\u00edjna, kdy\u017e se jejich lo\u010f potopila u pob\u0159e\u017e\u00ed Tuniska.\u00a0Spolu s des\u00edtkami dal\u0161\u00edch uprchl\u00edk\u016f, kte\u0159\u00ed se sna\u017e\u00ed dostat do Evropy, se tato palestinsk\u00e1 jm\u00e9na p\u0159ipojila k seznamu v\u00edce ne\u017e 110 ob\u011bt\u00ed, kter\u00e9 od roku 2007 zem\u0159ely za podobn\u00fdch okolnost\u00ed.<\/p>\n<p>Na za\u010d\u00e1tku listopadu se v Egejsk\u00e9m mo\u0159i mezi Tureckem a \u0158eckem potopila dal\u0161\u00ed lo\u010f, ale osud 10 mlad\u00fdch mu\u017e\u016f z Gazy, kte\u0159\u00ed byli na palub\u011b lodi, z\u016fst\u00e1v\u00e1 nezn\u00e1m\u00fd.\u00a0Ve stejn\u00e9m m\u011bs\u00edci tiskov\u00e1 agentura Wafa uvedla, \u017ee p\u011bt Palestinc\u016f bylo zachr\u00e1n\u011bno z lodi s migranty, kter\u00e1 se tak\u00e9 potopila v Egejsk\u00e9m mo\u0159i.<\/p>\n<p>Exodus Palestinc\u016f z Gazy \u2013 nebo jejich vys\u00eddlen\u00ed kv\u016fli \u017eivotn\u00edm podm\u00ednk\u00e1m, kter\u00e9 zt\u011b\u017eovaly p\u0159e\u017eit\u00ed \u2013 se datuje koncem 60. let, kdy Izrael obsadil p\u00e1smo Gazy.\u00a0Po izraelsk\u00e9m \u201esta\u017een\u00ed\u201c v roce 2005 a vnit\u0159n\u00edm konfliktu mezi Fatahem a Hamasem v roce 2007 a n\u00e1sledn\u00e9m ovl\u00e1dnut\u00ed p\u00e1sma Gazy Hamasem vzrostla touha Palestinc\u016f emigrovat, zejm\u00e9na mezi ml\u00e1de\u017e\u00ed z P\u00e1sma Gazy.<\/p>\n<p><span style=\"font-size: 18pt;\"><strong>Abnorm\u00e1ln\u00ed \u017eivot<\/strong><\/span><\/p>\n<p>Podle pr\u016fzkumu Mezin\u00e1rodn\u00edho v\u00fdboru \u010cerven\u00e9ho k\u0159\u00ed\u017ee (MV\u010cK) v Gaze zve\u0159ejn\u011bn\u00e9ho v z\u00e1\u0159\u00ed dev\u011bt z deseti mlad\u00fdch lid\u00ed uvedlo, \u017ee v\u011b\u0159\u00ed, \u017ee vedou abnorm\u00e1ln\u00ed \u017eivot.\u00a040 procent dot\u00e1zan\u00fdch ve v\u011bku 18 a\u017e 29 let uvedlo, \u017ee nemaj\u00ed nad\u011bji na nalezen\u00ed zam\u011bstn\u00e1n\u00ed v p\u0159\u00ed\u0161t\u00edch 15 letech.\u00a0MV\u010cK tak\u00e9 um\u00edstil svou situaci do kontextu pokra\u010duj\u00edc\u00ed izraelsk\u00e9 ekonomick\u00e9 a politick\u00e9 blok\u00e1dy p\u00e1sma Gazy:<\/p>\n<p><strong><em>\u201ePatn\u00e1ct let izraelsk\u00fdch omezen\u00ed pohybu zbo\u017e\u00ed a osob do az p\u00e1sma Gazy v\u00fdznamn\u011b p\u0159isp\u011blo k trval\u00e9mu zhor\u0161ov\u00e1n\u00ed ekonomick\u00e9 a humanit\u00e1rn\u00ed situace v p\u00e1smu Gazy.\u00a0To omezilo p\u0159\u00edstup k z\u00e1kladn\u00edm slu\u017eb\u00e1m, pracovn\u00edm m\u00edst\u016fm a p\u0159\u00edle\u017eitostem mimo okupovan\u00e9 palestinsk\u00e9 \u00fazem\u00ed.<\/em><\/strong><\/p>\n<p>V pr\u016fzkumu, kter\u00fd provedla univerzita Al-Aks\u00e1, 51 procent mlad\u00fdch lid\u00ed v Gaze uvedlo, \u017ee by cht\u011bli emigrovat.\u00a0P\u0159i p\u0159\u00edprav\u011b t\u00e9to zpr\u00e1vy vyj\u00e1d\u0159ilo 26 ze 30 mlad\u00fdch lid\u00ed p\u0159\u00e1n\u00ed migrovat, 15 z nich potvrdilo, \u017ee na tom v\u00e1\u017en\u011b pracuj\u00ed.<\/p>\n<p>A\u010dkoli neexistuj\u00ed \u017e\u00e1dn\u00e9 ofici\u00e1ln\u00ed \u00fadaje o po\u010dtu lid\u00ed, kte\u0159\u00ed opustili hust\u011b os\u00eddlen\u00e9 p\u00e1smo Gazy od roku 2007, neofici\u00e1ln\u00ed \u00fadaje nazna\u010duj\u00ed, \u017ee za posledn\u00edch 15 let p\u00e1smo Gazy opustilo kolem 100 000 lid\u00ed.<\/p>\n<p>V\u00fdzkumn\u00edk v oblasti lidsk\u00fdch pr\u00e1v Abdullah Sharshara p\u0159ipisuje tato \u010d\u00edsla \u201epsychologick\u00e9mu dopadu 15 let izraelsk\u00e9 kontroly nad detaily \u017eivota v Gaze\u201c.<\/p>\n<p>&#8222;Izrael vytvo\u0159il vylu\u010duj\u00edc\u00ed \u017eivotn\u00ed podm\u00ednky pro obyvatelstvo,&#8220; \u0159ekl Sharshara listu The Cradle.\u00a0&#8222;Podn\u00edtil destruktivn\u00ed v\u00e1lky, uvalil zdrcuj\u00edc\u00ed blok\u00e1du, zni\u010dil infrastrukturu, vybombardoval elektr\u00e1rnu a zv\u00fd\u0161il chudobu mezi obyvatelstvem, co\u017e vedlo ke kolektivn\u00edmu pocitu, \u017ee Gaza ji\u017e nen\u00ed bezpe\u010dn\u00fdm m\u00edstem pro budov\u00e1n\u00ed prosperuj\u00edc\u00ed budoucnosti,&#8220; vysv\u011btlil.<\/p>\n<p><span style=\"font-size: 18pt;\"><strong>Motivy Izraele pro migraci z p\u00e1sma Gazy<\/strong><\/span><\/p>\n<p>V\u0161echny podstatn\u00e9 slo\u017eky palestinsk\u00e9 spole\u010dnosti \u2013 a\u0165 u\u017e jde o odbojov\u00e9 skupiny nebo ob\u010dansk\u00e9 a ofici\u00e1ln\u00ed instituce \u2013 se shoduj\u00ed na tom, \u017ee emigrace palestinsk\u00e9 ml\u00e1de\u017ee v kone\u010dn\u00e9m d\u016fsledku slou\u017e\u00ed izraelsk\u00fdm z\u00e1jm\u016fm, zvl\u00e1\u0161t\u011b kdy\u017e vede k odlivu mozk\u016f a odpout\u00e1n\u00ed mlad\u00e9 generace od palestinsk\u00e9 n\u00e1rodnosti. obavy .<\/p>\n<p>V \u010dl\u00e1nku publikovan\u00e9m na webu Regional Thinking Forum na za\u010d\u00e1tku b\u0159ezna 2021 izraelsk\u00fd v\u00fdzkumn\u00edk Omri Sheffer Raviv odhalil, \u017ee od roku 1969 r\u016fzn\u00e9 izraelsk\u00e9 vl\u00e1dy podporuj\u00ed emigraci mlad\u00fdch lid\u00ed z p\u00e1sma Gazy.<\/p>\n<p>Raviv tvrdil, \u017ee c\u00edlem Izraele na konci 60. let bylo zbavit p\u00e1smo Gazy velk\u00e9 \u010d\u00e1sti jeho populace, aby bylo s co nejmen\u0161\u00edm \u00fasil\u00edm p\u0159ivedeno pod spr\u00e1vu Tel Avivu.\u00a0Po \u201esta\u017een\u00ed\u201c Izraele z Gazy v roce 2005 v\u0161ak okupa\u010dn\u00ed st\u00e1t ztratil schopnost p\u0159\u00edmo kontrolovat migra\u010dn\u00ed toky, tak\u017ee se jeho zam\u011b\u0159en\u00ed p\u0159esunulo na vytv\u00e1\u0159en\u00ed \u201eexkluzivn\u00edch \u017eivotn\u00edch podm\u00ednek\u201c pro palestinsk\u00e9 obyvatelstvo, jako je blok\u00e1da, n\u00e1sledn\u00e9 krize a sez\u00f3nn\u00ed v\u00e1lky.<\/p>\n<p>Izrael vedl \u010dty\u0159i ni\u010div\u00e9 v\u00e1lky proti P\u00e1smu Gazy v letech 2009, 2012, 2014 a 2021 a mezi t\u011bmito v\u00e1lkami svedl v\u00edce ne\u017e 20 bitev, p\u0159i kter\u00fdch zahynulo kolem 4300 Palestinc\u016f a byly zran\u011bny des\u00edtky tis\u00edc.<\/p>\n<p>Raviv tak\u00e9 sd\u011blil, \u017ee v roce 2019 Izrael v koordinaci s n\u011bkter\u00fdmi evropsk\u00fdmi zem\u011bmi usiluje o usnadn\u011bn\u00ed emigrace obyvatel Gazy a dokonce ofici\u00e1ln\u011b organizuje emigra\u010dn\u00ed cesty.<\/p>\n<p>Tel Aviv tak\u00e9 souhlasil s vybudov\u00e1n\u00edm leti\u0161t\u011b v ji\u017en\u00ed oblasti Negev, kter\u00e1 hrani\u010d\u00ed s p\u00e1smem Gazy, aby pomohlo Palestinc\u016fm naj\u00edt nov\u00fd \u017eivot v zahrani\u010d\u00ed.\u00a0Tento p\u0159\u00edstup \u017e\u00e1dn\u00fd izraelsk\u00fd p\u0159edstavitel nepop\u0159el.\u00a0Ve skute\u010dnosti b\u00fdval\u00e1 ministryn\u011b spravedlnosti Ayelet Shaked l\u00e9ta vedla kampa\u0148 a dokonce kritizovala svou vl\u00e1du a arm\u00e1du za to, \u017ee up\u00edraly Gazan\u016fm mo\u017enost opustit P\u00e1smo.<\/p>\n<p><span style=\"font-size: 18pt;\"><strong>Nov\u00e1 Nakba<\/strong><\/span><\/p>\n<p>Izraelsk\u00fd badatel Ismail Muhammad je p\u0159esv\u011bd\u010den, \u017ee politika okupa\u010dn\u00edho st\u00e1tu s blok\u00e1dou, pr\u00e1vn\u00edmi omezen\u00edmi, opakovan\u00fdmi v\u00e1lkami, elekt\u0159inou a vodn\u00ed kriz\u00ed a systematick\u00fdm ni\u010den\u00edm palestinsk\u00e9 ekonomiky se ukotvila v kolektivn\u00edm v\u011bdom\u00ed nov\u00fdch generac\u00ed, kter\u00e9 to v jejich zemi nem\u00e1 \u017e\u00e1dnou \u017e\u00e1douc\u00ed budoucnost.\u00a0To je zase \u017eene k hled\u00e1n\u00ed individu\u00e1ln\u00ed sp\u00e1sy.<\/p>\n<p>Jestli\u017ee v 60. letech bylo c\u00edlem sn\u00ed\u017eit populaci, aby bylo mo\u017en\u00e9 udr\u017eet p\u00e1smo Gazy a geograficky je rozpustit v r\u00e1mci izraelsk\u00fdch hranic, po \u201esta\u017een\u00ed\u201c v roce 2005 se c\u00edl p\u0159esunul k tomu, aby se s P\u00e1smem Gazy zach\u00e1zelo jako s nez\u00e1visl\u00fdm subjektem, kter\u00fd je sou\u010d\u00e1st\u00ed budouc\u00edch jedn\u00e1n\u00ed o kone\u010dn\u00e9 palestinsk\u00e9 \u0159e\u0161en\u00ed \u2013 mo\u017en\u00e1 alternativa k jejich okupovan\u00e9 vlasti.<\/p>\n<p>Muhammad pro The Cradle vysv\u011btlil, \u017ee podporou p\u0159ist\u011bhovalectv\u00ed se Izrael sna\u017e\u00ed \u201evyt\u011bsnit dovednosti a v\u011bdeck\u00e9 schopnosti, aby zabr\u00e1nil odporu, aby z toho t\u011b\u017eil, a rozbil kolo rozvoje, aby Gaza mohla r\u016fst pr\u016fmyslov\u011b, zdravotn\u011b a&#8230; Zem\u011bd\u011blstv\u00ed z\u016fst\u00e1v\u00e1 z\u00e1visl\u00fd na okupa\u010dn\u00edm st\u00e1t\u011b\u201c.<\/p>\n<p>Poukazuje tak\u00e9 na to, \u017ee po\u010det l\u00e9ka\u0159\u016f se vz\u00e1cn\u00fdmi specializacemi, kte\u0159\u00ed emigrovali z p\u00e1sma Gazy, p\u0159es\u00e1hl v lo\u0148sk\u00e9m roce 600, krom\u011b tis\u00edc\u016f in\u017een\u00fdr\u016f, u\u010ditel\u016f a dal\u0161\u00edch odborn\u00edk\u016f.<\/p>\n<p>Podle Mohameda je druh\u00fdm izraelsk\u00fdm c\u00edlem vychovat celou generaci k odporu proti odporu.<\/p>\n<p>\u201eJe o mlad\u00e9 generaci, kter\u00e1 vede \u017eivot pln\u00fd ne\u0159e\u0161iteln\u00fdch kriz\u00ed.\u00a0V d\u016fsledku toho Gaza vy\u010derp\u00e1v\u00e1 svou lidskou n\u00e1dr\u017e, kter\u00e1 je jej\u00ed v\u00fdhodou v roz\u0161\u00ed\u0159en\u00e9 konfrontaci s okupac\u00ed.<\/p>\n<p><span style=\"font-size: 18pt;\"><strong>\u010cluny smrti do Evropy<\/strong><\/span><\/p>\n<p>I kdy\u017e je cesta neleg\u00e1ln\u00ed imigrace do Evropy p\u0159es \u201e\u010dluny smrti\u201c pln\u00e1 nebezpe\u010d\u00ed, nesni\u017euje to odhodl\u00e1n\u00ed des\u00edtek rodin a mlad\u00fdch lid\u00ed vydat se na takov\u00e9 dobrodru\u017estv\u00ed.<\/p>\n<p>Ahmed, kter\u00e9mu je dvacet, \u0159\u00edk\u00e1:<\/p>\n<p><strong><em>P\u0159ed deseti lety jsem promoval na univerzit\u011b Al-Aks\u00e1 v oboru anglick\u00e1 literatura.\u00a0Byl jsem prvn\u00ed ve sv\u00e9m ro\u010dn\u00edku.\u00a0Nikdy jsem necht\u011bl emigrovat a ani jsem to nem\u011bl v \u00famyslu.\u00a0Jako ka\u017ed\u00fd mlad\u00fd mu\u017e chci pracovat a zajistit si budoucnost, ale v\u0161echny silnice jsou v Gaze zablokovan\u00e9.\u00a0\u017divot ve v\u011bzen\u00ed v Gaze je t\u011b\u017e\u0161\u00ed ne\u017e kdekoli jinde.\u00a0Hled\u00e1m zp\u016fsob, jak se z toho m\u00edsta dostat a nevylu\u010duji \u010dluny smrti, proto\u017ee tady \u017eijeme ve stavu smrti.<\/em><\/strong><\/p>\n<p>Utonut\u00ed v\u0161ak nen\u00ed jedin\u00e9 nebezpe\u010d\u00ed, kter\u00e9mu migranti \u010del\u00ed.\u00a012 mlad\u00fdch mu\u017e\u016f, kte\u0159\u00ed se koncem \u0159\u00edjna lo\u0148sk\u00e9ho roku utopili v \u010dlunu u tunisk\u00e9ho pob\u0159e\u017e\u00ed, bylo uneseno m\u00edstn\u00ed libyjskou milic\u00ed, kter\u00e1 za jejich propu\u0161t\u011bn\u00ed po\u017eadovala v\u00fdkupn\u00e9.<\/p>\n<p>\u201e\u00danosci po\u017eadovali 10 000 dolar\u016f za jej\u00ed propu\u0161t\u011bn\u00ed.\u00a0\u0158ekli jsme jim, \u017ee kdybychom m\u011bli tolik pen\u011bz, neemigrovali by.\u00a0Nakonec jsme zaplatili 500 dolar\u016f za ka\u017ed\u00e9ho z chlapc\u016f,\u201c \u0159ekl The Cradle Muhammad al-Shaer, Haidar\u016fv bratr, kter\u00fd byl jednou z 12 mlad\u00fdch ob\u011bt\u00ed.<\/p>\n<p>Palestinci jsou dr\u017eiteli pasu, kter\u00fd jim umo\u017e\u0148uje cestovat do 37 zem\u00ed bez v\u00edz.\u00a0\u017d\u00e1dn\u00e1 z t\u011bchto zem\u00ed jim v\u0161ak nenab\u00edz\u00ed privilegia jako m\u011bs\u00ed\u010dn\u00ed plat, zdravotn\u00ed poji\u0161t\u011bn\u00ed nebo ob\u010danstv\u00ed.<\/p>\n<p><span style=\"font-size: 18pt;\"><strong>Hlavn\u00ed p\u0159\u00ed\u010dina migra\u010dn\u00ed krize<\/strong><\/span><\/p>\n<p>Proto se mlad\u00ed Palestinci sna\u017e\u00ed dostat do Evropy dv\u011bma hlavn\u00edmi cestami, kter\u00e9 jsou pln\u00e9 nebezpe\u010d\u00ed: prvn\u00ed, nej\u010dast\u011bj\u0161\u00ed, je j\u00edt do Turecka a p\u0159es Egejsk\u00e9 mo\u0159e p\u0159ej\u00edt do \u0158ecka, druh\u00e1 je j\u00edt do Egypta a pot\u00e9 do Libye a odtud na italsk\u00e9 pob\u0159e\u017e\u00ed.\u00a0Ob\u011b cesty jsou nebezpe\u010dn\u00e9 a zahrnuj\u00ed vysokou m\u00edru rizika.<\/p>\n<p>P\u0159esto\u017ee st\u00e1le doch\u00e1z\u00ed k utonut\u00ed a po\u010det ob\u011bt\u00ed se zvy\u0161uje, ani m\u00edstn\u00ed \u00fa\u0159ady v p\u00e1smu Gazy, ani palestinsk\u00e9 odbojov\u00e9 skupiny ani jejich instituce ob\u010dansk\u00e9 spole\u010dnosti nevyvinuli \u017e\u00e1dn\u00e9 v\u00fdznamn\u00e9 \u00fasil\u00ed k omezen\u00ed tohoto jevu.\u00a0Jak se v\u0161ak uk\u00e1zalo, j\u00e1dro a hlavn\u00ed p\u0159\u00ed\u010dina probl\u00e9mu spo\u010d\u00edv\u00e1 v politice izraelsk\u00e9 vl\u00e1dy ohledn\u011b etnick\u00fdch \u010distek.<\/p>\n<\/div>\n<\/div>\n<div class=\"elementor-element elementor-element-8c57238 quelle dc-has-condition dc-condition-empty elementor-widget elementor-widget-heading\" data-id=\"8c57238\" data-element_type=\"widget\" data-widget_type=\"heading.default\">\n<div class=\"elementor-widget-container\">\n<h3 class=\"elementor-heading-title elementor-size-default\"><span style=\"font-size: 8pt;\"><a href=\"https:\/\/thecradle.co\/Article\/Analysis\/19045\" target=\"_blank\" rel=\"nofollow noopener\">ZDROJ<\/a><\/span><\/h3>\n<p><img decoding=\"async\" loading=\"lazy\" class=\"wp-image-19187 aligncenter\" src=\"http:\/\/www.infokuryr.cz\/n\/wp-content\/uploads\/2022\/12\/1-PRO-300x36.jpg\" alt=\"\" width=\"1175\" height=\"141\" srcset=\"https:\/\/www.infokuryr.cz\/n\/wp-content\/uploads\/2022\/12\/1-PRO-300x36.jpg 300w, https:\/\/www.infokuryr.cz\/n\/wp-content\/uploads\/2022\/12\/1-PRO.jpg 699w\" sizes=\"(max-width: 1175px) 100vw, 1175px\" \/><\/p>\n<p>&nbsp;<\/p>\n<\/div>\n<\/div>\n","protected":false},"excerpt":{"rendered":"<p>Izraelsk\u00e1 blok\u00e1da Gazy p\u0159isp\u011bla k masov\u00e9mu exodu Palestinc\u016f, z nich\u017e mnoz\u00ed si zvolili nebezpe\u010dnou plavbu&#8230;<\/p>\n","protected":false},"author":2,"featured_media":13233,"comment_status":"closed","ping_status":"closed","sticky":false,"template":"","format":"standard","meta":[],"categories":[7],"tags":[348,178,107,313],"_links":{"self":[{"href":"https:\/\/www.infokuryr.cz\/n\/wp-json\/wp\/v2\/posts\/19362"}],"collection":[{"href":"https:\/\/www.infokuryr.cz\/n\/wp-json\/wp\/v2\/posts"}],"about":[{"href":"https:\/\/www.infokuryr.cz\/n\/wp-json\/wp\/v2\/types\/post"}],"author":[{"embeddable":true,"href":"https:\/\/www.infokuryr.cz\/n\/wp-json\/wp\/v2\/users\/2"}],"replies":[{"embeddable":true,"href":"https:\/\/www.infokuryr.cz\/n\/wp-json\/wp\/v2\/comments?post=19362"}],"version-history":[{"count":1,"href":"https:\/\/www.infokuryr.cz\/n\/wp-json\/wp\/v2\/posts\/19362\/revisions"}],"predecessor-version":[{"id":19363,"href":"https:\/\/www.infokuryr.cz\/n\/wp-json\/wp\/v2\/posts\/19362\/revisions\/19363"}],"wp:featuredmedia":[{"embeddable":true,"href":"https:\/\/www.infokuryr.cz\/n\/wp-json\/wp\/v2\/media\/13233"}],"wp:attachment":[{"href":"https:\/\/www.infokuryr.cz\/n\/wp-json\/wp\/v2\/media?parent=19362"}],"wp:term":[{"taxonomy":"category","embeddable":true,"href":"https:\/\/www.infokuryr.cz\/n\/wp-json\/wp\/v2\/categories?post=19362"},{"taxonomy":"post_tag","embeddable":true,"href":"https:\/\/www.infokuryr.cz\/n\/wp-json\/wp\/v2\/tags?post=19362"}],"curies":[{"name":"wp","href":"https:\/\/api.w.org\/{rel}","templated":true}]}}