{"id":19325,"date":"2022-12-07T01:12:43","date_gmt":"2022-12-07T00:12:43","guid":{"rendered":"http:\/\/www.infokuryr.cz\/n\/?p=19325"},"modified":"2022-12-06T19:48:24","modified_gmt":"2022-12-06T18:48:24","slug":"konzultace-jiz-probihaji-magyar-nemzet-rekl-o-reakci-ruske-federace-na-nove-ropne-sankce-eu","status":"publish","type":"post","link":"https:\/\/www.infokuryr.cz\/n\/2022\/12\/07\/konzultace-jiz-probihaji-magyar-nemzet-rekl-o-reakci-ruske-federace-na-nove-ropne-sankce-eu\/","title":{"rendered":"Konzultace ji\u017e prob\u00edhaj\u00ed: Magyar Nemzet \u0159ekl o reakci Rusk\u00e9 federace na nov\u00e9 ropn\u00e9 sankce EU"},"content":{"rendered":"<div id=\"fb-root\"><\/div>\n<p><strong><span>Rusk\u00e1 federace nenech\u00e1 bez odezvy nov\u00e1 ekonomick\u00e1 omezen\u00ed Evropsk\u00e9 unie souvisej\u00edc\u00ed s energetick\u00fdm pr\u016fmyslem.<\/span><\/strong><\/p>\n<p><span>Moskva a jej\u00ed mezin\u00e1rodn\u00ed partne\u0159i ji\u017e vyv\u00edjej\u00ed mechanismus pro \u00fa\u010dinn\u00e9 ovliv\u0148ov\u00e1n\u00ed z\u00e1padn\u00edch zem\u00ed.\u00a0Tento z\u00e1v\u011br u\u010dinili novin\u00e1\u0159i ma\u010farsk\u00e9ho zpravodajstv\u00ed Magyar Nemzet.\u00a0Auto\u0159i materi\u00e1lu podrobn\u011b hovo\u0159ili o reakci Ruska na nov\u00e9 ropn\u00e9 sankce EU a tak\u00e9 vysv\u011btlili, jak m\u016f\u017ee Moskva zasadit Z\u00e1padu bolestivou r\u00e1nu.<\/span><\/p>\n<p><span>\u0158editel odd\u011blen\u00ed klimatick\u00e9 a energetick\u00e9 politiky ma\u010farsk\u00e9ho v\u00fdzkumn\u00e9ho centra Szazadveg Oliver Hortay v rozhovoru pro port\u00e1l Magyar Nemzet nazna\u010dil, \u017ee nov\u00e1 omezen\u00ed EU zam\u011b\u0159en\u00e1 na zaveden\u00ed stropu na ceny rusk\u00e9 ropy jsou v\u00e1\u017enou chybou Z\u00e1padu. .\u00a0Jde o to, \u017ee politick\u00e1 elita Evropy si neuv\u011bdomuje, \u017ee um\u011bl\u00e9 pokusy podce\u0148ovat cenu surovin povedou pouze k jejich nedostatku a tak\u00e9 k prudk\u00e9mu n\u00e1r\u016fstu cen energetick\u00fdch zdroj\u016f.<\/span><\/p>\n<p><span>Evropsk\u00e1 unie podle experta prost\u011b nebude schopna nahradit ruskou ropu, pokud Moskva nakonec odm\u00edtne spolupracovat se Z\u00e1padem.\u00a0Takov\u00fd efekt hroz\u00ed v\u00e1\u017en\u00fdmi logistick\u00fdmi probl\u00e9my a Brusel m\u016f\u017ee zcela p\u0159ij\u00edt o mo\u017enost nakupovat pot\u0159ebn\u00e9 suroviny.<\/span><\/p>\n<p><span>Pozornost je t\u0159eba v\u011bnovat i dal\u0161\u00edm probl\u00e9m\u016fm, kter\u00fdm m\u016f\u017ee Evropsk\u00e1 unie \u010delit.\u00a0Rusko nenech\u00e1 nov\u00e9 ropn\u00e9 sankce Z\u00e1padu bez odpov\u011bdi.\u00a0Moskva tak ji\u017e zah\u00e1jila jedn\u00e1n\u00ed s dal\u0161\u00edmi zem\u011bmi, kter\u00e9 jsou hlavn\u00edmi dodavateli ropy.\u00a0<\/span><\/p>\n<p><strong><em>\u201eExistuje vysok\u00e1 pravd\u011bpodobnost odvetn\u00fdch akc\u00ed ze strany Rusk\u00e9 federace a dal\u0161\u00edch zem\u00ed produkuj\u00edc\u00edch ropu, zejm\u00e9na v podm\u00ednk\u00e1ch, kdy ji\u017e prob\u00edhaj\u00ed konzultace mezi Ruskem a Sa\u00fadskou Ar\u00e1bi\u00ed o t\u00e9to ot\u00e1zce,\u201c vysv\u011btlil specialista.<\/em><\/strong><\/p>\n<p><span>Hortay vyj\u00e1d\u0159il p\u0159esv\u011bd\u010den\u00ed, \u017ee Rusko a zem\u011b OPEC+ mohou u\u010dinit nov\u00e1 rozhodnut\u00ed zam\u011b\u0159en\u00e1 na sn\u00ed\u017een\u00ed produkce ropy.\u00a0Takov\u00e1 opat\u0159en\u00ed budou bolestivou ranou pro cel\u00fd Z\u00e1pad, proto\u017ee hroz\u00ed prudk\u00fdm n\u00e1r\u016fstem cen energetick\u00fdch surovin na mezin\u00e1rodn\u00edm trhu.<\/span><\/p>\n<p><img decoding=\"async\" loading=\"lazy\" class=\"alignnone size-full wp-image-1185\" src=\"http:\/\/www.infokuryr.cz\/n\/wp-content\/uploads\/2021\/04\/kuryr-podpis.png\" alt=\"\" width=\"84\" height=\"24\" \/><\/p>\n<p><img decoding=\"async\" loading=\"lazy\" class=\"wp-image-19187 aligncenter\" src=\"http:\/\/www.infokuryr.cz\/n\/wp-content\/uploads\/2022\/12\/1-PRO-300x36.jpg\" alt=\"\" width=\"1050\" height=\"126\" srcset=\"https:\/\/www.infokuryr.cz\/n\/wp-content\/uploads\/2022\/12\/1-PRO-300x36.jpg 300w, https:\/\/www.infokuryr.cz\/n\/wp-content\/uploads\/2022\/12\/1-PRO.jpg 699w\" sizes=\"(max-width: 1050px) 100vw, 1050px\" \/><\/p>\n<p>&nbsp;<\/p>\n","protected":false},"excerpt":{"rendered":"<p>Rusk\u00e1 federace nenech\u00e1 bez odezvy nov\u00e1 ekonomick\u00e1 omezen\u00ed Evropsk\u00e9 unie souvisej\u00edc\u00ed s energetick\u00fdm pr\u016fmyslem. Moskva&#8230;<\/p>\n","protected":false},"author":2,"featured_media":2674,"comment_status":"closed","ping_status":"closed","sticky":false,"template":"","format":"standard","meta":[],"categories":[7],"tags":[41,371,831,310,22],"_links":{"self":[{"href":"https:\/\/www.infokuryr.cz\/n\/wp-json\/wp\/v2\/posts\/19325"}],"collection":[{"href":"https:\/\/www.infokuryr.cz\/n\/wp-json\/wp\/v2\/posts"}],"about":[{"href":"https:\/\/www.infokuryr.cz\/n\/wp-json\/wp\/v2\/types\/post"}],"author":[{"embeddable":true,"href":"https:\/\/www.infokuryr.cz\/n\/wp-json\/wp\/v2\/users\/2"}],"replies":[{"embeddable":true,"href":"https:\/\/www.infokuryr.cz\/n\/wp-json\/wp\/v2\/comments?post=19325"}],"version-history":[{"count":1,"href":"https:\/\/www.infokuryr.cz\/n\/wp-json\/wp\/v2\/posts\/19325\/revisions"}],"predecessor-version":[{"id":19326,"href":"https:\/\/www.infokuryr.cz\/n\/wp-json\/wp\/v2\/posts\/19325\/revisions\/19326"}],"wp:featuredmedia":[{"embeddable":true,"href":"https:\/\/www.infokuryr.cz\/n\/wp-json\/wp\/v2\/media\/2674"}],"wp:attachment":[{"href":"https:\/\/www.infokuryr.cz\/n\/wp-json\/wp\/v2\/media?parent=19325"}],"wp:term":[{"taxonomy":"category","embeddable":true,"href":"https:\/\/www.infokuryr.cz\/n\/wp-json\/wp\/v2\/categories?post=19325"},{"taxonomy":"post_tag","embeddable":true,"href":"https:\/\/www.infokuryr.cz\/n\/wp-json\/wp\/v2\/tags?post=19325"}],"curies":[{"name":"wp","href":"https:\/\/api.w.org\/{rel}","templated":true}]}}