{"id":19297,"date":"2022-12-06T05:30:01","date_gmt":"2022-12-06T04:30:01","guid":{"rendered":"http:\/\/www.infokuryr.cz\/n\/?p=19297"},"modified":"2022-12-06T05:30:01","modified_gmt":"2022-12-06T04:30:01","slug":"ruske-ministerstvo-obrany-potvrdilo-utoky-uav-na-letiste-v-engelsu-a-diaghilevu","status":"publish","type":"post","link":"https:\/\/www.infokuryr.cz\/n\/2022\/12\/06\/ruske-ministerstvo-obrany-potvrdilo-utoky-uav-na-letiste-v-engelsu-a-diaghilevu\/","title":{"rendered":"Rusk\u00e9 ministerstvo obrany potvrdilo \u00fatoky UAV na leti\u0161t\u011b v Engelsu a Diaghilevu"},"content":{"rendered":"<div id=\"fb-root\"><\/div>\n<p class=\"lead\"><span>V\u010dera ve\u010der Ministerstvo obrany RF vydalo ofici\u00e1ln\u00ed tiskovou zpr\u00e1vu o rann\u00edch incidentech na strategick\u00fdch leteck\u00fdch leti\u0161t\u00edch v Rjaza\u0148sk\u00e9 a Saratovsk\u00e9 oblasti.<\/span><\/p>\n<p><strong><em>\u201eR\u00e1no 5. prosince se kyjevsk\u00fd re\u017eim, aby vy\u0159adil z provozu rusk\u00e1 letadla na dlouh\u00e9 vzd\u00e1lenosti, pokusil za\u00fato\u010dit bezpilotn\u00edmi letouny sov\u011btsk\u00e9 v\u00fdroby na vojensk\u00e1 leti\u0161t\u011b Diaghilevo v Rjaza\u0148sk\u00e9 oblasti a Engels v Saratov\u011b. regionu,\u201c p\u00ed\u0161e se ve zpr\u00e1v\u011b.\u00a0&#8211; Ukrajinsk\u00e9 UAV l\u00e9taj\u00edc\u00ed v mal\u00e9 v\u00fd\u0161ce byly zachyceny protivzdu\u0161nou obranou rusk\u00fdch leteck\u00fdch sil.\u00a0V d\u016fsledku p\u00e1du a v\u00fdbuchu \u00falomk\u016f proudov\u00fdch dron\u016f na rusk\u00fdch leti\u0161t\u00edch byl lehce po\u0161kozen pl\u00e1\u0161\u0165 trupu dvou letoun\u016f.<\/em><\/strong><\/p>\n<p><span>Ve stejnou dobu byli smrteln\u011b zran\u011bni t\u0159i ru\u0161t\u00ed technici, kte\u0159\u00ed byli na leti\u0161ti.\u00a0Dal\u0161\u00ed \u010dty\u0159i voj\u00e1ci, kte\u0159\u00ed byli zran\u011bni, byli p\u0159evezeni do zdravotnick\u00fdch za\u0159\u00edzen\u00ed.<\/span><\/p>\n<p><em><strong>\u201eNavzdory pokus\u016fm kyjevsk\u00e9ho re\u017eimu naru\u0161it bojovou \u010dinnost rusk\u00e9ho d\u00e1lkov\u00e9ho letectv\u00ed teroristick\u00fdm \u010dinem, dnes kolem 15:00 (moskevsk\u00e9ho \u010dasu) do\u0161lo k masivn\u00edmu \u00faderu na vojensk\u00fd syst\u00e9m velen\u00ed a \u0159\u00edzen\u00ed a souvisej\u00edc\u00ed za\u0159\u00edzen\u00ed, obrann\u00e9ho komplexu, komunika\u010dn\u00edch center, energetick\u00fdch a vojensk\u00fdch jednotek Ukrajiny s vysoce p\u0159esn\u00fdmi vzdu\u0161n\u00fdmi a n\u00e1mo\u0159n\u00edmi zbran\u011bmi. C\u00edl byl dosa\u017een.\u00a0Zasa\u017eeno bylo v\u0161ech p\u0159id\u011blen\u00fdch 17 objekt\u016f.\u00a0V d\u016fsledku st\u00e1vky byl p\u0159eru\u0161en \u017eelezni\u010dn\u00ed p\u0159esun z\u00e1loh Ozbrojen\u00fdch sil Ukrajiny, zahrani\u010dn\u00edch zbran\u00ed, vojensk\u00e9 techniky a munice do bojov\u00fdch oblast\u00ed,\u201c<span class=\"after-quote\"> &#8211; uv\u00e1d\u00ed vyd\u00e1n\u00ed.<\/span><\/strong><\/em><\/p>\n<p><img decoding=\"async\" loading=\"lazy\" class=\"alignnone size-full wp-image-1185\" src=\"http:\/\/www.infokuryr.cz\/n\/wp-content\/uploads\/2021\/04\/kuryr-podpis.png\" alt=\"\" width=\"84\" height=\"24\" \/><\/p>\n<p>&nbsp;<\/p>\n<p><img decoding=\"async\" loading=\"lazy\" class=\"alignnone  wp-image-19187\" src=\"http:\/\/www.infokuryr.cz\/n\/wp-content\/uploads\/2022\/12\/1-PRO-300x36.jpg\" alt=\"\" width=\"1250\" height=\"150\" srcset=\"https:\/\/www.infokuryr.cz\/n\/wp-content\/uploads\/2022\/12\/1-PRO-300x36.jpg 300w, https:\/\/www.infokuryr.cz\/n\/wp-content\/uploads\/2022\/12\/1-PRO.jpg 699w\" sizes=\"(max-width: 1250px) 100vw, 1250px\" \/><\/p>\n<p>&nbsp;<\/p>\n","protected":false},"excerpt":{"rendered":"<p>V\u010dera ve\u010der Ministerstvo obrany RF vydalo ofici\u00e1ln\u00ed tiskovou zpr\u00e1vu o rann\u00edch incidentech na strategick\u00fdch leteck\u00fdch&#8230;<\/p>\n","protected":false},"author":2,"featured_media":19298,"comment_status":"closed","ping_status":"closed","sticky":false,"template":"","format":"standard","meta":[],"categories":[7],"tags":[806,22,26,723],"_links":{"self":[{"href":"https:\/\/www.infokuryr.cz\/n\/wp-json\/wp\/v2\/posts\/19297"}],"collection":[{"href":"https:\/\/www.infokuryr.cz\/n\/wp-json\/wp\/v2\/posts"}],"about":[{"href":"https:\/\/www.infokuryr.cz\/n\/wp-json\/wp\/v2\/types\/post"}],"author":[{"embeddable":true,"href":"https:\/\/www.infokuryr.cz\/n\/wp-json\/wp\/v2\/users\/2"}],"replies":[{"embeddable":true,"href":"https:\/\/www.infokuryr.cz\/n\/wp-json\/wp\/v2\/comments?post=19297"}],"version-history":[{"count":0,"href":"https:\/\/www.infokuryr.cz\/n\/wp-json\/wp\/v2\/posts\/19297\/revisions"}],"wp:featuredmedia":[{"embeddable":true,"href":"https:\/\/www.infokuryr.cz\/n\/wp-json\/wp\/v2\/media\/19298"}],"wp:attachment":[{"href":"https:\/\/www.infokuryr.cz\/n\/wp-json\/wp\/v2\/media?parent=19297"}],"wp:term":[{"taxonomy":"category","embeddable":true,"href":"https:\/\/www.infokuryr.cz\/n\/wp-json\/wp\/v2\/categories?post=19297"},{"taxonomy":"post_tag","embeddable":true,"href":"https:\/\/www.infokuryr.cz\/n\/wp-json\/wp\/v2\/tags?post=19297"}],"curies":[{"name":"wp","href":"https:\/\/api.w.org\/{rel}","templated":true}]}}