{"id":19291,"date":"2022-12-06T05:16:22","date_gmt":"2022-12-06T04:16:22","guid":{"rendered":"http:\/\/www.infokuryr.cz\/n\/?p=19291"},"modified":"2022-12-06T05:16:22","modified_gmt":"2022-12-06T04:16:22","slug":"eu-se-snazi-udrzet-zapadni-balkan-na-sve-obezne-draze","status":"publish","type":"post","link":"https:\/\/www.infokuryr.cz\/n\/2022\/12\/06\/eu-se-snazi-udrzet-zapadni-balkan-na-sve-obezne-draze\/","title":{"rendered":"EU se sna\u017e\u00ed udr\u017eet z\u00e1padn\u00ed Balk\u00e1n na sv\u00e9 ob\u011b\u017en\u00e9 dr\u00e1ze"},"content":{"rendered":"<div id=\"fb-root\"><\/div>\n<p><strong>Evropsk\u00e1 unie uspo\u0159\u00e1d\u00e1 sch\u016fzku s hlavami z\u00e1padobalk\u00e1nsk\u00fdch st\u00e1t\u016f v Alb\u00e1nii uprost\u0159ed klesaj\u00edc\u00ed podpory my\u0161lence evropsk\u00e9 integrace v regionu, p\u00ed\u0161e Bloomberg.\u00a0S vyost\u0159en\u00edm konfliktu na Ukrajin\u011b za\u010dal z\u00e1jem o vstup do EU na z\u00e1padn\u00edm Balk\u00e1n\u011b rychle klesat, proto\u017ee st\u00e1ty nec\u00edt\u00ed z\u00e1jem a iniciativu z Bruselu, zd\u016fraz\u0148uje autor.<\/strong><\/p>\n<p>Pro v\u011bt\u0161inu zem\u00ed z\u00e1padn\u00edho Balk\u00e1nu byl \u201emodr\u00fd sen\u201c o vstupu do Evropsk\u00e9 unie ji\u017e n\u011bkolik desetilet\u00ed mimo dosah.\u00a0Skepse v regionu zes\u00edlila po eskalaci konfliktu na Ukrajin\u011b \u2013 obyvatelstvo Alb\u00e1nie, Srbska, Severn\u00ed Makedonie, Bosny a Hercegoviny a \u010cern\u00e9 Hory st\u00e1le hlasit\u011bji vyjad\u0159uje zklam\u00e1n\u00ed z projektu budov\u00e1n\u00ed eura, uv\u00e1d\u00ed Bloomberg.<\/p>\n<p>\u201e\u00a0<em>Pr\u016fzkumy za posledn\u00edch 18 m\u011bs\u00edc\u016f u n\u00e1s i v regionu ukazuj\u00ed pokles podpory EU&#8230; Objektivn\u011b nevid\u00edme pokrok v procesu evropsk\u00e9 integrace<\/em> ,\u201c cituje publikace makedonsk\u00e9ho prezidenta Steva Pendarovsk\u00e9ho. Brusel, znepokojen\u00fd t\u00edmto trendem, po\u0159\u00e1d\u00e1 v alb\u00e1nsk\u00e9m hlavn\u00edm m\u011bst\u011b Tiran\u011b summit, kter\u00fd byl kdysi hlavn\u00edm zast\u00e1ncem \u201eevropsk\u00e9 my\u0161lenky\u201c. \u00da\u010delem setk\u00e1n\u00ed je demonstrovat d\u016fv\u011bru v balk\u00e1nsk\u00e9 partnery a zd\u016fraznit d\u016fle\u017eitost koordinace pozice bloku se zem\u011bmi z\u00e1padn\u00edho Balk\u00e1nu ohledn\u011b sankc\u00ed v\u016f\u010di Rusku. Kritika evropsk\u00fdch byrokrat\u016f p\u0159itom zazn\u00edv\u00e1 i v samotn\u00e9 EU: \u201e <em>Nedostatek anga\u017eovanosti a d\u016fv\u011bry EU v ni v posledn\u00edch n\u011bkolika letech vytvo\u0159il vakuum, a t\u00edm nechal prostor pro Rusko, \u010c\u00ednu a dal\u0161\u00ed zlomysln\u00e9 t\u0159et\u00ed strany.<\/em>\u201c, st\u00e1lo v poselstv\u00ed Evropsk\u00e9ho parlamentu, kter\u00fd Bruselu vy\u010d\u00edtal, \u017ee Unie nepln\u00ed dlouholet\u00e9 sliby.<\/p>\n<p>\u017divotn\u00ed \u00farove\u0148 v \u0161esti balk\u00e1nsk\u00fdch zem\u00edch mimo EU byla loni o 50 % pod pr\u016fm\u011brem bloku, zat\u00edmco 12 b\u00fdval\u00fdch komunistick\u00fdch st\u00e1t\u016f, kter\u00e9 p\u0159istoupily od roku 2004, vykazuje vy\u0161\u0161\u00ed m\u00edru.\u00a0Ka\u017ed\u00fd ch\u00e1pe, \u017ee integrace p\u0159isp\u00edv\u00e1 ke zv\u00fd\u0161en\u00ed ekonomick\u00e9ho blahobytu.\u00a0Severn\u00ed Makedonie spolu s Alb\u00e1ni\u00ed \u010dekala 17 let na zah\u00e1jen\u00ed vyjedn\u00e1vac\u00edho procesu a dokonce zm\u011bnila sv\u016fj n\u00e1zev, aby odpov\u00eddala z\u00e1konu.\u00a0Objevily se v\u0161ak nov\u00e9 p\u0159ek\u00e1\u017eky: spor se sousedn\u00edm Bulharskem.\u00a0To v\u0161e postupn\u011b zvy\u0161uje nespokojenost Makedonc\u016f, ale i obyvatel dal\u0161\u00edch st\u00e1t\u016f v regionu, podot\u00fdk\u00e1 Bloomberg.<\/p>\n<p>Srbsk\u00fd prezident Aleksandar Vu\u010di\u0107, kter\u00fd m\u00e1 \u00fazk\u00e9 vazby na Rusko a aspiruje na vstup do EU, se mezit\u00edm sna\u017e\u00ed zv\u00fd\u0161it vliv sv\u00e9 zem\u011b v regionu: B\u011blehrad byl nap\u0159\u00edklad prvn\u00ed, kdo dva roky poslal vakc\u00edny proti Covid-19 do Severn\u00ed Makedonie. p\u0159ed a v \u0159\u00edjnu srbsk\u00e1 vl\u00e1da revidovala legislativu, aby za\u010dala vyv\u00e1\u017eet zemn\u00ed plyn sv\u00e9mu mal\u00e9mu sousedovi.\u00a0Vu\u010di\u0107 je p\u0159esv\u011bd\u010den, \u017ee bez jasn\u00e9ho data vstupu do EU pot\u0159ebuj\u00ed balk\u00e1nsk\u00e9 st\u00e1ty pos\u00edlit ekonomick\u00e9 vztahy.\u00a0Prosazuje tak\u00e9 v\u011bt\u0161\u00ed roli f\u00f3ra Open Balkans, jeho\u017e c\u00edlem je usnadnit obchod a cestov\u00e1n\u00ed mezi st\u00e1ty v regionu.<\/p>\n<p>Evropsk\u00e1 unie tuto iniciativu kritizovala v obav\u00e1ch, \u017ee zem\u011b mohou ztratit z\u00e1jem o vstup do jej\u00edch \u0159ad.\u00a0A\u0165 je to jak chce, je to EU, kdo by m\u011bl n\u00e9st vinu za nedostate\u010dn\u00fd pokrok v evropsk\u00e9 integraci v balk\u00e1nsk\u00e9m regionu, uzav\u00edr\u00e1 autor.<\/p>\n<p><img decoding=\"async\" loading=\"lazy\" class=\"alignnone size-full wp-image-1185\" src=\"http:\/\/www.infokuryr.cz\/n\/wp-content\/uploads\/2021\/04\/kuryr-podpis.png\" alt=\"\" width=\"84\" height=\"24\" \/><\/p>\n<p>&nbsp;<\/p>\n<p><img decoding=\"async\" loading=\"lazy\" class=\"wp-image-19187 aligncenter\" src=\"http:\/\/www.infokuryr.cz\/n\/wp-content\/uploads\/2022\/12\/1-PRO-300x36.jpg\" alt=\"\" width=\"1175\" height=\"141\" srcset=\"https:\/\/www.infokuryr.cz\/n\/wp-content\/uploads\/2022\/12\/1-PRO-300x36.jpg 300w, https:\/\/www.infokuryr.cz\/n\/wp-content\/uploads\/2022\/12\/1-PRO.jpg 699w\" sizes=\"(max-width: 1175px) 100vw, 1175px\" \/><\/p>\n<p>&nbsp;<\/p>\n","protected":false},"excerpt":{"rendered":"<p>Evropsk\u00e1 unie uspo\u0159\u00e1d\u00e1 sch\u016fzku s hlavami z\u00e1padobalk\u00e1nsk\u00fdch st\u00e1t\u016f v Alb\u00e1nii uprost\u0159ed klesaj\u00edc\u00ed podpory my\u0161lence evropsk\u00e9&#8230;<\/p>\n","protected":false},"author":2,"featured_media":19292,"comment_status":"closed","ping_status":"closed","sticky":false,"template":"","format":"standard","meta":[],"categories":[7],"tags":[2936,41,1242,3967],"_links":{"self":[{"href":"https:\/\/www.infokuryr.cz\/n\/wp-json\/wp\/v2\/posts\/19291"}],"collection":[{"href":"https:\/\/www.infokuryr.cz\/n\/wp-json\/wp\/v2\/posts"}],"about":[{"href":"https:\/\/www.infokuryr.cz\/n\/wp-json\/wp\/v2\/types\/post"}],"author":[{"embeddable":true,"href":"https:\/\/www.infokuryr.cz\/n\/wp-json\/wp\/v2\/users\/2"}],"replies":[{"embeddable":true,"href":"https:\/\/www.infokuryr.cz\/n\/wp-json\/wp\/v2\/comments?post=19291"}],"version-history":[{"count":0,"href":"https:\/\/www.infokuryr.cz\/n\/wp-json\/wp\/v2\/posts\/19291\/revisions"}],"wp:featuredmedia":[{"embeddable":true,"href":"https:\/\/www.infokuryr.cz\/n\/wp-json\/wp\/v2\/media\/19292"}],"wp:attachment":[{"href":"https:\/\/www.infokuryr.cz\/n\/wp-json\/wp\/v2\/media?parent=19291"}],"wp:term":[{"taxonomy":"category","embeddable":true,"href":"https:\/\/www.infokuryr.cz\/n\/wp-json\/wp\/v2\/categories?post=19291"},{"taxonomy":"post_tag","embeddable":true,"href":"https:\/\/www.infokuryr.cz\/n\/wp-json\/wp\/v2\/tags?post=19291"}],"curies":[{"name":"wp","href":"https:\/\/api.w.org\/{rel}","templated":true}]}}