{"id":1929,"date":"2021-05-24T02:57:03","date_gmt":"2021-05-24T00:57:03","guid":{"rendered":"http:\/\/www.infokuryr.cz\/n\/?p=1929"},"modified":"2021-05-24T02:57:03","modified_gmt":"2021-05-24T00:57:03","slug":"eu-pozaduje-po-minsku-vysvetleni-ohledne-incidentu-s-letadlem-ryanair-a-zatcenim-opozicniho-blogera","status":"publish","type":"post","link":"https:\/\/www.infokuryr.cz\/n\/2021\/05\/24\/eu-pozaduje-po-minsku-vysvetleni-ohledne-incidentu-s-letadlem-ryanair-a-zatcenim-opozicniho-blogera\/","title":{"rendered":"EU po\u017eaduje po Minsku vysv\u011btlen\u00ed ohledn\u011b incidentu s letadlem Ryanair a zat\u010den\u00edm opozi\u010dn\u00edho blogera"},"content":{"rendered":"<div id=\"fb-root\"><\/div>\n<p><strong>\u0160\u00e9fka Evropsk\u00e9 komise Ursula von der Leyenov\u00e1 po\u017eaduje po b\u011blorusk\u00e9 stran\u011b okam\u017eit\u00e9 vysv\u011btlen\u00ed incidentu s letadlem spole\u010dnosti Ryanair a zadr\u017een\u00edm opozi\u010dn\u00edho blogera Romana Protasevi\u010de v Minsku.<\/strong><\/p>\n<p>\u201eJe naprosto nep\u0159ijateln\u00e9, aby letadlo, kter\u00e9 m\u00ed\u0159ilo z Ath\u00e9n do Vilniusu, p\u0159ist\u00e1lo v Minsku. V\u0161ichni cestuj\u00edc\u00ed by m\u011bli m\u00edt mo\u017enost okam\u017eit\u011b pokra\u010dovat ve sv\u00e9 cest\u011b do Vilniusu se z\u00e1rukou bezpe\u010dnosti. Jak\u00e9koli poru\u0161en\u00ed mezin\u00e1rodn\u00edch pravidel\u00a0leteck\u00e9 dopravy\u00a0by m\u011blo m\u00edt d\u016fsledky,\u201c napsala von der Leyenov\u00e1 na Twitteru.<\/p>\n<p>Von der Leyenov\u00e1 rovn\u011b\u017e vyzvala\u00a0<em>Mezin\u00e1rodn\u00ed organizaci pro civiln\u00ed letectv\u00ed (ICAO)<\/em>, aby situaci pro\u0161et\u0159ila.<\/p>\n<p>P\u0159edseda Evropsk\u00e9 rady Charles Michel, p\u0159edseda Evropsk\u00e9ho parlamentu David Sassoli, minist\u0159i zahrani\u010d\u00ed Rakouska,\u00a0N\u011bmecka, Francie a Estonska vyzvali k mezin\u00e1rodn\u00edmu vy\u0161et\u0159ov\u00e1n\u00ed incidentu a apeluj\u00ed na b\u011blorusk\u00e9 org\u00e1ny, aby umo\u017enily v\u0161em cestuj\u00edc\u00edm pokra\u010dovat v letu. Litevsk\u00fd prezident Gitanas Naus\u0117da po\u017eadoval okam\u017eit\u00e9 propu\u0161t\u011bn\u00ed Protasevi\u010de.<\/p>\n<p>Polsk\u00fd premi\u00e9r Mateusz Morawiecki zase po\u017e\u00e1dal Michela, aby do programu z\u00edt\u0159ej\u0161\u00edho zased\u00e1n\u00ed Evropsk\u00e9 rady p\u0159idal bod t\u00fdkaj\u00edc\u00ed se okam\u017eit\u00fdch\u00a0<strong>sankc\u00ed<\/strong>\u00a0proti \u201eLuka\u0161enkovu re\u017eimu\u201c. Incident ozna\u010dil za \u201e\u00fanos civiln\u00edho letadla\u201c a \u201ebezprecedentn\u00ed akt st\u00e1tn\u00edho terorismu\u201c.<\/p>\n<p>\u010cesk\u00fd ministr zahrani\u010d\u00ed Jakub Kulh\u00e1nek vyzval B\u011blorusko k propu\u0161t\u011bn\u00ed zadr\u017een\u00e9ho novin\u00e1\u0159e Romana Protasevi\u010de a dal\u0161\u00edch pasa\u017e\u00e9r\u016f letadla, kte\u0159\u00ed byli zadr\u017eeni po vynucen\u00e9m p\u0159ist\u00e1n\u00ed letadla m\u00ed\u0159\u00edc\u00edho do Vilniusu.<\/p>\n<p>\u201eJe neakceptovateln\u00e9, \u017ee b\u011blorusk\u00fd re\u017eim zneu\u017eil mezin\u00e1rodn\u00ed leteck\u00e9 pr\u00e1vo k pron\u00e1sledov\u00e1n\u00ed sv\u00fdch oponent\u016f. D\u016frazn\u011b vyz\u00fdv\u00e1me k vy\u0161et\u0159en\u00ed p\u0159\u00edpadu a k okam\u017eit\u00e9mu propu\u0161t\u011bn\u00ed Romana Protasevi\u010de a v\u0161ech pasa\u017e\u00e9r\u016f letu Ryanair do Vilniusu,\u201c uvedl na Twitteru.<\/p>\n<p>P\u0159\u00edpad by se podle n\u011bj m\u011bl vy\u0161et\u0159it.<\/p>\n<p><strong>Zadr\u017een\u00ed Romana Protasevi\u010de<\/strong><\/p>\n<p>Ji\u017e d\u0159\u00edve v ned\u011bli tiskov\u00e1 slu\u017eba minsk\u00e9ho leti\u0161t\u011b pro novin\u00e1\u0159e uvedla, \u017ee letadlo spole\u010dnosti Ryanair m\u00ed\u0159\u00edc\u00ed z Ath\u00e9n do Vilniusu po zpr\u00e1v\u011b o mo\u017en\u00e9m zaminov\u00e1n\u00ed nal\u00e9hav\u011b p\u0159ist\u00e1lo v b\u011blorusk\u00e9m hlavn\u00edm m\u011bst\u011b. Tato zpr\u00e1va se v\u0161ak n\u00e1sledn\u011b nepotvrdila. Vy\u0161et\u0159ovac\u00ed v\u00fdbor B\u011bloruska n\u00e1sledn\u011b zah\u00e1jil trestn\u00ed \u0159\u00edzen\u00ed ve v\u011bci fale\u0161n\u00e9ho hl\u00e1\u0161en\u00ed o v\u00fdbu\u0161n\u00e9m za\u0159\u00edzen\u00ed.<\/p>\n<p>M\u00edstn\u00ed aktivist\u00e9 v oblasti lidsk\u00fdch pr\u00e1v uvedli, \u017ee byl v letadle zakladatel opozi\u010dn\u00edho telegramov\u00e9ho kan\u00e1lu\u00a0<em>Nexta<\/em>\u00a0Roman Protasevi\u010d, kter\u00fd byl zadr\u017een p\u0159i kontrole dokument\u016f.<\/p>\n<p>Podle telegramov\u00e9ho kan\u00e1lu s n\u00e1zvem Pool prvn\u00ed, kter\u00fd m\u00e1 bl\u00edzko k tiskov\u00e9 slu\u017eb\u011b b\u011blorusk\u00e9ho prezidenta, se letadlo ji\u017e nach\u00e1zelo pobl\u00ed\u017e litevsk\u00fdch hranic, ale Alexander Luka\u0161enko \u201evydal bezpodm\u00edne\u010dn\u00fd p\u0159\u00edkaz\u201c oto\u010dit se a letadlo p\u0159ijmout. Za t\u00edmto \u00fa\u010delem byl do vzduchu vysl\u00e1n i\u00a0st\u00edhac\u00ed letoun MiG-29.<\/p>\n<p>Zakladatel\u00e9\u00a0<strong>spole\u010dnosti Nexta<\/strong>, s\u00eddl\u00edc\u00ed v Polsku, \u0160t\u011bp\u00e1n Pudilo a Roman Protasevi\u010d jsou v B\u011blorusku obvin\u011bni ze sp\u00e1ch\u00e1n\u00ed trestn\u00fdch \u010din\u016f v souladu se \u010dl\u00e1nky \u201eOrganizace masov\u00fdch nepokoj\u016f\u201c (podle tohoto \u010dl\u00e1nku hroz\u00ed zadr\u017een\u00e9mu a\u017e 15 let v\u011bzen\u00ed) a \u201eOrganizace skupinov\u00fdch akc\u00ed, kter\u00e9 hrub\u011b naru\u0161uj\u00ed ve\u0159ejn\u00fd po\u0159\u00e1dek\u201c (a\u017e t\u0159i roky v\u011bzen\u00ed).<\/p>\n<p>Mimo jin\u00e9 bylo proti nim zah\u00e1jeno tak\u00e9 trestn\u00ed \u0159\u00edzen\u00ed o sp\u00e1ch\u00e1n\u00ed \u201e\u00famysln\u00e9ho jedn\u00e1n\u00ed sm\u011b\u0159uj\u00edc\u00edho k podn\u011bcov\u00e1n\u00ed spole\u010densk\u00e9ho nep\u0159\u00e1telstv\u00ed na z\u00e1klad\u011b profesn\u00ed p\u0159\u00edslu\u0161nosti\u201c (maxim\u00e1ln\u00ed trest \u010din\u00ed 12 let).<\/p>\n<p>Nexta vyz\u00fdvala k\u00a0\u00fa\u010dasti na protestech\u00a0a koordinovala tyto akce, kter\u00e9 za\u010daly po prezidentsk\u00fdch volb\u00e1ch v B\u011blorusku a trvaly n\u011bkolik m\u011bs\u00edc\u016f.<\/p>\n<p>Tento kan\u00e1l na Telegramu nav\u00edc \u00fa\u0159ady republiky ozna\u010dily za extremistick\u00fd. S\u00e1m Protasevi\u010d figuroval na seznamu osob zapojen\u00fdch do terorismu a byl uveden na seznam hledan\u00fdch.<\/p>\n<p><a href=\"https:\/\/cz.sputniknews.com\/20210523\/eu-pozaduje-po-minsku-vysvetleni-ohledne-incidentu-s-letadlem-ryanair-a-zatcenim-opozicniho-blogera-14590561.html\">ZDROJ<\/a><\/p>\n<p>&nbsp;<\/p>\n<p>&nbsp;<\/p>\n","protected":false},"excerpt":{"rendered":"<p>\u0160\u00e9fka Evropsk\u00e9 komise Ursula von der Leyenov\u00e1 po\u017eaduje po b\u011blorusk\u00e9 stran\u011b okam\u017eit\u00e9 vysv\u011btlen\u00ed incidentu s&#8230;<\/p>\n","protected":false},"author":2,"featured_media":1438,"comment_status":"closed","ping_status":"closed","sticky":false,"template":"","format":"standard","meta":[],"categories":[7],"tags":[150,41],"_links":{"self":[{"href":"https:\/\/www.infokuryr.cz\/n\/wp-json\/wp\/v2\/posts\/1929"}],"collection":[{"href":"https:\/\/www.infokuryr.cz\/n\/wp-json\/wp\/v2\/posts"}],"about":[{"href":"https:\/\/www.infokuryr.cz\/n\/wp-json\/wp\/v2\/types\/post"}],"author":[{"embeddable":true,"href":"https:\/\/www.infokuryr.cz\/n\/wp-json\/wp\/v2\/users\/2"}],"replies":[{"embeddable":true,"href":"https:\/\/www.infokuryr.cz\/n\/wp-json\/wp\/v2\/comments?post=1929"}],"version-history":[{"count":0,"href":"https:\/\/www.infokuryr.cz\/n\/wp-json\/wp\/v2\/posts\/1929\/revisions"}],"wp:featuredmedia":[{"embeddable":true,"href":"https:\/\/www.infokuryr.cz\/n\/wp-json\/wp\/v2\/media\/1438"}],"wp:attachment":[{"href":"https:\/\/www.infokuryr.cz\/n\/wp-json\/wp\/v2\/media?parent=1929"}],"wp:term":[{"taxonomy":"category","embeddable":true,"href":"https:\/\/www.infokuryr.cz\/n\/wp-json\/wp\/v2\/categories?post=1929"},{"taxonomy":"post_tag","embeddable":true,"href":"https:\/\/www.infokuryr.cz\/n\/wp-json\/wp\/v2\/tags?post=1929"}],"curies":[{"name":"wp","href":"https:\/\/api.w.org\/{rel}","templated":true}]}}