{"id":19285,"date":"2022-12-06T03:51:42","date_gmt":"2022-12-06T02:51:42","guid":{"rendered":"http:\/\/www.infokuryr.cz\/n\/?p=19285"},"modified":"2022-12-06T04:39:42","modified_gmt":"2022-12-06T03:39:42","slug":"nedelnik-adama-b-bartose-112-daji-li-mi-medaili","status":"publish","type":"post","link":"https:\/\/www.infokuryr.cz\/n\/2022\/12\/06\/nedelnik-adama-b-bartose-112-daji-li-mi-medaili\/","title":{"rendered":"NED\u011aLN\u00cdK ADAMA B. BARTO\u0160E (112) DAJ\u00cd-LI MI MEDAILI?"},"content":{"rendered":"<div id=\"fb-root\"><\/div>\n<p><strong>P\u0159em\u00fd\u0161lel jsem, o \u010dem napsat dne\u0161n\u00ed ned\u011bln\u00edk. Speci\u00e1ln\u00ed poselstv\u00ed pro v\u00e1s tento t\u00fdden nem\u00e1m. Ale vl\u00e1da nikdy nezklame. V\u017edy ud\u011blaj\u00ed n\u011bjakou blbost, kter\u00e1 je vd\u011b\u010dn\u00fdm t\u00e9matem k dal\u0161\u00edmu zamy\u0161len\u00ed. A je to je\u0161t\u011b hor\u0161\u00ed \u2013 nejen vl\u00e1da d\u011bl\u00e1 blbosti, ale i lidi. V zoufalstv\u00ed \u010din\u00ed zoufal\u00e9 v\u011bci. Berou si \u017eivot \u2013 kup\u0159\u00edkladu. Za tohle by m\u011bla vl\u00e1da pykat\u2026<\/strong><span id=\"more-13319\"><\/span><\/p>\n<p>O tom, \u017ee ned\u00e1vno p\u0159ed s\u00eddlem vl\u00e1dy sp\u00e1chal sebevra\u017edu jist\u00fd senior, jsem u\u017e psal. Zast\u0159elil se. Jen p\u00e1r t\u00fddn\u016f pot\u00e9 se jin\u00fd senior up\u00e1lil v Plzni. M\u00e9dia sice neuvedla, pro\u010d tak u\u010dinil (i kdy\u017e se zm\u00ednila, \u017ee nechal dopis na rozlou\u010denou, tak\u017ee motiv mus\u00ed b\u00fdt zn\u00e1m) \u2013 ale u\u017e jen z toho ml\u010den\u00ed je jasn\u00e9, o co asi \u0161lo. Nejsp\u00ed\u0161e dal\u0161\u00ed zoufal\u00fd \u010dlov\u011bk, kter\u00e9ho tato vlastizr\u00e1dn\u00e1 vl\u00e1da dohnala k dobrovoln\u00e9mu ukon\u010den\u00ed \u017eivota. Proto\u017ee kdyby \u0161lo o jak\u00fdkoli jin\u00fd motiv \u2013 znali bychom ho. M\u00e9dia by n\u00e1m to \u0159ekla. Kdy\u017e m\u00e9dia ml\u010d\u00ed, je to podez\u0159el\u00e9. Dob\u0159e p\u0159ece v\u00edme, \u017ee na nepohodln\u00e9 informace jsou embarga. Nap\u0159\u00edklad se pravideln\u011b zaml\u010duje etnick\u00fd p\u016fvod zlo\u010dince (kdy\u017e n\u011bkdo n\u011bkde n\u011bkoho pobod\u00e1 nebo str\u010d\u00ed pod vlak \u010di zn\u00e1siln\u00ed), bagatelizuj\u00ed se p\u0159\u00edpady kriminality imigrant\u016f, mrtv\u00fdch na o\u010dkov\u00e1n\u00ed apod. O mnoha sebevra\u017ed\u00e1ch, kter\u00fdch asi nyn\u00ed mus\u00ed b\u00fdt hodn\u011b, se ani nedozv\u00edme, proto\u017ee se staly v soukrom\u00ed a statistiky sebevra\u017ed nen\u00ed tak snadn\u00e9 z\u00edskat.<\/p>\n<p>Sebevra\u017eda, kter\u00e1 se v\u0161ak ned\u00e1 zaml\u010det, je ta, kterou n\u011bkdo sp\u00e1ch\u00e1 ve\u0159ejn\u011b \u2013 p\u0159ed s\u00eddlem vl\u00e1dy v Praze t\u0159ebas, nebo jako te\u010f \u2013 p\u0159ed z\u00e1kladn\u00ed \u0161kolou v Plzni apod. To nikdo neokec\u00e1. Tak se alespo\u0148 ml\u010d\u00ed o motivu, abychom si jako mysleli, \u017ee to s nyn\u011bj\u0161\u00ed kriz\u00ed nem\u011blo nic spole\u010dn\u00e9ho\u2026<\/p>\n<p>A vl\u00e1da? Politici? M\u00edsto toho, aby je hryzalo sv\u011bdom\u00ed a m\u011bli p\u016flky hr\u016fzou sev\u0159en\u00e9, \u017ee lid tuto vl\u00e1du \u2013 nejhor\u0161\u00ed v historii \u010cesk\u00e9 republiky \u2013 po\u017eene svinsk\u00fdm krokem jak by si zaslou\u017eila, m\u00edsto toho, aby se sna\u017eili sv\u00e9 chyby napravit a od\u010dinit, maj\u00ed \u00fapln\u011b jin\u00e9 starosti\u2026<\/p>\n<p>Nap\u0159\u00edklad si ud\u00edlej\u00ed vz\u00e1jemn\u011b vyznamen\u00e1n\u00ed \u2013 o tom jsem u\u017e tak\u00e9 psal, ale nebere to konce. Te\u010f nap\u0159\u00edklad dostal vyznamen\u00e1n\u00ed \u010desk\u00fd ministr zahrani\u010d\u00ed od ukrajinsk\u00e9ho ministra zahrani\u010d\u00ed. \u017de nev\u00edte, kdo je \u010desk\u00fd ministr zahrani\u010d\u00ed? No, ani se v\u00e1m nediv\u00edm \u2013 je to takov\u00fd nev\u00fdrazn\u00fd \u00fa\u0159edn\u00ed\u010dek, ale dob\u0159e \u017eiven\u00fd, vypad\u00e1 jak p\u0159erostl\u00e9 d\u00edt\u011b a kdy\u017e si nasad\u00ed vojenskou helmu, tak se sm\u011bjou nejen v Kremlu, ale ur\u010dit\u011b i v Kyjev\u011b. Ale to nic nem\u011bn\u00ed na tom, \u017ee si mus\u00ed vz\u00e1jemn\u011b podl\u00e9zat, proto\u017ee tohle v\u00e1le\u010dn\u00e9 \u201edobrodru\u017estv\u00ed\u201c je tak o hubu, \u017ee je pot\u0159eba jednotliv\u00e9 akt\u00e9ry i nad\u00e1le osobn\u011b pozitivn\u011b motivovat. A tak si \u010ce\u0161i, Pol\u00e1ci a Ukrajinci vz\u00e1jemn\u011b ud\u011bluj\u00ed medaile, vyznamen\u00e1n\u00ed za z\u00e1sluhy, st\u00e1tn\u00ed vyznamen\u00e1n\u00ed, v\u00e1le\u010dn\u00e9 k\u0159\u00ed\u017ee a v\u00fdro\u010dn\u00ed ceny a j\u00e1 nev\u00edm co v\u0161echno je\u0161t\u011b, aby stvrdili, \u017ee v t\u00e9hle v\u00e1lce a v t\u011bchto zlod\u011bjin\u00e1ch jedou SPOLU. A aby m\u011bli n\u011bco na pam\u00e1tku. Je pot\u0159eba to ud\u011blat rychle, proto\u017ee asi dob\u0159e tu\u0161\u00ed, \u017ee nikdo nev\u00ed dne hodiny, nikdo nev\u00ed, jak to dopadne a kolik \u010dasu je\u0161t\u011b zb\u00fdv\u00e1. Je pot\u0159eba si to p\u0159edat je\u0161t\u011b dnes, i kdy\u017e \u017e\u00e1dn\u00e9 z\u00e1sluhy je\u0161t\u011b ani nejsou, i kdy\u017e v\u00e1lka je\u0161t\u011b neskon\u010dila (a nikdo nev\u00ed, jak dopadne). Norm\u00e1ln\u011b se takov\u00e9 v\u011bci d\u011blaj\u00ed a\u017e pot\u00e9, kdy\u017e je po v\u0161em, kdy\u017e je rozhodnuto. Jenom\u017ee tady se sp\u011bch\u00e1, tady se ani na v\u00fdsledek v\u00e1lky ne\u010dek\u00e1, tady se u\u017e v\u0161ichni pl\u00e1caj\u00ed po z\u00e1dech, jako kdyby Putina u\u017e porazili. P\u0159erostl\u00e9 d\u00edt\u011b Lipavsk\u00fd si odn\u00e1\u0161\u00ed trofej, jako kdyby snad vlastnoru\u010dn\u011b sest\u0159elil deset rusk\u00fdch letadel (\u017ee by to on byl on\u00edm z\u00e1hadn\u00fdm \u201educhem Kyjeva\u201c?) nebo jako kdyby vyhodil do vzduchu Ker\u010dsk\u00fd most nebo Duginovu dceru. Tenhle \u0161a\u0161ek p\u0159itom pouze \u010dte z pap\u00edru americk\u00e9 noty, v gat\u00edch m\u00e1 z toho v\u0161eho hr\u016fzou nasr\u00e1no, v\u00e1lku si p\u0159edstavuje jako Hurv\u00ednek \u2013 ale dme se p\u00fdchou, jak\u00fd je to velk\u00fd hrdina, proto\u017ee dostal met\u00e1l. Bo\u017ee, jak je to sm\u011b\u0161n\u00e9, uboh\u00e9 a nechutn\u00e9\u2026 A jak smutn\u00e9: d\u016fchodci tady ve\u0159ejn\u011b p\u00e1chaj\u00ed sebevra\u017edy, proto\u017ee nemaj\u00ed na slo\u017eenky, ale ti dobytkov\u00e9 mysl\u00ed jen na sebe a sv\u00e1 vyznamen\u00e1n\u00ed.<\/p>\n<p>Nebo jin\u00fd p\u0159\u00edklad. Myslel jsem, \u017ee to je vtip z d\u00edlny CD89, kam r\u00e1d chod\u00edv\u00e1m \u2013 ostatn\u011b jsem to pr\u00e1v\u011b tam objevil \u2013 ale nakonec jsem zjistil, \u017ee to vtip nen\u00ed. Je to ofici\u00e1ln\u00ed infografika ODS (resp. SPOLU), ve kter\u00e9 se p\u00ed\u0161e, \u017ee \u201eve Sn\u011bmovn\u011b jsme schv\u00e1lili v\u00fdcvik ukrajinsk\u00fdch voj\u00e1k\u016f v \u010cesk\u00e9 republice\u201c. Doprovozeno fotografi\u00ed ukrajinsk\u00e9ho voj\u00e1ka p\u0159ed n\u011bjak\u00fdm rozst\u0159\u00edlen\u00fdm objektem. Vl\u00e1da n\u00e1m to sd\u011bluje, jako kdyby to byla kdov\u00edjak\u00e1 v\u00fdhra. Jako kdyby to bylo n\u011bco pro ob\u010dany. Jako kdyby to bylo n\u011bco dobr\u00e9ho pro \u010ceskou republiku. No \u2013 to tedy \u010desk\u00e9 ob\u010dany skute\u010dn\u011b pot\u011b\u0161\u00ed, \u017ee m\u00e1 jejich vl\u00e1da takov\u00e9 starosti. V\u016fbec nech\u00e1pu, \u017ee se t\u00edm chlub\u00ed. Nejen, \u017ee to bude st\u00e1t pen\u00edze n\u00e1s v\u0161ech (zat\u00edmco n\u00e1m v\u0161em se jich nedost\u00e1v\u00e1), nejen, \u017ee to ne\u0159e\u0161\u00ed na\u0161e ekonomick\u00e9 a bezpe\u010dnostn\u00ed probl\u00e9my, ale ono je to je\u0161t\u011b prohlubuje, ale tato vl\u00e1da m\u00e1 p\u0159esto tu drzost se t\u00edm je\u0161t\u011b ve\u0159ejn\u011b vytahovat. M\u011bla by se za to sp\u00ed\u0161e styd\u011bt a tutlat to, ale ona vytrubuje do sv\u011bta (ale o to asi jde, nejsp\u00ed\u0161e to nen\u00ed ur\u010deno pro \u010deskou ve\u0159ejnost), \u017ee m\u00edsto aby se starala o \u010desk\u00e9 d\u016fchodce, kte\u0159\u00ed si berou \u017eivot u\u017e nejen v soukrom\u00ed, ale v\u0161em ve\u0159ejn\u011b na o\u010d\u00edch, tak ona rad\u011bji cvi\u010d\u00ed ukrajinsk\u00e9 voj\u00e1ky, proto\u017ee podle H\u0148upovy vl\u00e1dy je p\u0159ece \u201eUkraine first\u201c, \u201eUkrajina na prvn\u00edm m\u00edst\u011b\u201c, zkr\u00e1tka \u2013 MUGA (\u201eMake Ukraine great again\u201c)\u2026<\/p>\n<p>Jenom\u017ee to jsem nem\u011bl d\u011blat \u2013 nem\u011bl jsem chodit na ofici\u00e1ln\u00ed facebook ODS, abych si ov\u011b\u0159il, \u017ee jde o ofici\u00e1ln\u00ed infografiku, proto\u017ee v tu chv\u00edli tam na mne podobn\u00fdch drz\u00fdch prohl\u00e1\u0161en\u00ed a \u010distokrevn\u00fdch a nefal\u0161ovan\u00fdch hovadin vysko\u010dila cel\u00e1 \u0159ada, a\u017e se mi ud\u011blalo mdlo. Premi\u00e9r H\u0148up si nevid\u00ed do huby nebo se sj\u00ed\u017ed\u00ed na kokainu jako jeho velk\u00fd ukrajinsk\u00fd vzor, proto\u017ee jinak nen\u00ed mo\u017en\u00e9, aby voli\u010d\u016fm se v\u0161\u00ed v\u00e1\u017enost\u00ed tvrdil (doprov\u00e1zeno infografikami), \u017ee:<\/p>\n<ul>\n<li>ukon\u010dili jsme z\u00e1vislost \u010cesk\u00e9 republiky na rusk\u00e9 rop\u011b<\/li>\n<li>reagujeme na Putinovu agresi nav\u00fd\u0161en\u00edm investic do obrany<\/li>\n<li>\u010desk\u00e1 vl\u00e1da zvl\u00e1d\u00e1 energetickou krizi apod.<\/li>\n<\/ul>\n<p>Pokud bychom m\u011bli pron\u00e1rodn\u00ed nez\u00e1vislou arm\u00e1du ur\u010denou k obran\u011b na\u0161\u00ed vlasti, nav\u00fd\u0161en\u00ed investic do obrany bych rovn\u011b\u017e podporoval. Proto\u017ee ale na\u0161i voj\u00e1ci slou\u017e\u00ed jako poskoci NATO, navy\u0161ujeme jen prost\u0159edky pro NATO, z \u010deho\u017e jako st\u00e1t \/ n\u00e1rod nic nem\u00e1me, jen bezpe\u010dnostn\u00ed riziko. Nemluv\u011b o tom, \u017ee jsme Ukrajin\u011b z na\u0161ich vojensk\u00fdch sklad\u016f dali, co jsme mohli a te\u010f u\u017e jen milostiv\u011b \u010dek\u00e1me, a\u017e si budeme moci od USA koupit dal\u0161\u00ed vojensk\u00fd \u0161rot \u2013 op\u011bt za na\u0161e t\u011b\u017ece vyd\u0159en\u00e9 pen\u00edze. D\u016fchodci a\u0165 si klidn\u011b d\u00e1l pro\u017eenou kulku hlavou nebo a\u0165 umrznou, hlavn\u011b \u017ee budeme moci ud\u011blat dal\u0161\u00ed k\u0161eft.<\/p>\n<p>K ukon\u010den\u00ed z\u00e1vislosti na rusk\u00e9 rop\u011b nebo sp\u00ed\u0161e k velkohub\u00e9mu prohl\u00e1\u0161en\u00ed premi\u00e9ra H\u0148upa, \u017ee ukon\u010dil na\u0161i z\u00e1vislost na t\u00e9to zl\u00e9 rusk\u00e9 surovin\u011b: na tiskovce on s\u00e1m vysv\u011btlil, \u017ee ropovod Dru\u017eba bude je\u0161t\u011b fungovat t\u0159i roky a teprve od roku 2025 dojde k n\u011b\u010demu, co bychom mohli nazvat \u010deskou nez\u00e1vislost\u00ed na rusk\u00e9 rop\u011b (poda\u0159\u00ed-li se nav\u00edc zrealizovat investice pot\u0159ebn\u00e9 k pos\u00edlen\u00ed ropovodu TAL). Tak\u017ee v\u0161echno jsou to jen plan\u00e9 sliby, v\u0161echno je to ve hv\u011bzd\u00e1ch, v\u0161echno je to jen plan\u00e9 \u017evan\u011bn\u00ed, je to jen H\u0148upovo zbo\u017en\u00e9 p\u0159\u00e1n\u00ed. Nav\u00edc \u2013 nez\u00e1vislost na Rusku znamen\u00e1 z\u00e1vislost na Z\u00e1pad\u011b, to za prv\u00e9. Znamen\u00e1 vy\u0161\u0161\u00ed ceny, to za druh\u00e9. A za t\u0159et\u00ed \u2013 dnes nev\u00edme, co bude z\u00edtra a k \u010demu dne\u0161n\u00ed velkohub\u00e1 prohl\u00e1\u0161en\u00ed vl\u00e1dy povedou. A\u017e polet\u00ed cena ropy nahoru je\u0161t\u011b v\u00edce, ne\u017e v posledn\u00edm roce \u010di a\u017e j\u00ed dokonce bude nedostatek, k \u010demu n\u00e1m bude H\u0148upovo chv\u00e1st\u00e1n\u00ed o n\u011b\u010dem, co m\u00e1 nastat a\u017e v roce 2025? St\u00e1le toti\u017e bereme 50 procent ropy od Rus\u016f p\u0159es Dru\u017ebu. Kdy\u017e se ta zav\u0159e a kapacita ropovodu TAL se nav\u00fd\u0161\u00ed a\u017e za t\u0159i roky, co budeme d\u011blat do t\u00e9 doby? Norm\u00e1ln\u011b uva\u017euj\u00edc\u00ed \u010dlov\u011bk se nezbavuje jednoho zdroje, dokud nem\u00e1 zaji\u0161t\u011bn zdroj n\u00e1hradn\u00ed. Jen \u010desk\u00e1 vl\u00e1da je tak hloup\u00e1, \u017ee si zav\u0159e kohouty o t\u0159i roky d\u0159\u00edve, ne\u017e si vybuduje n\u011bjak\u00e9 alternativn\u00ed.<\/p>\n<p>O v\u00fdk\u0159iku, \u017ee \u010desk\u00e1 vl\u00e1da zvl\u00e1d\u00e1 energetickou krizi, snad ani nen\u00ed t\u0159eba se rozepisovat. Ta krize sotva za\u010dala, ale podle vl\u00e1dy je u\u017e v\u0161e asi vy\u0159e\u0161eno, \u010desk\u00e9 p\u0159edsednictv\u00ed je pr\u00fd vele\u00fasp\u011b\u0161n\u00e9 a m\u00edra schopnosti \u010desk\u00e9 vl\u00e1dy se m\u011b\u0159\u00ed podle toho, co o n\u00ed napsala z\u00e1padn\u00ed agentura Bloomberg (ano, i to se na facebooku ODS do\u010dteme).<\/p>\n<p>Premi\u00e9r je p\u0159esv\u011bd\u010den o tom, \u017ee krizi zvl\u00e1dl, dokonce natolik, \u017ee u\u017e sp\u0159\u00e1d\u00e1 pl\u00e1ny na to, co bude vl\u00e1da d\u011blat p\u0159\u00ed\u0161t\u00ed rok. Zat\u00edmco letos \u201ejen\u201c bojovala s Putinem a \u0159e\u0161ila energetickou krizi, od p\u0159\u00ed\u0161t\u00edho roku pr\u00fd p\u0159ijde s koncep\u010dn\u00edm \u0159e\u0161en\u00edm, co s \u010cR na dal\u0161\u00edch deset let. Slibuje z\u00e1sadn\u00ed reformy \u2013 d\u016fchodovou, \u0161kolskou apod. M\u011bli bychom se za\u010d\u00edt b\u00e1t.<\/p>\n<p>Nejen proto, \u017ee si vl\u00e1da evidentn\u011b neuv\u011bdomuje, v jak\u00fdch jsme probl\u00e9mech, ale i proto, \u017ee pokud tato vlastizr\u00e1dn\u00e1 vl\u00e1da chyst\u00e1 z\u00e1sadn\u00ed reformy, je to jen eufemismus pro dal\u0161\u00ed pou\u0161t\u011bn\u00ed \u017eilou tomuto n\u00e1rodu. Mo\u017en\u00e1 za to jej\u00edm p\u0159edstavitel\u016fm zase n\u011bkdo ud\u011bl\u00ed n\u011bjak\u00e9 vyznamen\u00e1n\u00ed \u010di cenu (jako nap\u0159\u00edklad ministr financ\u00ed roku, jako dostal kdysi Kalousek), ale v praxi to bude jist\u011b znamenat \u2013 kdy\u017e u\u017e jsme t\u00edm t\u00e9matem za\u010dali \u2013 nejsp\u00ed\u0161e v\u00edce ve\u0159ejn\u011b up\u00e1len\u00fdch \u010di kulkou zabit\u00fdch d\u016fchodc\u016f.<\/p>\n<p>A to nesm\u00edme dopustit.<\/p>\n<p>Proto: Vlasti zdar, H\u0148upov\u011b vl\u00e1d\u011b zmar!<\/p>\n<p><em>Adam B. Barto\u0161<\/em><br \/>\n<em>p\u0159edseda N\u00e1rodn\u00ed demokracie<\/em><\/p>\n<p><img decoding=\"async\" loading=\"lazy\" class=\"alignnone size-full wp-image-678\" src=\"http:\/\/www.infokuryr.cz\/n\/wp-content\/uploads\/2021\/04\/narodni_demokracie_logo.jpg\" alt=\"\" width=\"300\" height=\"85\" \/><\/p>\n<p>____________________________________________<\/p>\n<p>&nbsp;<\/p>\n<p><img decoding=\"async\" loading=\"lazy\" class=\"wp-image-19116 aligncenter\" src=\"http:\/\/www.infokuryr.cz\/n\/wp-content\/uploads\/2022\/12\/PRO-LOGO-300x29.jpg\" alt=\"\" width=\"1200\" height=\"116\" srcset=\"https:\/\/www.infokuryr.cz\/n\/wp-content\/uploads\/2022\/12\/PRO-LOGO-300x29.jpg 300w, https:\/\/www.infokuryr.cz\/n\/wp-content\/uploads\/2022\/12\/PRO-LOGO-768x75.jpg 768w, https:\/\/www.infokuryr.cz\/n\/wp-content\/uploads\/2022\/12\/PRO-LOGO.jpg 998w\" sizes=\"(max-width: 1200px) 100vw, 1200px\" \/><\/p>\n<p>&nbsp;<\/p>\n","protected":false},"excerpt":{"rendered":"<p>P\u0159em\u00fd\u0161lel jsem, o \u010dem napsat dne\u0161n\u00ed ned\u011bln\u00edk. Speci\u00e1ln\u00ed poselstv\u00ed pro v\u00e1s tento t\u00fdden nem\u00e1m. Ale&#8230;<\/p>\n","protected":false},"author":2,"featured_media":19286,"comment_status":"closed","ping_status":"closed","sticky":false,"template":"","format":"standard","meta":[],"categories":[6],"tags":[76,29,122,99],"_links":{"self":[{"href":"https:\/\/www.infokuryr.cz\/n\/wp-json\/wp\/v2\/posts\/19285"}],"collection":[{"href":"https:\/\/www.infokuryr.cz\/n\/wp-json\/wp\/v2\/posts"}],"about":[{"href":"https:\/\/www.infokuryr.cz\/n\/wp-json\/wp\/v2\/types\/post"}],"author":[{"embeddable":true,"href":"https:\/\/www.infokuryr.cz\/n\/wp-json\/wp\/v2\/users\/2"}],"replies":[{"embeddable":true,"href":"https:\/\/www.infokuryr.cz\/n\/wp-json\/wp\/v2\/comments?post=19285"}],"version-history":[{"count":0,"href":"https:\/\/www.infokuryr.cz\/n\/wp-json\/wp\/v2\/posts\/19285\/revisions"}],"wp:featuredmedia":[{"embeddable":true,"href":"https:\/\/www.infokuryr.cz\/n\/wp-json\/wp\/v2\/media\/19286"}],"wp:attachment":[{"href":"https:\/\/www.infokuryr.cz\/n\/wp-json\/wp\/v2\/media?parent=19285"}],"wp:term":[{"taxonomy":"category","embeddable":true,"href":"https:\/\/www.infokuryr.cz\/n\/wp-json\/wp\/v2\/categories?post=19285"},{"taxonomy":"post_tag","embeddable":true,"href":"https:\/\/www.infokuryr.cz\/n\/wp-json\/wp\/v2\/tags?post=19285"}],"curies":[{"name":"wp","href":"https:\/\/api.w.org\/{rel}","templated":true}]}}