{"id":19265,"date":"2022-12-06T01:08:41","date_gmt":"2022-12-06T00:08:41","guid":{"rendered":"http:\/\/www.infokuryr.cz\/n\/?p=19265"},"modified":"2022-12-05T18:55:00","modified_gmt":"2022-12-05T17:55:00","slug":"zdenek-jemelik-trest-jako-mira-zavaznosti-skutku","status":"publish","type":"post","link":"https:\/\/www.infokuryr.cz\/n\/2022\/12\/06\/zdenek-jemelik-trest-jako-mira-zavaznosti-skutku\/","title":{"rendered":"Zden\u011bk Jemel\u00edk: Trest jako m\u00edra z\u00e1va\u017enosti skutku"},"content":{"rendered":"<div id=\"fb-root\"><\/div>\n<p><strong>Usnesen\u00edm \u00dastavn\u00edho soudu definitivn\u011b skon\u010dila kauza zneu\u017eit\u00ed Vojensk\u00e9ho zpravodajstv\u00ed Janou Nagyovou, dnes Ne\u010dasovou. Rozsudky nad d\u016fstojn\u00edky Vojensk\u00e9ho zpravodajstv\u00ed a zadavatelkou jejich nez\u00e1konn\u00e9 \u010dinnosti z\u016fstaly v platnosti. Odsouzen\u00fdm nepomohla ani dovednost slovutn\u00fdch advok\u00e1t\u016f, kte\u0159\u00ed se nechali najmout k seps\u00e1n\u00ed \u00fastavn\u00edch st\u00ed\u017enost\u00ed.<\/strong><\/p>\n<p>Kdysi jsem z \u00fast n\u011bjak\u00e9 soudkyn\u011b sly\u0161el v\u00fdrok, \u017ee podm\u00edn\u011bn\u00fd trest nen\u00ed trest, pouze pohr\u016f\u017eka trestem. V t\u00e9to kauze soudy neulo\u017eily \u017e\u00e1dn\u00e9 nepodm\u00edn\u011bn\u00e9 tresty, pouze zost\u0159ily podm\u00edn\u011bn\u00e9 tresty \u010dasov\u011b omezen\u00fdmi z\u00e1kazy \u010dinnosti.<\/p>\n<p>Je-li v\u00fd\u0161e trestu v\u00fdrazem z\u00e1va\u017enosti provin\u011bn\u00ed, pak lze vyvodit, \u017ee sledov\u00e1n\u00ed man\u017eelky p\u0159edsedy vl\u00e1dy Vojensk\u00fdm zpravodajstv\u00edm nen\u00ed v\u00fdznamn\u00fdm provin\u011bn\u00edm. V \u017e\u00e1dn\u00e9 z jin\u00fdch kauz, kter\u00e9 jsou v\u00fdsledkem pu\u010de z 13. \u010dervna 2013, neulo\u017eily soudy nepodm\u00edn\u011bn\u00e9 vysok\u00e9 tresty.<\/p>\n<p>Jako laik z toho vyvozuji, \u017ee v kabinet\u011b p\u0159edsedy vl\u00e1dy Petra Ne\u010dase sice doch\u00e1zelo k r\u016fzn\u00fdm neplech\u00e1m, ale k \u017e\u00e1dn\u00e9 z\u00e1va\u017en\u00e9 trestn\u00e9 \u010dinnosti. Nepotvrdila se pravdivost nabub\u0159el\u00fdch ozn\u00e1men\u00ed na tiskov\u00e9 konferenci z n\u00e1sleduj\u00edc\u00edho dne o pror\u016fst\u00e1n\u00ed zlo\u010dinu do st\u00e1tn\u00ed spr\u00e1vy, zabaven\u00e9m zlatu a pen\u011bz\u00edch. Hora porodila my\u0161.<\/p>\n<p>\u017d\u00e1dn\u00e1 z podchycen\u00fdch neplech neohro\u017eovala vn\u011bj\u0161\u00ed ani vnit\u0159n\u00ed bezpe\u010dnost st\u00e1tu ani jeho ekonomickou prosperitu. Jednalo se o neetick\u00e9 jedn\u00e1n\u00ed nepatrn\u00e9 \u0161kodlivosti.<\/p>\n<p>Vede to znova a znova k polo\u017een\u00ed ot\u00e1zky, zda neplechy v kabinet\u011b p\u0159edsedy vl\u00e1dy nebylo mo\u017en\u00e9 \u0159e\u0161it jinak ne\u017e nasazen\u00edm n\u011bkolika set policist\u016f a p\u0159esunut\u00edm do Prahy m\u00edstn\u011b nep\u0159\u00edslu\u0161n\u00fdch st\u00e1tn\u00edch z\u00e1stupc\u016f olomouck\u00e9ho vrchn\u00edho st\u00e1tn\u00edho zastupitelstv\u00ed, s n\u00e1sledkem p\u00e1du vl\u00e1dy Petra Ne\u010dase, ustaven\u00ed \u00fa\u0159ednick\u00e9 vl\u00e1dy a v\u00fdznamn\u00fdch zm\u011bn ve voli\u010dsk\u00fdch preferenc\u00edch.<\/p>\n<p>O d\u016fvodnosti pu\u010de m\u00e1m jako laik pochybnosti, i kdy\u017e skvadra kolem Petra Ne\u010dase a Miroslava Kalouska m\u011b pohor\u0161ovala t\u00edm, \u017ee d\u00e1vala p\u0159\u00edli\u0161 najevo, \u017ee ve V\u011bcech ve\u0159ejn\u00fdch nevid\u00ed koali\u010dn\u00edho partnera, ale ne\u017e\u00e1douc\u00edho vet\u0159elce. Odnesl to policejn\u00ed prezident Petr Lessy, odvolan\u00fd z funkce a nespravedliv\u011b trestn\u011b st\u00edhan\u00fd.<\/p>\n<p>Petr Ne\u010das v t\u00e9 dob\u011b hrd\u011b prohl\u00e1sil, \u017ee parta policejn\u00edch plukovn\u00edk\u016f nebude ur\u010dovat, kdo bude ve vl\u00e1d\u011b, ale 13. \u010dervna 2013 mu policist\u00e9 a st\u00e1tn\u00ed z\u00e1stupci nalili \u010dist\u00e9ho v\u00edna.<\/p>\n<p>Takov\u00e9 zp\u016fsoby n\u00e1pravy nepravost\u00ed ve st\u00e1tn\u00ed spr\u00e1v\u011b jsou neslu\u010diteln\u00e9 s pravidly chov\u00e1n\u00ed demokratick\u00e9ho pr\u00e1vn\u00edho st\u00e1tu. Bylo jist\u011b na m\u00edst\u011b odsunout Janu Nagyovou do postaven\u00ed, v n\u011bm\u017e by nem\u011bla vliv, nebo p\u0159im\u011bt Petra Ne\u010dase k tich\u00e9 resignaci, pokud by nezbytnost jej\u00edho zapuzen\u00ed necht\u011bl pochopit. Ale zneu\u017eit\u00ed policie a st\u00e1tn\u00edho zastupitelstv\u00ed k dosa\u017een\u00ed tohoto \u00fa\u010dinku z\u0159ejm\u011b nebylo jedinou mo\u017enost\u00ed, a k takov\u00e9mu \u00fa\u010delu je st\u00e1t ani nez\u0159\u00eddil.<\/p>\n<p>Proveden\u00ed pu\u010de pod bezprost\u0159edn\u00edm dohledem m\u00edstn\u011b nep\u0159\u00edslu\u0161n\u00fdch st\u00e1tn\u00edch z\u00e1stupc\u016f nebylo mo\u017en\u00e9 bez rozhodnut\u00ed nejvy\u0161\u0161\u00edho st\u00e1tn\u00edho z\u00e1stupce Pavla Zemana. Je pozoruhodn\u00e9, \u017ee zat\u00edm nikdo mu nepolo\u017eil ot\u00e1zku, jak\u00e9 \u00favahy ho k rozhodnut\u00ed p\u0159ivedly.<\/p>\n<p>Je to o to divn\u011bj\u0161\u00ed, \u017ee nelze vylou\u010dit, \u017ee se dopustil zneu\u017eit\u00ed pravomoci vysl\u00e1n\u00edm st\u00e1tn\u00edch z\u00e1stupc\u016f a policist\u016f k vyvol\u00e1n\u00ed z\u00e1sadn\u00edch politick\u00fdch zm\u011bn, ru\u0161\u00edc\u00edch v\u00fdsledky voleb.<\/p>\n<p>P\u0161tros\u00ed p\u0159\u00edstup politick\u00fdch v\u011brchu\u0161ek r\u016fzn\u00fdch odst\u00edn\u016f k pu\u010di z 13. \u010dervna 2013 v sob\u011b skr\u00fdv\u00e1 nebezpe\u010d\u00ed opakov\u00e1n\u00ed podobn\u00fdch nep\u0159\u00edstojnost\u00ed kdykoli v budoucnosti. V\u0161ichni, kdo od kauzy odvracej\u00ed tv\u00e1\u0159, se vystavuj\u00ed nebezpe\u010d\u00ed, \u017ee z\u00edtra se mohou st\u00e1t dal\u0161\u00ed ob\u011bt\u00ed podobn\u00e9ho dareb\u00e1ctv\u00ed.<\/p>\n<p>Kdyby p\u0159ece jen do\u0161lo na kladen\u00ed ot\u00e1zek Pavlu Zemanovi, st\u00e1lo by za pokus zeptat se jej nav\u00edc, co krom\u011b politick\u00e9 z\u00e1\u0161ti, obecn\u011b neslu\u010diteln\u00e9 s postaven\u00edm st\u00e1tn\u00edho z\u00e1stupce, jej vedlo k zru\u0161en\u00ed rozhodnut\u00ed dozorov\u00e9ho st\u00e1tn\u00edho z\u00e1stupce v kauze \u010cap\u00ed hn\u00edzdo o zastaven\u00ed trestn\u00edho st\u00edh\u00e1n\u00ed Andreje Babi\u0161e a Jany Nagyov\u00e9. V\u00fdsledkem nen\u00ed toti\u017e nic jin\u00e9ho ne\u017e nejapn\u00fd pokus na\u010dasov\u00e1n\u00edm soudn\u00edho \u0159\u00edzen\u00ed ovlivnit komun\u00e1ln\u00ed, sen\u00e1tn\u00ed a prezidentsk\u00e9 volby, kter\u00fd je beztak ne\u00fa\u010dinn\u00fd.<\/p>\n<p><strong>Zden\u011bk Jemel\u00edk<\/strong><\/p>\n<p><img decoding=\"async\" loading=\"lazy\" class=\"alignnone size-medium wp-image-357\" src=\"http:\/\/www.infokuryr.cz\/n\/wp-content\/uploads\/2021\/04\/Jemelik-u-soudu-300x145.jpeg\" alt=\"\" width=\"300\" height=\"145\" srcset=\"https:\/\/www.infokuryr.cz\/n\/wp-content\/uploads\/2021\/04\/Jemelik-u-soudu-300x145.jpeg 300w, https:\/\/www.infokuryr.cz\/n\/wp-content\/uploads\/2021\/04\/Jemelik-u-soudu.jpeg 320w\" sizes=\"(max-width: 300px) 100vw, 300px\" \/><\/p>\n<p>&nbsp;<\/p>\n<p><img decoding=\"async\" loading=\"lazy\" class=\"wp-image-19187 aligncenter\" src=\"http:\/\/www.infokuryr.cz\/n\/wp-content\/uploads\/2022\/12\/1-PRO-300x36.jpg\" alt=\"\" width=\"1167\" height=\"140\" srcset=\"https:\/\/www.infokuryr.cz\/n\/wp-content\/uploads\/2022\/12\/1-PRO-300x36.jpg 300w, https:\/\/www.infokuryr.cz\/n\/wp-content\/uploads\/2022\/12\/1-PRO.jpg 699w\" sizes=\"(max-width: 1167px) 100vw, 1167px\" \/><\/p>\n<p>&nbsp;<\/p>\n<p>&nbsp;<\/p>\n","protected":false},"excerpt":{"rendered":"<p>Usnesen\u00edm \u00dastavn\u00edho soudu definitivn\u011b skon\u010dila kauza zneu\u017eit\u00ed Vojensk\u00e9ho zpravodajstv\u00ed Janou Nagyovou, dnes Ne\u010dasovou. Rozsudky nad&#8230;<\/p>\n","protected":false},"author":2,"featured_media":1627,"comment_status":"closed","ping_status":"closed","sticky":false,"template":"","format":"standard","meta":[],"categories":[6],"tags":[1042,520,3964],"_links":{"self":[{"href":"https:\/\/www.infokuryr.cz\/n\/wp-json\/wp\/v2\/posts\/19265"}],"collection":[{"href":"https:\/\/www.infokuryr.cz\/n\/wp-json\/wp\/v2\/posts"}],"about":[{"href":"https:\/\/www.infokuryr.cz\/n\/wp-json\/wp\/v2\/types\/post"}],"author":[{"embeddable":true,"href":"https:\/\/www.infokuryr.cz\/n\/wp-json\/wp\/v2\/users\/2"}],"replies":[{"embeddable":true,"href":"https:\/\/www.infokuryr.cz\/n\/wp-json\/wp\/v2\/comments?post=19265"}],"version-history":[{"count":0,"href":"https:\/\/www.infokuryr.cz\/n\/wp-json\/wp\/v2\/posts\/19265\/revisions"}],"wp:featuredmedia":[{"embeddable":true,"href":"https:\/\/www.infokuryr.cz\/n\/wp-json\/wp\/v2\/media\/1627"}],"wp:attachment":[{"href":"https:\/\/www.infokuryr.cz\/n\/wp-json\/wp\/v2\/media?parent=19265"}],"wp:term":[{"taxonomy":"category","embeddable":true,"href":"https:\/\/www.infokuryr.cz\/n\/wp-json\/wp\/v2\/categories?post=19265"},{"taxonomy":"post_tag","embeddable":true,"href":"https:\/\/www.infokuryr.cz\/n\/wp-json\/wp\/v2\/tags?post=19265"}],"curies":[{"name":"wp","href":"https:\/\/api.w.org\/{rel}","templated":true}]}}