{"id":1926,"date":"2021-05-24T02:35:23","date_gmt":"2021-05-24T00:35:23","guid":{"rendered":"http:\/\/www.infokuryr.cz\/n\/?p=1926"},"modified":"2021-05-24T02:35:23","modified_gmt":"2021-05-24T00:35:23","slug":"vy-pocitate-s-muslimy-ale-my-se-hlasime-ke-krestanskym-hodnotam-orban-reaguje-na-navrh-zmeny-v-eu","status":"publish","type":"post","link":"https:\/\/www.infokuryr.cz\/n\/2021\/05\/24\/vy-pocitate-s-muslimy-ale-my-se-hlasime-ke-krestanskym-hodnotam-orban-reaguje-na-navrh-zmeny-v-eu\/","title":{"rendered":"Vy po\u010d\u00edt\u00e1te s muslimy, ale my se hl\u00e1s\u00edme ke k\u0159es\u0165ansk\u00fdm hodnot\u00e1m. Orb\u00e1n reaguje na n\u00e1vrh zm\u011bny v EU"},"content":{"rendered":"<div id=\"fb-root\"><\/div>\n<p><strong>Ma\u010farsk\u00fd premi\u00e9r Viktor Orb\u00e1n se d\u016frazn\u011b ohradil proti v\u00fdzv\u011b kandid\u00e1ta na p\u0159\u00ed\u0161t\u00edho n\u011bmeck\u00e9ho kancl\u00e9\u0159e Armina Lascheta, kter\u00fd p\u0159ipustil zm\u011bnu typu hlasov\u00e1n\u00ed v Evropsk\u00e9 unie. Podle p\u0159edsedy CDU by p\u0159ijet\u00ed rozhodnut\u00ed v oblasti zahrani\u010dn\u00ed politiky m\u011blo prob\u00edhat na z\u00e1klad\u011b v\u011bt\u0161inov\u00e9ho hlasov\u00e1n\u00ed m\u00edsto jednomysln\u00e9ho, kter\u00e9 se uplat\u0148uje v sou\u010dasn\u00e9 dob\u011b.<\/strong><\/p>\n<p>Tento t\u00fdden Ma\u010farsko jako jedin\u00fd \u010dlensk\u00fd st\u00e1t odm\u00edtlo podpo\u0159it spole\u010dn\u00e9 prohl\u00e1\u0161en\u00ed Evropsk\u00e9 unie v\u016f\u010di Izraeli a Palestin\u011b v souvislosti s prob\u00edhaj\u00edc\u00edm n\u00e1siln\u00fdm konfliktem mezi dv\u011bma subjekty. Podle ma\u010farsk\u00e9 strany zm\u00edn\u011bn\u00e9 prohl\u00e1\u0161en\u00ed fakticky p\u0159irovn\u00e1valo st\u00e1t Izrael k\u00a0organizaci, kter\u00e1 se nach\u00e1z\u00ed na sank\u010dn\u00edm seznamu EU. Nehled\u011b na to, \u017ee evropsk\u00e9 st\u00e1ty uzn\u00e1valy pr\u00e1vo Izraele na sebeobranu, zd\u016fraznily p\u0159itom, aby ta odveta byla p\u0159im\u011b\u0159en\u00e1 a byla v souladu s mezin\u00e1rodn\u00edm humanit\u00e1rn\u00edm pr\u00e1vem. Nav\u00edc 26 z 27 \u010dlensk\u00fdch st\u00e1t\u016f unie vyzvalo k neprodlen\u00e9mu\u00a0zastaven\u00ed n\u00e1sil\u00ed\u00a0a ve\u0161ker\u00fdch vojensk\u00fdch operac\u00ed.<\/p>\n<p>Ministr zahrani\u010dn\u00edch v\u011bc\u00ed Ma\u010farska Peter Szijj\u00e1rt\u00f3\u00a0ozna\u010dil\u00a0evropsk\u00e1 prohl\u00e1\u0161en\u00ed v\u016f\u010di Izraeli za jednostrann\u00e1, kter\u00e1 \u017e\u00e1dn\u00fdm zp\u016fsobem nep\u0159isp\u00edvaj\u00ed k vy\u0159e\u0161en\u00ed probl\u00e9mu. Podle n\u011bj by se evropsk\u00e1 diplomacie nem\u011bla skl\u00e1dat jenom z posouzen\u00ed, negativn\u00edch prohl\u00e1\u0161en\u00ed a sankc\u00ed.<\/p>\n<p>\u201eJ\u00e1 si mysl\u00edm, \u017ee men\u0161\u00ed po\u010det posouzen\u00ed, ponau\u010den\u00ed, kritiky, m\u00e9n\u011b vm\u011b\u0161ov\u00e1n\u00ed a p\u0159\u00edstup zam\u011b\u0159en\u00fd na pragmatickou kooperaci by mohly vr\u00e1tit v\u00e1hu Evropsk\u00e9 unii,\u201d prohl\u00e1sil \u0161\u00e9f ma\u010farsk\u00e9 diplomacie.<\/p>\n<p><strong>Protest Orb\u00e1na proti mo\u017en\u00e9 zm\u011bn\u011b typu hlasov\u00e1n\u00ed uvnit\u0159 EU<\/strong><\/p>\n<p>Na vetov\u00e1n\u00ed Ma\u010farskem spole\u010dn\u00e9ho prohl\u00e1\u0161en\u00ed Evropsk\u00e9 unie zareagoval p\u0159edseda K\u0159es\u0165anskodemokratick\u00e9 unie (CDU) a kandid\u00e1t na p\u0159\u00ed\u0161t\u00edho kancl\u00e9\u0159e SRN\u00a0Armin Laschet, kter\u00fd poznamenal, \u017ee tento p\u0159\u00edpad je dal\u0161\u00edm d\u016fvodem k tomu, aby proces rozhodov\u00e1n\u00ed v r\u00e1mci EU ohledn\u011b zahrani\u010dn\u011bpolitick\u00fdch ot\u00e1zek byl zm\u011bn\u011bn z jednomysln\u00e9ho na v\u011bt\u0161inov\u00fd.<\/p>\n<p>N\u00e1pad n\u011bmeck\u00e9ho politika se moc nezamlouval ma\u010farsk\u00e9mu premi\u00e9rovi\u00a0<strong>Viktoru Orb\u00e1novi<\/strong>, kter\u00fd\u00a0zd\u016fraznil, \u017ee postup Ma\u010farska byl v naprost\u00e9m souladu s dohodami v r\u00e1mci Evropsk\u00e9 unie. D\u00e1le Orb\u00e1n uvedl, \u017ee z\u00e1padn\u00ed st\u00e1ty si mus\u00ed uv\u011bdomit, \u017ee v\u00fdchodoevropsk\u00e9 zem\u011b jsou plnohodnotn\u00fdmi \u010dleny unie, kter\u00e9 maj\u00ed pr\u00e1vo h\u00e1jit sv\u00e9 hodnoty, sv\u00e9 n\u00e1rodn\u00ed z\u00e1jmy a zast\u00e1vat se sv\u00fdch spojenc\u016f.<\/p>\n<p>\u201eSt\u00e1ty francouzsko-n\u011bmeck\u00e9 osy maj\u00ed miliony ob\u010dan\u016f muslimsk\u00e9ho vyzn\u00e1n\u00ed a jejich n\u00e1zory nemohou b\u00fdt ignorov\u00e1ny v r\u00e1mci demokratick\u00e9ho syst\u00e9mu\u2026M\u016f\u017eeme vid\u011bt, \u017ee v\u011bt\u0161ina st\u00e1t\u016f z\u00e1padn\u00ed Evropy vstupuje do \u00e9ry postn\u00e1rodn\u00ed a postk\u0159es\u0165ansk\u00e9ho konceptu \u017eivota. Nicm\u00e9n\u011b nen\u00ed mo\u017en\u00e9 ignorovat skute\u010dnost, \u017ee my st\u00e1le \u017eijeme v souladu s \u017eidok\u0159es\u0165ansk\u00fdmi hodnotami, \u017eidok\u0159es\u0165ansk\u00fdm konceptem \u017eivota,\u201d napsal Viktor Orb\u00e1n.<\/p>\n<p><a href=\"https:\/\/cz.sputniknews.com\/20210523\/vy-pocitate-s-muslimy-ale-my-se-hlasime-ke-krestanskym-hodnotam-orban-reaguje-na-navrh-zmeny-v-eu-14583375.html\">ZDROJ<\/a><\/p>\n<p>&nbsp;<\/p>\n","protected":false},"excerpt":{"rendered":"<p>Ma\u010farsk\u00fd premi\u00e9r Viktor Orb\u00e1n se d\u016frazn\u011b ohradil proti v\u00fdzv\u011b kandid\u00e1ta na p\u0159\u00ed\u0161t\u00edho n\u011bmeck\u00e9ho kancl\u00e9\u0159e Armina&#8230;<\/p>\n","protected":false},"author":2,"featured_media":1927,"comment_status":"closed","ping_status":"closed","sticky":false,"template":"","format":"standard","meta":[],"categories":[7],"tags":[41,78,439],"_links":{"self":[{"href":"https:\/\/www.infokuryr.cz\/n\/wp-json\/wp\/v2\/posts\/1926"}],"collection":[{"href":"https:\/\/www.infokuryr.cz\/n\/wp-json\/wp\/v2\/posts"}],"about":[{"href":"https:\/\/www.infokuryr.cz\/n\/wp-json\/wp\/v2\/types\/post"}],"author":[{"embeddable":true,"href":"https:\/\/www.infokuryr.cz\/n\/wp-json\/wp\/v2\/users\/2"}],"replies":[{"embeddable":true,"href":"https:\/\/www.infokuryr.cz\/n\/wp-json\/wp\/v2\/comments?post=1926"}],"version-history":[{"count":0,"href":"https:\/\/www.infokuryr.cz\/n\/wp-json\/wp\/v2\/posts\/1926\/revisions"}],"wp:featuredmedia":[{"embeddable":true,"href":"https:\/\/www.infokuryr.cz\/n\/wp-json\/wp\/v2\/media\/1927"}],"wp:attachment":[{"href":"https:\/\/www.infokuryr.cz\/n\/wp-json\/wp\/v2\/media?parent=1926"}],"wp:term":[{"taxonomy":"category","embeddable":true,"href":"https:\/\/www.infokuryr.cz\/n\/wp-json\/wp\/v2\/categories?post=1926"},{"taxonomy":"post_tag","embeddable":true,"href":"https:\/\/www.infokuryr.cz\/n\/wp-json\/wp\/v2\/tags?post=1926"}],"curies":[{"name":"wp","href":"https:\/\/api.w.org\/{rel}","templated":true}]}}