{"id":19253,"date":"2022-12-06T01:01:50","date_gmt":"2022-12-06T00:01:50","guid":{"rendered":"http:\/\/www.infokuryr.cz\/n\/?p=19253"},"modified":"2022-12-05T17:30:33","modified_gmt":"2022-12-05T16:30:33","slug":"petr-hannig-zacatek-dobrovolneho-otroctvi","status":"publish","type":"post","link":"https:\/\/www.infokuryr.cz\/n\/2022\/12\/06\/petr-hannig-zacatek-dobrovolneho-otroctvi\/","title":{"rendered":"Petr Hannig: Za\u010d\u00e1tek dobrovoln\u00e9ho otroctv\u00ed"},"content":{"rendered":"<div id=\"fb-root\"><\/div>\n<p><strong>Jednou z nejsiln\u011bj\u0161\u00edch zbran\u00ed, kterou se dost\u00e1vaj\u00ed lid\u00e9 dobrovoln\u011b do jha otroctv\u00ed, je z po\u010d\u00e1tku tzv. soft power, do \u010de\u0161tiny p\u0159elo\u017eeno m\u011bkk\u00e1 s\u00edla. A\u017e pak, kdy\u017e je prost\u0159ednictv\u00edm t\u00e9to m\u011bkk\u00e9 s\u00edly dostate\u010dn\u011b p\u0159ipravena p\u016fda pro dal\u0161\u00ed ze t\u0159\u00ed polo\u017eek pot\u0159ebn\u00fdch k ovl\u00e1dnut\u00ed lid\u00ed a pota\u017emo i st\u00e1t\u016f, nastupuj\u00ed ekonomick\u00e9 prost\u0159edky a nakonec je to s\u00edla vojensk\u00e1. Toto jsou z\u00e1kladn\u00ed pou\u010dky geopolitiky.<\/strong><\/p>\n<p>\u010cesk\u00e1 spole\u010dnost si pro\u0161la u\u017e prvn\u00edmi dv\u011bma f\u00e1zemi. Co se t\u00fdk\u00e1 t\u00e9 druh\u00e9 f\u00e1ze, ekonomick\u00fdch prost\u0159edk\u016f, v\u00a0\u010desk\u00fdch ruk\u00e1ch u\u017e nen\u00ed skoro \u017e\u00e1dn\u00fd strategick\u00fd zdroj. T\u00e9m\u011b\u0159 v\u0161e je rozprod\u00e1no ciz\u00edm vlastn\u00edk\u016fm. Ty nejv\u00fdznamn\u011bj\u0161\u00ed banky (banky jsou p\u00e1te\u0159\u00ed kapitalismu) pat\u0159\u00ed zahrani\u010dn\u00edm vlastn\u00edk\u016fm, voda ve v\u011bt\u0161in\u011b velk\u00fdch m\u011bst pat\u0159\u00ed t\u00e9\u017e zahrani\u010dn\u00edmu vlastn\u00edkovi, na\u0161i levn\u011b vyr\u00e1b\u011bnou elekt\u0159inu pos\u00edl\u00e1me na zahrani\u010dn\u00ed burzu, abychom si ji odtud za draho kupovali, na\u0161e rodinn\u00e9 st\u0159\u00edbro \u0160kodovka pat\u0159\u00ed n\u011bmeck\u00e9mu vlastn\u00edkovi a nyn\u00ed se t\u0159eseme strachem, aby v\u00fdrobu nep\u0159esunul do lacin\u011bj\u0161\u00edch teritori\u00ed a t\u00edm zni\u010dil ve\u0161kerou ekonomickou infrastrukturu jednoho cel\u00e9ho okresu a v\u00fdznamnou polo\u017eku zam\u011bstnanosti obyvatelstva. I to plze\u0148sk\u00e9 pivo n\u00e1m tak\u00e9 nepat\u0159\u00ed a natahuj\u00ed se chapadla chobotnice i po posledn\u00ed z\u00a0velk\u00fdch pivn\u00edch zna\u010dek, po Budvaru. To ekonomick\u00e9 otroctv\u00ed u\u017e je velk\u00e9 v\u011bt\u0161in\u011b obyvatelstva zn\u00e1m\u00e9, nebo\u0165 je poci\u0165uj\u00ed tzv. na vlastn\u00ed k\u016f\u017ei.<\/p>\n<p>Co si zat\u00edm lid\u00e9 neuv\u011bdomuj\u00ed, je to, \u017ee v\u0161e za\u010dalo tou prvn\u00ed z\u00a0polo\u017eek, m\u011bkkou silou. I ta byla hybatelem snahy \u010desk\u00e9 spole\u010dnosti st\u00e1t se sou\u010d\u00e1st\u00ed sv\u011bta l\u00e1kaj\u00edc\u00edch obal\u016f, blikaj\u00edc\u00edch sv\u011btel v\u00fdkladn\u00edch sk\u0159\u00edn\u00ed, \u00bbsnadn\u00e9\u00ab cesty ke zbohatnut\u00ed, my\u0161lenky, \u017ee cel\u00fd sv\u011bt je na dosah ruky. M\u011bkk\u00e1 s\u00edla ukazuj\u00edc\u00ed pozl\u00e1tko, zakr\u00fdvaj\u00edc\u00ed v\u0161ak temn\u00e9 uli\u010dky pln\u00e9 bezdomovc\u016f, drogov\u00fdch ztroskotanc\u016f, rozvr\u00e1cen\u00fdch rodin vyd\u00edran\u00fdch drogov\u011b z\u00e1visl\u00fdmi dosp\u00edvaj\u00edc\u00edmi d\u011btmi a v\u0161echny ostatn\u00ed podstatn\u00e9 slo\u017eky d\u0159\u00edve funguj\u00edc\u00ed spole\u010dnosti.<\/p>\n<p>Jednou z\u00a0d\u016fle\u017eit\u00fdch slo\u017eek m\u011bkk\u00e9 s\u00edly je popul\u00e1rn\u00ed hudba, pop music. Tak\u00e9 ihned po Listopadu (ale ostatn\u011b i daleko p\u0159edt\u00edm tzv. hudebn\u00edmi kritiky, zab\u00fdvaj\u00edc\u00edmi se popem bez sebemen\u0161\u00edho hudebn\u00edho vzd\u011bl\u00e1n\u00ed) byl veden nel\u00edtostn\u00fd boj proti dom\u00e1c\u00ed popul\u00e1rn\u00ed hudb\u011b. Ve\u0161ke\u0159\u00ed interpreti (v prvn\u00edch letech po p\u0159evratu i takov\u00e9 veli\u010diny jako Karel Gott) byli zesm\u011b\u0161\u0148ov\u00e1ni, ve\u0161ker\u00e1 p\u0159edlistopadov\u00e1 tvorba ozna\u010dov\u00e1na za brak. Bohu\u017eel, na\u0161e spole\u010dnost se na tuto v\u011bji\u010dku chytla t\u00e9m\u011b\u0159 stoprocentn\u011b. I naprost\u00ed hudebn\u00ed laici, kte\u0159\u00ed nerozeznali sk\u0159\u00edpot dve\u0159\u00ed od melodie, pova\u017eovali za d\u016fle\u017eit\u00e9 do na\u0161\u00ed popul\u00e1rn\u00ed hudby kopat. V\u00fdsledkem bylo, \u017ee se vys\u00edl\u00e1n\u00ed r\u00e1di\u00ed zaplnilo tituly ze zahrani\u010d\u00ed.<\/p>\n<p>Ve sv\u00e9 hlouposti si \u010desk\u00e1 spole\u010dnost neuv\u011bdomila dv\u011b v\u011bci. Za prv\u00e9, \u017ee se jedn\u00e1 o celosv\u011btov\u00fd k\u0161eft, kdy velk\u00e9 zahrani\u010dn\u00ed firmy inkasuj\u00ed ze v\u0161ech takto m\u011bkkou silou podman\u011bn\u00fdch teritori\u00ed obrovsk\u00e9 finance za vys\u00edlac\u00ed, vydavatelsk\u00e1 a nakladatelsk\u00e1 pr\u00e1va a co je je\u0161t\u011b d\u016fle\u017eit\u011bj\u0161\u00ed, \u017ee se t\u00edm odst\u0159ih\u00e1v\u00e1 pouto ml\u00e1de\u017ee a d\u011bt\u00ed od rodn\u00e9ho jazyka a sv\u00e9bytn\u00e9 kultury.<\/p>\n<p>Zat\u00edmco p\u0159edlistopadov\u00e1 ml\u00e1de\u017e nach\u00e1zela vzory ve sv\u00fdch dom\u00e1c\u00edch idolech Michalovi Davidovi, V\u00edt\u011bzslavu V\u00e1vrovi, Daliborovi Jandovi, duu Barto\u0161ov\u00e1 \u2013 Sep\u00e9\u0161i, \u010di Kotvald \u2013 Hlo\u017eek, tak nyn\u00ed jsou to bezv\u00fdhradn\u011b zahrani\u010dn\u00ed hv\u011bzdy. I d\u011bti, kter\u00e9 d\u0159\u00edve milovali D\u00e1du Patrasovou, dnes maj\u00ed sv\u00e9 zahrani\u010dn\u00ed vzory.<\/p>\n<p>Jedin\u00fd segment, kter\u00fd zachov\u00e1v\u00e1 n\u00e1rodn\u00ed identitu, je rockov\u00e1 hudba se sv\u00fdmi fenom\u00e9ny, skupinami Kab\u00e1t a Ortel, a tak\u00e9 osam\u011bl\u00fd bojovn\u00edk, folka\u0159 a Bohem posv\u011bcen\u00fd b\u00e1sn\u00edk v\u0161edn\u00edho dne, Jarek Nohavica, kter\u00fd z\u016fstal nepoko\u0159en\u00fdm rebelem.<\/p>\n<p>M\u00e1 to za n\u00e1sledek, \u017ee se ztr\u00e1c\u00ed pouto mezi rodnou zem\u00ed a n\u00e1sledn\u011b v\u00edt\u011bz\u00ed ochota mlad\u00fdch lid\u00ed se zcela vzd\u00e1t v\u0161eho, co souvis\u00ed s\u00a0n\u00e1rodn\u00ed identitou. Kam to v\u0161echno vede, vid\u00edme a c\u00edt\u00edme dnes, kdy nen\u00ed probl\u00e9m vytvo\u0159it z\u00a0n\u011bkoho, kdo na n\u00e1rodn\u00ed z\u00e1jmy mysl\u00ed, netvora, kter\u00fd mus\u00ed b\u00fdt spole\u010dnost\u00ed odsouzen. Ve\u0159ejnopr\u00e1vn\u00ed m\u00e9dia, kter\u00e1 by m\u011bla b\u00fdt ochr\u00e1ncem n\u00e1rodn\u00ed kultury, jsou jej\u00edm hrobn\u00edkem a slou\u017e\u00ed zahrani\u010dn\u00edm z\u00e1jm\u016fm.<\/p>\n<p>Je to neradostn\u00fd pohled na sv\u011bt, ale p\u0159iznejme si, sami jsme si to v\u0161e u\u017e p\u0159ipravili svou nev\u011bdomost\u00ed v sam\u00e9m prvopo\u010d\u00e1tku. Ti, kte\u0159\u00ed \u017eili u\u017e p\u0159ed p\u0159evratem ve spole\u010dnosti pozl\u00e1tek, ale i temn\u00fdch uli\u010dek zk\u00e1zy, si to uv\u011bdomovali, ale jejich hlasu nikdo nenaslouchal.<\/p>\n<p><strong>Petr Hannig, p\u0159edseda Rozumn\u00fdch a b\u00fdval\u00fd prezidentsk\u00fd kandid\u00e1t<\/p>\n<p><img decoding=\"async\" loading=\"lazy\" class=\"wp-image-19187 aligncenter\" src=\"http:\/\/www.infokuryr.cz\/n\/wp-content\/uploads\/2022\/12\/1-PRO-300x36.jpg\" alt=\"\" width=\"1092\" height=\"131\" srcset=\"https:\/\/www.infokuryr.cz\/n\/wp-content\/uploads\/2022\/12\/1-PRO-300x36.jpg 300w, https:\/\/www.infokuryr.cz\/n\/wp-content\/uploads\/2022\/12\/1-PRO.jpg 699w\" sizes=\"(max-width: 1092px) 100vw, 1092px\" \/><br \/>\n<\/strong><\/p>\n<p>&nbsp;<\/p>\n","protected":false},"excerpt":{"rendered":"<p>Jednou z nejsiln\u011bj\u0161\u00edch zbran\u00ed, kterou se dost\u00e1vaj\u00ed lid\u00e9 dobrovoln\u011b do jha otroctv\u00ed, je z po\u010d\u00e1tku&#8230;<\/p>\n","protected":false},"author":2,"featured_media":12094,"comment_status":"closed","ping_status":"closed","sticky":false,"template":"","format":"standard","meta":[],"categories":[6],"tags":[29,794,2315],"_links":{"self":[{"href":"https:\/\/www.infokuryr.cz\/n\/wp-json\/wp\/v2\/posts\/19253"}],"collection":[{"href":"https:\/\/www.infokuryr.cz\/n\/wp-json\/wp\/v2\/posts"}],"about":[{"href":"https:\/\/www.infokuryr.cz\/n\/wp-json\/wp\/v2\/types\/post"}],"author":[{"embeddable":true,"href":"https:\/\/www.infokuryr.cz\/n\/wp-json\/wp\/v2\/users\/2"}],"replies":[{"embeddable":true,"href":"https:\/\/www.infokuryr.cz\/n\/wp-json\/wp\/v2\/comments?post=19253"}],"version-history":[{"count":0,"href":"https:\/\/www.infokuryr.cz\/n\/wp-json\/wp\/v2\/posts\/19253\/revisions"}],"wp:featuredmedia":[{"embeddable":true,"href":"https:\/\/www.infokuryr.cz\/n\/wp-json\/wp\/v2\/media\/12094"}],"wp:attachment":[{"href":"https:\/\/www.infokuryr.cz\/n\/wp-json\/wp\/v2\/media?parent=19253"}],"wp:term":[{"taxonomy":"category","embeddable":true,"href":"https:\/\/www.infokuryr.cz\/n\/wp-json\/wp\/v2\/categories?post=19253"},{"taxonomy":"post_tag","embeddable":true,"href":"https:\/\/www.infokuryr.cz\/n\/wp-json\/wp\/v2\/tags?post=19253"}],"curies":[{"name":"wp","href":"https:\/\/api.w.org\/{rel}","templated":true}]}}