{"id":19252,"date":"2022-12-06T01:00:12","date_gmt":"2022-12-06T00:00:12","guid":{"rendered":"http:\/\/www.infokuryr.cz\/n\/?p=19252"},"modified":"2022-12-05T17:28:12","modified_gmt":"2022-12-05T16:28:12","slug":"zacal-platit-limit-ceny-ropy-stanoveny-g7","status":"publish","type":"post","link":"https:\/\/www.infokuryr.cz\/n\/2022\/12\/06\/zacal-platit-limit-ceny-ropy-stanoveny-g7\/","title":{"rendered":"Za\u010dal platit limit ceny ropy stanoven\u00fd G7"},"content":{"rendered":"<div id=\"fb-root\"><\/div>\n<p data-spm-anchor-id=\"C01140752918.PaZNIkA0prFD.0.i2\">V pond\u011bl\u00ed za\u010dal platit cenov\u00fd limit skupiny G7 na ruskou ropu p\u0159epravovanou po mo\u0159i, ale Rusko prohl\u00e1silo, \u017ee toto opat\u0159en\u00ed nebude dodr\u017eovat, i kdy\u017e bude muset sn\u00ed\u017eit produkci.<\/p>\n<p>G7 a Austr\u00e1lie se v p\u00e1tek dohodly na omezen\u00ed ceny rusk\u00e9 ropy p\u0159epravovan\u00e9 po mo\u0159i na 60 americk\u00fdch dolar\u016f za barel.<\/p>\n<p>Cenov\u00fd limit, kter\u00fd m\u00e1 prosazovat G7, Evropsk\u00e1 unie (EU) a Austr\u00e1lie, p\u0159ich\u00e1z\u00ed na vrcholu embarga EU na dovoz rusk\u00e9 ropy po mo\u0159i a podobn\u00fdch z\u00e1vazk\u016f Spojen\u00fdch st\u00e1t\u016f, Kanady, Japonska a Velk\u00e9 Brit\u00e1nie.<\/p>\n<p>Umo\u017e\u0148uje p\u0159epravu rusk\u00e9 ropy do zem\u00ed t\u0159et\u00edch stran za pou\u017eit\u00ed tanker\u016f, poji\u0161\u0165oven a \u00fav\u011brov\u00fdch instituc\u00ed G7 a EU pouze tehdy, pokud budou n\u00e1klady na zakoupen\u00ed odpov\u00eddat cenov\u00e9mu limitu nebo budou ni\u017e\u0161\u00ed.<\/p>\n<p>Tento limit by mohl Moskv\u011b zt\u00ed\u017eit prodej ropy za vy\u0161\u0161\u00ed cenu, proto\u017ee kl\u00ed\u010dov\u00e9 sv\u011btov\u00e9 p\u0159epravn\u00ed a poji\u0161\u0165ovac\u00ed spole\u010dnosti maj\u00ed s\u00eddlo v zem\u00edch G7.<\/p>\n<p>Rusko, druh\u00fd nejv\u011bt\u0161\u00ed sv\u011btov\u00fd v\u00fdvozce ropy, 4. prosince uvedlo, \u017ee nep\u0159ijme limit a nebude prod\u00e1vat ropu, na kterou se cenov\u00fd limit vztahuje, i kdy\u017e bude muset sn\u00ed\u017eit produkci.<\/p>\n<p>\u201ePracujeme na mechanismech, kter\u00e9 zak\u00e1\u017eou pou\u017e\u00edv\u00e1n\u00ed cenov\u00e9ho limitu, bez ohledu na to, jak\u00e1 \u00farove\u0148 bude stanovena, proto\u017ee takov\u00e9 z\u00e1sahy by mohly d\u00e1le destabilizovat trh,\u201c uvedl rusk\u00fd vicepremi\u00e9r Alexander Novak, kter\u00fd m\u00e1 na starosti ruskou ropu, plyn, atomovou energii a uhl\u00ed.<\/p>\n<p>\u201eBudeme prod\u00e1vat ropu a ropn\u00e9 produkty pouze do t\u011bch zem\u00ed, kter\u00e9 s n\u00e1mi budou spolupracovat za tr\u017en\u00edch podm\u00ednek, i kdy\u017e budeme muset trochu sn\u00ed\u017eit produkci,\u201c dodal Novak.<\/p>\n<p>Novak \u0159ekl, \u017ee limit by mohl zp\u016fsobit pot\u00ed\u017ee na trz\u00edch s produkty a ovlivnit dal\u0161\u00ed zem\u011b krom\u011b Ruska a ozna\u010dil tento krok Z\u00e1padu za hrub\u00fd z\u00e1sah, kter\u00fd je v rozporu s pravidly voln\u00e9ho obchodu a kter\u00fd destabilizuje glob\u00e1ln\u00ed trhy s energi\u00ed t\u00edm, \u017ee vyvol\u00e1 nedostatek dod\u00e1vek.<\/p>\n<p data-spm-anchor-id=\"C01140752918.PaZNIkA0prFD.0.i3\">Organizace zem\u00ed vyv\u00e1\u017eej\u00edc\u00edch ropu, skupina veden\u00e1 Sa\u00fadskou Ar\u00e1bi\u00ed, a jej\u00ed spojene\u010dt\u00ed producenti, v\u010detn\u011b Ruska, nezm\u011bnili p\u0159es nejistotu zp\u016fsobenou cenov\u00fdm limitem sv\u00e9 c\u00edle p\u0159epravy ropy do glob\u00e1ln\u00ed ekonomiky.<\/p>\n<p>Zat\u00edmco Rusko odsoudilo cenov\u00fd limit, vysok\u00fd komisa\u0159 OSN pro lidsk\u00e1 pr\u00e1va zah\u00e1jil 4. prosince \u010dty\u0159denn\u00ed n\u00e1v\u0161t\u011bvu Ukrajiny.<\/p>\n<p>Vysok\u00fd komisa\u0159 OSN pro lidsk\u00e1 pr\u00e1va Volker T\u00fcrk nav\u0161t\u00edvil na za\u010d\u00e1tku mise Buchu v Irpinu severn\u011b od Kyjeva.<\/p>\n<p>T\u00fcrk m\u00e1 na konci sv\u00e9 mise 7. prosince po setk\u00e1n\u00ed s \u00fa\u0159edn\u00edky a ob\u010danskou spole\u010dnost\u00ed v oblastech v\u010detn\u011b Kyjeva, Charkova a Izie uspo\u0159\u00e1dat tiskovou konferenci v Kyjev\u011b.<\/p>\n<p>Ukrajina st\u00e1le bojuje s nedostatkem elekt\u0159iny a 4. prosince z\u016fstalo kv\u016fli pokra\u010duj\u00edc\u00edmu konfliktu s Ruskem bez elekt\u0159iny v\u00edce ne\u017e 500 ukrajinsk\u00fdch lokalit, uvedla AFP a citovala ukrajinsk\u00e9ho n\u00e1m\u011bstka ministra vnitra Jevguenyho Jenina.<\/p>\n<p>S o\u010dek\u00e1van\u00fdmi dal\u0161\u00edmi \u00fatoky na infrastrukturn\u00ed za\u0159\u00edzen\u00ed se Ukrajinci ob\u00e1vaj\u00ed obt\u00ed\u017en\u00e9 dlouh\u00e9 zimy a dal\u0161\u00ed vlny uprchl\u00edk\u016f z konfliktu, kter\u00fd se prodlu\u017euje u\u017e do des\u00e1t\u00e9ho m\u011bs\u00edce.<\/p>\n<p><img decoding=\"async\" loading=\"lazy\" class=\"alignnone size-full wp-image-1185\" src=\"http:\/\/www.infokuryr.cz\/n\/wp-content\/uploads\/2021\/04\/kuryr-podpis.png\" alt=\"\" width=\"84\" height=\"24\" \/><\/p>\n<p>&nbsp;<\/p>\n<p><img decoding=\"async\" loading=\"lazy\" class=\"wp-image-19187 aligncenter\" src=\"http:\/\/www.infokuryr.cz\/n\/wp-content\/uploads\/2022\/12\/1-PRO-300x36.jpg\" alt=\"\" width=\"1083\" height=\"130\" srcset=\"https:\/\/www.infokuryr.cz\/n\/wp-content\/uploads\/2022\/12\/1-PRO-300x36.jpg 300w, https:\/\/www.infokuryr.cz\/n\/wp-content\/uploads\/2022\/12\/1-PRO.jpg 699w\" sizes=\"(max-width: 1083px) 100vw, 1083px\" \/><\/p>\n<p>&nbsp;<\/p>\n","protected":false},"excerpt":{"rendered":"<p>V pond\u011bl\u00ed za\u010dal platit cenov\u00fd limit skupiny G7 na ruskou ropu p\u0159epravovanou po mo\u0159i, ale&#8230;<\/p>\n","protected":false},"author":2,"featured_media":1592,"comment_status":"closed","ping_status":"closed","sticky":false,"template":"","format":"standard","meta":[],"categories":[7],"tags":[1872,323,310],"_links":{"self":[{"href":"https:\/\/www.infokuryr.cz\/n\/wp-json\/wp\/v2\/posts\/19252"}],"collection":[{"href":"https:\/\/www.infokuryr.cz\/n\/wp-json\/wp\/v2\/posts"}],"about":[{"href":"https:\/\/www.infokuryr.cz\/n\/wp-json\/wp\/v2\/types\/post"}],"author":[{"embeddable":true,"href":"https:\/\/www.infokuryr.cz\/n\/wp-json\/wp\/v2\/users\/2"}],"replies":[{"embeddable":true,"href":"https:\/\/www.infokuryr.cz\/n\/wp-json\/wp\/v2\/comments?post=19252"}],"version-history":[{"count":0,"href":"https:\/\/www.infokuryr.cz\/n\/wp-json\/wp\/v2\/posts\/19252\/revisions"}],"wp:featuredmedia":[{"embeddable":true,"href":"https:\/\/www.infokuryr.cz\/n\/wp-json\/wp\/v2\/media\/1592"}],"wp:attachment":[{"href":"https:\/\/www.infokuryr.cz\/n\/wp-json\/wp\/v2\/media?parent=19252"}],"wp:term":[{"taxonomy":"category","embeddable":true,"href":"https:\/\/www.infokuryr.cz\/n\/wp-json\/wp\/v2\/categories?post=19252"},{"taxonomy":"post_tag","embeddable":true,"href":"https:\/\/www.infokuryr.cz\/n\/wp-json\/wp\/v2\/tags?post=19252"}],"curies":[{"name":"wp","href":"https:\/\/api.w.org\/{rel}","templated":true}]}}