{"id":1924,"date":"2021-05-24T02:20:48","date_gmt":"2021-05-24T00:20:48","guid":{"rendered":"http:\/\/www.infokuryr.cz\/n\/?p=1924"},"modified":"2021-05-24T02:20:48","modified_gmt":"2021-05-24T00:20:48","slug":"schroder-zapadni-svet-chce-izolovat-cinu-je-nemozne-uspet","status":"publish","type":"post","link":"https:\/\/www.infokuryr.cz\/n\/2021\/05\/24\/schroder-zapadni-svet-chce-izolovat-cinu-je-nemozne-uspet\/","title":{"rendered":"Schr\u00f6der: Z\u00e1padn\u00ed sv\u011bt chce izolovat \u010c\u00ednu, je nemo\u017en\u00e9 usp\u011bt"},"content":{"rendered":"<div id=\"fb-root\"><\/div>\n<p>Dne 20. kv\u011btna m\u00edstn\u00edho \u010dasu b\u00fdval\u00fd n\u011bmeck\u00fd kancl\u00e9\u0159 Gerhard Schr\u00f6der vyzval Evropu, aby pos\u00edlila dialog a spolupr\u00e1ci s \u010c\u00ednou a postavila se proti tvrd\u00e9mu postoji a sankc\u00edm Evropy v\u016f\u010di \u010c\u00edn\u011b.<\/p>\n<p>Podle Schr\u00f6dera je N\u011bmecko exportn\u00ed pr\u016fmyslovou velmoc\u00ed, zejm\u00e9na b\u011bhem epidemie by nem\u011blo n\u00e1sledovat takzvanou zahrani\u010dn\u00ed hodnotovou politiku. D\u00e1le pouk\u00e1zal na to, \u017ee 40 % produkt\u016f n\u011bmeck\u00e9ho automobilov\u00e9ho pr\u016fmyslu je v sou\u010dasn\u00e9 dob\u011b dod\u00e1v\u00e1no do \u010c\u00edny. \u201eJin\u00fdmi slovy, \u010c\u00edna je nejd\u016fle\u017eit\u011bj\u0161\u00edm n\u011bmeck\u00fdm z\u00e1mo\u0159sk\u00fdm trhem.\u201c<\/p>\n<p>Gerhard Schr\u00f6der v\u011b\u0159\u00ed, \u017ee Evropa by nem\u011bla uvalit na \u010c\u00ednu \u017e\u00e1dn\u00e9 sankce, proto\u017ee v\u00fdznam \u010c\u00edny jako hybn\u00e9 s\u00edly sv\u011btov\u00e9ho ekonomick\u00e9ho rozvoje je nesporn\u00fd a v budoucnu bude d\u00e1le posilovat. Podle jeho n\u00e1zoru tvrd\u00fd p\u0159\u00edstup k \u010c\u00edn\u011b povede k v\u00e1\u017en\u00fdm n\u00e1sledk\u016fm se v\u0161emi \u0161kodami, ale bez v\u00fdhod: \u201ePokus z\u00e1padn\u00edho sv\u011bta izolovat \u010c\u00ednu je nem\u016f\u017ee usp\u011bt. Za prv\u00e9 to nen\u00ed politicky mo\u017en\u00e9, proto\u017ee \u010c\u00edna je st\u00e1l\u00fd \u010dlen Rady bezpe\u010dnosti OSN s pr\u00e1vem veta. Za druh\u00e9 je to ekonomicky nemo\u017en\u00e9. \u010c\u00edna je nejv\u011bt\u0161\u00edm sv\u011btov\u00fdm trhem v mnoha oblastech. Za t\u0159et\u00ed, \u010d\u00ednsk\u00e1 technologie je opravdu velmi vysp\u011bl\u00e1. Chceme-li p\u0159inutit \u010c\u00ednu, aby se znovu stala sl\u00e9v\u00e1rnou z\u00e1padn\u00edho pr\u016fmyslu, je to prost\u011b nemo\u017en\u00e9.\u201c<\/p>\n<p>Kdy\u017e mluv\u00edme o volb\u00e1ch v z\u00e1\u0159\u00ed tohoto roku, Gerhard Schr\u00f6der douf\u00e1, \u017ee pokud do t\u00e9 doby vytvo\u0159\u00ed koali\u010dn\u00ed strana a strana zelen\u00fdch kabinet, m\u011bla by se strana koalice dr\u017eet sv\u00e9ho postoje a nedovolit stran\u011b zelen\u00fdch p\u0159ij\u00edmat politiky, kter\u00e9 po\u0161kozuj\u00ed n\u011bmeck\u00e9 hospod\u00e1\u0159stv\u00ed. Zd\u016fraznil, \u017ee Evropa by m\u011bla pos\u00edlit vnit\u0159n\u00ed jednotu a navenek m\u00edt jednotn\u00fd hlas. Gerhard Schr\u00f6der uvedl, \u017ee je d\u016fle\u017eit\u011bj\u0161\u00ed m\u00edt jednotn\u00fd geopolitick\u00fd postoj ne\u017e uvalit sankce. \u201eNemysl\u00edm si, \u017ee je nutn\u00e9 znovu vytvo\u0159it novou alianci. Na jedn\u00e9 stran\u011b jsou politick\u00e9 z\u00e1jmy v\u0161ech stran odli\u0161n\u00e9 a je obt\u00ed\u017en\u00e9 dos\u00e1hnout dohody. Na druh\u00e9 stran\u011b nen\u00ed dobr\u00e9, aby n\u011bkdo zach\u00e1zel s jednou nebo dv\u011bma zem\u011bmi sp\u00ed\u0161e jako s rivaly a konfrontac\u00ed ne\u017e dialogem. Dne\u0161n\u00ed sv\u011bt \u010del\u00ed \u0159ad\u011b hlavn\u00edch v\u00fdzev, jako jsou uprchl\u00edci, terorismus, epidemie nov\u00e9ho koronaviru a zm\u011bna klimatu. Spolupr\u00e1ce je nezbytn\u00e1. Nem\u00e1 nic spole\u010dn\u00e9ho s politick\u00fdm syst\u00e9mem dan\u00e9 zem\u011b.\u201c<\/p>\n<p><img decoding=\"async\" loading=\"lazy\" class=\"alignnone size-full wp-image-1185\" src=\"http:\/\/www.infokuryr.cz\/n\/wp-content\/uploads\/2021\/04\/kuryr-podpis.png\" alt=\"\" width=\"84\" height=\"24\" \/><\/p>\n<p>&nbsp;<\/p>\n","protected":false},"excerpt":{"rendered":"<p>Dne 20. kv\u011btna m\u00edstn\u00edho \u010dasu b\u00fdval\u00fd n\u011bmeck\u00fd kancl\u00e9\u0159 Gerhard Schr\u00f6der vyzval Evropu, aby pos\u00edlila dialog&#8230;<\/p>\n","protected":false},"author":2,"featured_media":1925,"comment_status":"closed","ping_status":"closed","sticky":false,"template":"","format":"standard","meta":[],"categories":[7],"tags":[30,283,84,186,365],"_links":{"self":[{"href":"https:\/\/www.infokuryr.cz\/n\/wp-json\/wp\/v2\/posts\/1924"}],"collection":[{"href":"https:\/\/www.infokuryr.cz\/n\/wp-json\/wp\/v2\/posts"}],"about":[{"href":"https:\/\/www.infokuryr.cz\/n\/wp-json\/wp\/v2\/types\/post"}],"author":[{"embeddable":true,"href":"https:\/\/www.infokuryr.cz\/n\/wp-json\/wp\/v2\/users\/2"}],"replies":[{"embeddable":true,"href":"https:\/\/www.infokuryr.cz\/n\/wp-json\/wp\/v2\/comments?post=1924"}],"version-history":[{"count":0,"href":"https:\/\/www.infokuryr.cz\/n\/wp-json\/wp\/v2\/posts\/1924\/revisions"}],"wp:featuredmedia":[{"embeddable":true,"href":"https:\/\/www.infokuryr.cz\/n\/wp-json\/wp\/v2\/media\/1925"}],"wp:attachment":[{"href":"https:\/\/www.infokuryr.cz\/n\/wp-json\/wp\/v2\/media?parent=1924"}],"wp:term":[{"taxonomy":"category","embeddable":true,"href":"https:\/\/www.infokuryr.cz\/n\/wp-json\/wp\/v2\/categories?post=1924"},{"taxonomy":"post_tag","embeddable":true,"href":"https:\/\/www.infokuryr.cz\/n\/wp-json\/wp\/v2\/tags?post=1924"}],"curies":[{"name":"wp","href":"https:\/\/api.w.org\/{rel}","templated":true}]}}