{"id":19231,"date":"2022-12-05T01:54:01","date_gmt":"2022-12-05T00:54:01","guid":{"rendered":"http:\/\/www.infokuryr.cz\/n\/?p=19231"},"modified":"2022-12-05T01:54:01","modified_gmt":"2022-12-05T00:54:01","slug":"oranzovy-stupen-nebezpeci-vyhlaseny-v-moskve","status":"publish","type":"post","link":"https:\/\/www.infokuryr.cz\/n\/2022\/12\/05\/oranzovy-stupen-nebezpeci-vyhlaseny-v-moskve\/","title":{"rendered":"\u201eOran\u017eov\u00fd\u201c stupe\u0148 nebezpe\u010d\u00ed vyhl\u00e1\u0161en\u00fd v Moskv\u011b"},"content":{"rendered":"<div id=\"fb-root\"><\/div>\n<div class=\"introtext\">\n<p>Rusk\u00e9 hydrometeorologick\u00e9 centrum zv\u00fd\u0161ilo stupe\u0148 nebezpe\u010d\u00ed po\u010das\u00ed v regionu hlavn\u00edho m\u011bsta od 3. do 5. prosince na p\u0159edposledn\u00ed, &#8222;oran\u017eov\u00fd&#8220; stupe\u0148.<\/p>\n<\/div>\n<div class=\"fulltext\">\n<p>&#8222;M\u00edsty abnorm\u00e1ln\u011b chladn\u00e9 po\u010das\u00ed s pr\u016fm\u011brnou denn\u00ed teplotou vzduchu 7-10 stup\u0148\u016f\u00a0<strong>pod klimatick\u00fdm norm\u00e1lem<\/strong>,&#8220; p\u00ed\u0161e se ve varov\u00e1n\u00ed, kter\u00e9 plat\u00ed do pond\u011bl\u00ed 5. prosince do 11:00.<\/p>\n<p>\u00darove\u0148 \u201eOran\u017eov\u00e1\u201c znamen\u00e1, \u017ee po\u010das\u00ed je nebezpe\u010dn\u00e9, existuje mo\u017enost p\u0159\u00edrodn\u00edch katastrof, kter\u00e9 zp\u016fsob\u00ed \u0161kody.<\/p>\n<p>Meteorologov\u00e9 p\u0159edpov\u00eddaj\u00ed, \u017ee v ned\u011bli ve\u010der v Moskv\u011b bude mrznout na minus -14, v pond\u011bl\u00ed ve\u010der &#8211; na minus -15 stup\u0148\u016f.<\/p>\n<p>Podle hydrometeorologick\u00e9ho centra v\u010dera v noci teplota vzduchu v Moskv\u011b (VDNKh) klesla na minus -13,5 stupn\u011b. D\u00e1le na v\u00fdchod\u011b budou teploty a\u017e -25 stup\u0148\u016f.<\/p>\n<p><strong>\u017de by glob\u00e1ln\u00ed oteplov\u00e1n\u00ed bylo pouze tam, kde jsou z toho obrovsk\u00e9 pen\u00edze za &#8222;obnoviteln\u00e9 zdroje&#8220;?<\/strong><\/p>\n<p><a href=\"https:\/\/www.skrytapravda.cz\/ze-zahranici\/941-oranzovy-stupen-nebezpeci-vyhlaseny-v-moskve\">Petr Pokorn\u00fd<\/a><\/p>\n<p><img decoding=\"async\" loading=\"lazy\" class=\"wp-image-19187 aligncenter\" src=\"http:\/\/www.infokuryr.cz\/n\/wp-content\/uploads\/2022\/12\/1-PRO-300x36.jpg\" alt=\"\" width=\"1008\" height=\"121\" srcset=\"https:\/\/www.infokuryr.cz\/n\/wp-content\/uploads\/2022\/12\/1-PRO-300x36.jpg 300w, https:\/\/www.infokuryr.cz\/n\/wp-content\/uploads\/2022\/12\/1-PRO.jpg 699w\" sizes=\"(max-width: 1008px) 100vw, 1008px\" \/><\/p>\n<p>&nbsp;<\/p>\n<\/div>\n","protected":false},"excerpt":{"rendered":"<p>Rusk\u00e9 hydrometeorologick\u00e9 centrum zv\u00fd\u0161ilo stupe\u0148 nebezpe\u010d\u00ed po\u010das\u00ed v regionu hlavn\u00edho m\u011bsta od 3. do 5&#8230;.<\/p>\n","protected":false},"author":2,"featured_media":19232,"comment_status":"closed","ping_status":"closed","sticky":false,"template":"","format":"standard","meta":[],"categories":[7],"tags":[246,1100,2700],"_links":{"self":[{"href":"https:\/\/www.infokuryr.cz\/n\/wp-json\/wp\/v2\/posts\/19231"}],"collection":[{"href":"https:\/\/www.infokuryr.cz\/n\/wp-json\/wp\/v2\/posts"}],"about":[{"href":"https:\/\/www.infokuryr.cz\/n\/wp-json\/wp\/v2\/types\/post"}],"author":[{"embeddable":true,"href":"https:\/\/www.infokuryr.cz\/n\/wp-json\/wp\/v2\/users\/2"}],"replies":[{"embeddable":true,"href":"https:\/\/www.infokuryr.cz\/n\/wp-json\/wp\/v2\/comments?post=19231"}],"version-history":[{"count":0,"href":"https:\/\/www.infokuryr.cz\/n\/wp-json\/wp\/v2\/posts\/19231\/revisions"}],"wp:featuredmedia":[{"embeddable":true,"href":"https:\/\/www.infokuryr.cz\/n\/wp-json\/wp\/v2\/media\/19232"}],"wp:attachment":[{"href":"https:\/\/www.infokuryr.cz\/n\/wp-json\/wp\/v2\/media?parent=19231"}],"wp:term":[{"taxonomy":"category","embeddable":true,"href":"https:\/\/www.infokuryr.cz\/n\/wp-json\/wp\/v2\/categories?post=19231"},{"taxonomy":"post_tag","embeddable":true,"href":"https:\/\/www.infokuryr.cz\/n\/wp-json\/wp\/v2\/tags?post=19231"}],"curies":[{"name":"wp","href":"https:\/\/api.w.org\/{rel}","templated":true}]}}