{"id":1920,"date":"2021-05-23T18:30:15","date_gmt":"2021-05-23T16:30:15","guid":{"rendered":"http:\/\/www.infokuryr.cz\/n\/?p=1920"},"modified":"2021-05-23T18:30:15","modified_gmt":"2021-05-23T16:30:15","slug":"na-letisti-v-minsku-zadrzeli-zakladatele-opozicniho-kanalu-nexta","status":"publish","type":"post","link":"https:\/\/www.infokuryr.cz\/n\/2021\/05\/23\/na-letisti-v-minsku-zadrzeli-zakladatele-opozicniho-kanalu-nexta\/","title":{"rendered":"Na leti\u0161ti v Minsku zadr\u017eeli zakladatele opozi\u010dn\u00edho kan\u00e1lu Nexta"},"content":{"rendered":"<div id=\"fb-root\"><\/div>\n<p><strong>Zakladatele kan\u00e1lu s n\u00e1zvem Nexta na Telegramu a tak\u00e9 kan\u00e1lu na stejn\u00e9 platform\u011b, kter\u00fd nese n\u00e1zev B\u011blorusk\u00fd mozek, Romana Protasevi\u010de, zadr\u017eeli na leti\u0161ti v Minsku., informovalo hlavn\u00ed \u0159editelstv\u00ed pro odhalov\u00e1n\u00ed organizovan\u00e9 kriminality a korupce b\u011blorusk\u00e9ho ministerstva vnitra.<\/strong><\/p>\n<p>Oba tyto telegramov\u00e9 kan\u00e1ly jsou v republice pova\u017eov\u00e1ny za extremistick\u00e9. S\u00e1m Protasevi\u010d figuruje na seznamu osob zapojen\u00fdch do\u00a0teroristick\u00e9 \u010dinnosti, proto po n\u011bm bylo vyhl\u00e1\u0161eno p\u00e1tr\u00e1n\u00ed.<\/p>\n<p>Podle neregistrovan\u00e9ho st\u0159ediska pro lidsk\u00e1 pr\u00e1va Vesna let\u011bl doty\u010dn\u00fd letem Ryanair na trase At\u00e9ny &#8211; Vilnius. Uv\u00e1d\u00ed se, \u017ee \u201epo kontrole letadla v Minsku byli cestuj\u00edc\u00ed posl\u00e1ni ke druh\u00e9 kontrole doklad\u016f, a tehdy byl Protasevi\u010d zadr\u017een\u201c.<\/p>\n<p>Jak agentu\u0159e Sputnik \u0159ekli v tiskov\u00e9 slu\u017eb\u011b leti\u0161t\u011b Minsk, letadlo nouzov\u011b p\u0159ist\u00e1lo v b\u011blorusk\u00e9 metropoli po zpr\u00e1v\u011b o mo\u017en\u00e9m zaminov\u00e1n\u00ed. Tato zpr\u00e1va se ale pozd\u011bji nepotvrdila.<\/p>\n<p>Telegram-kan\u00e1l s n\u00e1zvem Pool prvn\u00ed, bl\u00edzk\u00fd tiskov\u00e9 slu\u017eb\u011b b\u011blorusk\u00e9ho prezidenta, na druhou stranu uvedl, \u017ee p\u0159i p\u0159ijet\u00ed zpr\u00e1vy o zaminov\u00e1n\u00ed bylo letadlo t\u00e9m\u011b\u0159 nad hranic\u00ed. \u201eLet\u011bt do Vilniusu bylo jednozna\u010dn\u011b bl\u00ed\u017e, ale obr\u00e1tili se pr\u00e1v\u011b na Minsk,\u201c uv\u00e1d\u00ed se.<\/p>\n<p>O situaci byl informov\u00e1n i\u00a0b\u011blorusk\u00fd prezident Alexandr Luka\u0161enko, kter\u00fd \u201edal bezpodm\u00edne\u010dn\u00fd p\u0159\u00edkaz &#8211; oto\u010dit letadlo a p\u0159ijmout ho\u201c. Pro doprovod pasa\u017e\u00e9r\u016f do vzduchu vzl\u00e9tl st\u00edhac\u00ed letoun MiG-29. Situace s letadlem spole\u010dnosti Ryanair, jen\u017e p\u0159ist\u00e1lo v Minsku, tak byla pod kontrolou Alexandra Luka\u0161enka.<\/p>\n<p>Zakladatel\u00e9 spole\u010dnosti Nexta, s\u00eddl\u00edc\u00ed v Polsku, \u0160t\u011bp\u00e1n Pudilo a Roman Protasevi\u010d jsou v B\u011blorusku obvin\u011bni ze sp\u00e1ch\u00e1n\u00ed trestn\u00fdch \u010din\u016f v souladu se \u010dl\u00e1nky \u201eOrganizace masov\u00fdch nepokoj\u016f\u201c (podle tohoto \u010dl\u00e1nku hroz\u00ed zadr\u017een\u00e9mu a\u017e 15 let v\u011bzen\u00ed) a \u201eOrganizace skupinov\u00fdch akc\u00ed, kter\u00e9 hrub\u011b naru\u0161uj\u00ed ve\u0159ejn\u00fd po\u0159\u00e1dek\u201c (a\u017e t\u0159i roky v\u011bzen\u00ed).<\/p>\n<p>Mimo jin\u00e9 bylo proti nim zah\u00e1jeno tak\u00e9 trestn\u00ed \u0159\u00edzen\u00ed o sp\u00e1ch\u00e1n\u00ed \u201e\u00famysln\u00e9ho jedn\u00e1n\u00ed sm\u011b\u0159uj\u00edc\u00edho k podn\u011bcov\u00e1n\u00ed spole\u010densk\u00e9ho nep\u0159\u00e1telstv\u00ed na z\u00e1klad\u011b profesn\u00ed p\u0159\u00edslu\u0161nosti\u201c (maxim\u00e1ln\u00ed trest \u010din\u00ed 12 let).<\/p>\n<p>Nexta vyz\u00fdvala k\u00a0\u00fa\u010dasti na protestech\u00a0a koordinovala tyto akce, kter\u00e9 za\u010daly po prezidentsk\u00fdch volb\u00e1ch v B\u011blorusku a trvaly n\u011bkolik m\u011bs\u00edc\u016f.<\/p>\n<p><strong>Prohl\u00e1\u0161en\u00ed litevsk\u00e9ho prezidenta<\/strong><\/p>\n<p>Prezident Litvy Gitanas Naus\u0117da prohl\u00e1sil, \u017ee letadlo Ryanair bylo donuceno k p\u0159ist\u00e1n\u00ed v Minsku. L\u00eddr zem\u011b proto vyzval k okam\u017eit\u00e9mu propu\u0161t\u011bn\u00ed zakladatele kan\u00e1lu na Telegramu Nexta Romana Protasevi\u010de, jen\u017e let\u011bl do Vilniusu, ale byl zadr\u017een v Minsku.<\/p>\n<p>\u201eBezprecedentn\u00ed ud\u00e1lost! Civiln\u00ed osobn\u00ed letadlo m\u00ed\u0159\u00edc\u00ed do Vilniusu nucen\u011b p\u0159ist\u00e1lo v Minsku. V letadle byl b\u011blorusk\u00fd politick\u00fd aktivista a zakladatel Nexta. Je zadr\u017een. Za t\u00edmto odporn\u00fdm \u010dinem stoj\u00ed b\u011blorusk\u00fd re\u017eim. Po\u017eaduji okam\u017eit\u00e9 propu\u0161t\u011bn\u00ed Romana Protasevi\u010de,\u201c napsal litevsk\u00fd prezident na sv\u00e9m Twitteru.<\/p>\n<p><strong>Po\u017eadavek Ministerstva zahrani\u010dn\u00edch v\u011bc\u00ed Litvy<\/strong><\/p>\n<p>Litevsk\u00e9 ministerstvo zahrani\u010d\u00ed p\u0159edvolalo do\u010dasn\u00e9ho poradce pro z\u00e1le\u017eitosti B\u011bloruska s po\u017eadavkem okam\u017eit\u00e9ho propu\u0161t\u011bn\u00ed cestuj\u00edc\u00edch a pos\u00e1dky letadla spole\u010dnosti Ryanair, kter\u00e9 p\u0159ist\u00e1lo v Minsku. Uv\u00e1d\u00ed se to v prohl\u00e1\u0161en\u00ed zve\u0159ejn\u011bn\u00e9m na webov\u00fdch str\u00e1nk\u00e1ch \u00fa\u0159adu.<\/p>\n<p>\u201eDne 23. kv\u011btna byl do\u010dasn\u00fd poradce pro z\u00e1le\u017eitosti v B\u011blorusku p\u0159edvol\u00e1n na litevsk\u00e9 ministerstvo zahrani\u010d\u00ed, kde mu byl vysloven po\u017eadavek, aby byli v\u0161ichni pasa\u017e\u00e9\u0159i a \u010dlenov\u00e9 pos\u00e1dky, kte\u0159\u00ed p\u0159ist\u00e1li na leti\u0161ti v Minsku, okam\u017eit\u011b propu\u0161t\u011bni,\u201c p\u00ed\u0161e se v prohl\u00e1\u0161en\u00ed.<\/p>\n<p><a href=\"https:\/\/cz.sputniknews.com\/20210523\/na-letisti-v-minsku-zadrzeli-zakladatele-opozicniho-kanalu-nexta--14587598.html\">ZDROJ<\/a><\/p>\n<p>&nbsp;<\/p>\n","protected":false},"excerpt":{"rendered":"<p>Zakladatele kan\u00e1lu s n\u00e1zvem Nexta na Telegramu a tak\u00e9 kan\u00e1lu na stejn\u00e9 platform\u011b, kter\u00fd nese&#8230;<\/p>\n","protected":false},"author":2,"featured_media":1921,"comment_status":"closed","ping_status":"closed","sticky":false,"template":"","format":"standard","meta":[],"categories":[7],"tags":[150,208],"_links":{"self":[{"href":"https:\/\/www.infokuryr.cz\/n\/wp-json\/wp\/v2\/posts\/1920"}],"collection":[{"href":"https:\/\/www.infokuryr.cz\/n\/wp-json\/wp\/v2\/posts"}],"about":[{"href":"https:\/\/www.infokuryr.cz\/n\/wp-json\/wp\/v2\/types\/post"}],"author":[{"embeddable":true,"href":"https:\/\/www.infokuryr.cz\/n\/wp-json\/wp\/v2\/users\/2"}],"replies":[{"embeddable":true,"href":"https:\/\/www.infokuryr.cz\/n\/wp-json\/wp\/v2\/comments?post=1920"}],"version-history":[{"count":0,"href":"https:\/\/www.infokuryr.cz\/n\/wp-json\/wp\/v2\/posts\/1920\/revisions"}],"wp:featuredmedia":[{"embeddable":true,"href":"https:\/\/www.infokuryr.cz\/n\/wp-json\/wp\/v2\/media\/1921"}],"wp:attachment":[{"href":"https:\/\/www.infokuryr.cz\/n\/wp-json\/wp\/v2\/media?parent=1920"}],"wp:term":[{"taxonomy":"category","embeddable":true,"href":"https:\/\/www.infokuryr.cz\/n\/wp-json\/wp\/v2\/categories?post=1920"},{"taxonomy":"post_tag","embeddable":true,"href":"https:\/\/www.infokuryr.cz\/n\/wp-json\/wp\/v2\/tags?post=1920"}],"curies":[{"name":"wp","href":"https:\/\/api.w.org\/{rel}","templated":true}]}}