{"id":19197,"date":"2022-12-04T12:06:02","date_gmt":"2022-12-04T11:06:02","guid":{"rendered":"http:\/\/www.infokuryr.cz\/n\/?p=19197"},"modified":"2022-12-04T12:06:02","modified_gmt":"2022-12-04T11:06:02","slug":"nizozemska-vlada-konfiskuje-tisice-farem-v-souladu-s-agendou-svetoveho-ekonomickeho-fora","status":"publish","type":"post","link":"https:\/\/www.infokuryr.cz\/n\/2022\/12\/04\/nizozemska-vlada-konfiskuje-tisice-farem-v-souladu-s-agendou-svetoveho-ekonomickeho-fora\/","title":{"rendered":"Nizozemsk\u00e1 vl\u00e1da konfiskuje tis\u00edce farem v souladu s agendou Sv\u011btov\u00e9ho ekonomick\u00e9ho f\u00f3ra"},"content":{"rendered":"<div id=\"fb-root\"><\/div>\n<p><span>Zat\u00edmco sv\u011bt nad\u00e1le trp\u00ed v d\u016fsledku glob\u00e1ln\u00ed potravinov\u00e9 krize, kterou vytvo\u0159ila elita, nizozemsk\u00e1 vl\u00e1da nav\u00edc ozn\u00e1mila, \u017ee brzy zkonfiskuje 3 000 farem po cel\u00e9 zemi v souladu s agendou Sv\u011btov\u00e9ho ekonomick\u00e9ho f\u00f3ra (\u00a0<\/span><a href=\"https:\/\/www.badatel.net\/wef-klausa-schwaba-planuje-zaviest-uhlikove-limity-ktore-obmedzia-co-robite-kupujete-a-jete\/\"><span>WEF<\/span><\/a><span>\u00a0) v oblasti klimatick\u00fdch zm\u011bn.<\/span><\/p>\n<p><span>Farmy budou zabaveny zem\u011bd\u011blc\u016fm a zav\u0159eny na z\u00e1klad\u011b p\u0159\u00edkazu \u201epovinn\u00e9ho vyvlastn\u011bn\u00ed\u201c vydan\u00e9ho nizozemskou vl\u00e1dou napojenou na WEF.<\/span><\/p>\n<p><span>Jak informoval port\u00e1l\u00a0<\/span><a href=\"https:\/\/newspunch.com\/dutch-farmers-rise-up-against-the-elite-they-are-manufacturing-global-food-shortages\/\" target=\"_blank\" rel=\"noopener\"><span>NewsPunch<\/span><\/a><span>\u00a0, protesty zem\u011bd\u011blc\u016f vypukly v l\u00e9t\u011b po vl\u00e1dou vyhl\u00e1\u0161en\u00e9m pl\u00e1nu sn\u00ed\u017eit do roku 2030 emise dus\u00edku o 50%.<\/span><\/p>\n<p><span>Zem\u011bd\u011blci v Nizozemsku a v sousedn\u00edch zem\u00edch uzav\u0159eli hlavn\u00ed d\u00e1lnice na protest proti tyransk\u00e9mu kroku a varovali ve\u0159ejnost p\u0159ed zni\u010duj\u00edc\u00edm vlivem tohoto rozhodnut\u00ed vl\u00e1dy na potravinov\u00fd \u0159et\u011bzec, kter\u00fd bude n\u00e1sledovat.<\/span><\/p>\n<h2><span>Nizozemsk\u00e1 vl\u00e1da si chce prosadit sv\u00e9 i \u201ep\u0159es mrtvoly\u201c<\/span><\/h2>\n<p><span>Mnoz\u00ed ve farm\u00e1\u0159sk\u00e9 komunit\u011b i mimo ni v\u011b\u0159\u00ed, \u017ee opat\u0159en\u00ed se nespravedliv\u011b zam\u011b\u0159uj\u00ed na zem\u011bd\u011blsk\u00fd sektor, zejm\u00e9na vezmeme-li v \u00favahu, \u017ee Bill Gates byl p\u0159ichycen, jak\u00a0\u00a0<\/span><a href=\"https:\/\/www.bitchute.com\/video\/kaGcjy3Bi7Fi\/\" target=\"_blank\" rel=\"noopener\"><span>p\u0159iznal<\/span><\/a><span>\u00a0sv\u00e9mu nejbli\u017e\u0161\u00edmu kruhu, \u017ee agenda klimatick\u00fdch zm\u011bn ve stylu WEF je \u201epodvod\u201c, kter\u00fd nezachr\u00e1n\u00ed planetu.<\/span><\/p>\n<p><span>Nizozemsk\u00e1 vl\u00e1da je v\u0161ak odhodl\u00e1na pokra\u010dovat ve sv\u00e9m zlov\u011bstn\u00e9m pl\u00e1nu harmonizovan\u00e9m s agendou WEF Klause Schwaba.<\/span><\/p>\n<p><span>Ministryn\u011b pro dus\u00edk Christianne van der Walov\u00e1 ozn\u00e1mila, \u017ee vl\u00e1da uskute\u010dn\u00ed \u201epovinn\u00fd odkup\u201c farem velk\u00fdch producent\u016f emis\u00ed dus\u00edku jako sou\u010d\u00e1st \u201edobrovoln\u00e9\u201c jednor\u00e1zov\u00e9 nab\u00eddky,\u00a0<\/span><a href=\"https:\/\/www.bloomberg.com\/news\/articles\/2022-11-25\/netherlands-to-buy-out-farmers-amid-pushback-over-nitrogen-goals?leadSource=uverify%20wall\" target=\"_blank\" rel=\"noopener\"><span>uvedla<\/span><\/a><span>\u00a0agentura Bloomberg.<\/span><\/p>\n<p><span>Farm\u00e1\u0159\u016fm bude podle vl\u00e1dn\u00edho pl\u00e1nu nab\u00eddnuta v\u00fdkupn\u00ed dohoda \\&#8220;vysoce nad\\&#8220; hodnotu farmy.<\/span><\/p>\n<p><span>Zem\u011bd\u011blci v\u0161ak budou m\u00edt v t\u00e9to z\u00e1le\u017eitosti jen mal\u00e9 slovo.\u00a0Cht\u011b necht\u011b je vyhost\u00ed ze sv\u00e9 zem\u011bd\u011blsk\u00e9 p\u016fdy, proto\u017ee vl\u00e1da farmy zav\u0159e a p\u016fdu p\u0159eklasifikuje na jin\u00e9 vyu\u017eit\u00ed.<\/span><\/p>\n<p><span>Na ned\u00e1vn\u00e9m setk\u00e1n\u00ed s poslanci ministryn\u011b van der Walov\u00e1 tvrdila, \u017ee \u201elep\u0161\u00ed nab\u00eddka nep\u0159ijde\u201c.\u00a0V reakci na toto rozhodnut\u00ed vl\u00e1dy v\u00fdkonn\u00fd \u0159editel spot\u0159ebitelsk\u00e9ho v\u00fdzkumu Will Hild pro\u00a0<\/span><em><span>Daily Caller<\/span><\/em><span>\u00a0\u0159ekl:<\/span><\/p>\n<p><em><span>\u00a0\u201eV\u00e1lka nizozemsk\u00e9 vl\u00e1dy, kterou vede proti vlastn\u00edm zem\u011bd\u011blc\u016fm, aby prosazovala agendu Sv\u011btov\u00e9ho ekonomick\u00e9ho f\u00f3ra, slou\u017e\u00ed jako ostr\u00e9 varov\u00e1n\u00ed.<\/span><\/em><\/p>\n<p><em><span>Ob\u010dan\u00e9 ostatn\u00edch zem\u00ed by m\u011bli b\u00fdt ostra\u017eit\u00ed v\u016f\u010di snah\u00e1m vl\u00e1d a velk\u00fdch firem z Wall Street, jako je BlackRock, kter\u00e9 prosazuj\u00ed tyt\u00e9\u017e nebezpe\u010dn\u00e9 c\u00edle \u201enulov\u00fdch emis\u00ed\u201c uhl\u00edku v USA a jinde v Evrop\u011b.<\/span><\/em><\/p>\n<p><em><span>Je nutn\u00e9 pouk\u00e1zat na obrovskou bezohlednost likvidace zem\u011bd\u011blc\u016f b\u011bhem nejv\u011bt\u0161\u00ed glob\u00e1ln\u00ed potravinov\u00e9 krize za posledn\u00ed desetilet\u00ed.\u00a0Pravd\u011bpodobn\u011b to zhor\u0161\u00ed inflaci cen potravin, kterou ji\u017e za\u017e\u00edv\u00e1me.\u201c<\/span><\/em><\/p>\n<h2><span>Vznikla nov\u00e1 politick\u00e1 strana pro ochranu zem\u011bd\u011blc\u016f<\/span><\/h2>\n<p><span>Politick\u00e1 strana s n\u00e1zvem BoerBurgerBeweging (BBB), neboli Hnut\u00ed Farm\u00e1\u0159-Ob\u010dan, podporuje protesty a moment\u00e1ln\u011b je p\u0159ed p\u0159\u00ed\u0161t\u00edmi volbami v pr\u016fzkumech na \u010dtvrt\u00e9m m\u00edst\u011b,\u00a0<\/span><a href=\"https:\/\/www.theguardian.com\/environment\/2022\/nov\/18\/dutch-pro-farming-party-fires-up-the-anti-establishment-vote\" target=\"_blank\" rel=\"noopener\"><span>informoval\u00a0<\/span><\/a><em><span>The Guardian<\/span><\/em><span>\u00a0.<\/span><\/p>\n<p><span>Reforma \u201edus\u00edkov\u00e9ho z\u00e1kona\u201c bude prim\u00e1rn\u00edm c\u00edlem strany, kter\u00e1 se stylizuje jako hlas pro nouzn\u00e9, \u0159\u00edk\u00e1\u00a0<\/span><em><span>The Guardian<\/span><\/em><span>\u00a0.<\/span><\/p>\n<p><span>Nizozemsko se stalo po Spojen\u00fdch st\u00e1tech druh\u00fdm nejv\u011bt\u0161\u00edm v\u00fdvozcem zem\u011bd\u011blsk\u00fdch produkt\u016f na sv\u011bt\u011b a dod\u00e1v\u00e1 zeleninu pro velkou \u010d\u00e1st z\u00e1padn\u00ed Evropy,\u00a0<\/span><a href=\"https:\/\/www.washingtonpost.com\/business\/interactive\/2022\/netherlands-agriculture-technology\/\" target=\"_blank\" rel=\"noopener\"><span>uvedl\u00a0<\/span><\/a><em><span>Washington Post<\/span><\/em><span>\u00a0.<\/span><\/p>\n<p><span>V\u00edce ne\u017e polovina holandsk\u00e9 p\u016fdy se vyu\u017e\u00edv\u00e1 na zem\u011bd\u011blstv\u00ed.\u00a0Krom\u011b toho, na dal\u0161\u00edch t\u00e9m\u011b\u0159 10 000 hektarech rostou plodiny ve sklen\u00edc\u00edch.<\/span><\/p>\n<p><span>Navzdory omezen\u00e9 p\u016fd\u011b a de\u0161tiv\u00e9mu podneb\u00ed umo\u017enily Nizozemsku zem\u011bd\u011blsk\u00e9 inovace zam\u011b\u0159en\u00e9 na men\u0161\u00ed spot\u0159ebu vody a sn\u00ed\u017een\u00ed emis\u00ed uhl\u00edku st\u00e1t se hlavn\u00edm v\u00fdvozcem zem\u011bd\u011blsk\u00fdch a potravin\u00e1\u0159sk\u00fdch technologi\u00ed.<\/span><\/p>\n<p><span>Jak ji\u017e d\u0159\u00edve\u00a0<\/span><a href=\"https:\/\/slaynews.com\/news\/government-plan-confiscate-farms-dutch-farmers-asylum-seekers-leaked-docs\/\" target=\"_blank\" rel=\"noopener\"><span>informoval\u00a0<\/span><\/a><em><span>Slay News<\/span><\/em><span>\u00a0, nizozemsk\u00fd politik v \u010dervenci varoval, \u017ee nizozemsk\u00e1 vl\u00e1da pl\u00e1nuje zkonfiskovat farmy.<\/span><\/p>\n<p><span>Nizozemsk\u00fd opozi\u010dn\u00ed l\u00eddr Geert Wilders zve\u0159ejnil bombastick\u00fd dopis, ve kter\u00e9m ukazuje, \u017ee vl\u00e1da chce vyu\u017e\u00edt vyvlastn\u011bnou zem\u011bd\u011blskou p\u016fdu k v\u00fdstavb\u011b migra\u010dn\u00edch center pro \u017eadatele o azyl.<\/span><\/p>\n<p><span>Wildersom zve\u0159ejn\u011bn\u00fd dopis od provin\u010dn\u00ed vl\u00e1dy Flevolandu uv\u00e1d\u00ed, \u017ee vl\u00e1da z\u0159\u00edd\u00ed \u201eregistra\u010dn\u00ed centrum pro \u017eadatele o azyl\u201c na zem\u011bd\u011blsk\u00e9 p\u016fd\u011b vyvlastn\u011bn\u00e9 ni\u010div\u00fdmi z\u00e1kony o dus\u00edku.<\/span><\/p>\n<p><span>Krok ke konfiskaci farem tak p\u0159ich\u00e1z\u00ed v dob\u011b, kdy Nizozemsko, podobn\u011b jako zbytek Evropy, trp\u00ed nejvy\u0161\u0161\u00edm n\u00e1r\u016fstem cen potravin za posledn\u00ed desetilet\u00ed.<\/span><\/p>\n<p><span>Zdroj:\u00a0<\/span><a href=\"https:\/\/newspunch.com\/dutch-govt-confiscates-thousands-of-farms-in-compliance-with-wef-agenda\/\" target=\"_blank\" rel=\"noopener\"><span>newspunch.com<\/span><\/a><span>\u00a0<\/span><\/p>\n<p>&nbsp;<\/p>\n<p><img decoding=\"async\" loading=\"lazy\" class=\"wp-image-19187 aligncenter\" src=\"http:\/\/www.infokuryr.cz\/n\/wp-content\/uploads\/2022\/12\/1-PRO-300x36.jpg\" alt=\"\" width=\"1033\" height=\"124\" srcset=\"https:\/\/www.infokuryr.cz\/n\/wp-content\/uploads\/2022\/12\/1-PRO-300x36.jpg 300w, https:\/\/www.infokuryr.cz\/n\/wp-content\/uploads\/2022\/12\/1-PRO.jpg 699w\" sizes=\"(max-width: 1033px) 100vw, 1033px\" \/><\/p>\n<p>&nbsp;<\/p>\n","protected":false},"excerpt":{"rendered":"<p>Zat\u00edmco sv\u011bt nad\u00e1le trp\u00ed v d\u016fsledku glob\u00e1ln\u00ed potravinov\u00e9 krize, kterou vytvo\u0159ila elita, nizozemsk\u00e1 vl\u00e1da nav\u00edc&#8230;<\/p>\n","protected":false},"author":2,"featured_media":19198,"comment_status":"closed","ping_status":"closed","sticky":false,"template":"","format":"standard","meta":[],"categories":[7],"tags":[2739,376,99,2045],"_links":{"self":[{"href":"https:\/\/www.infokuryr.cz\/n\/wp-json\/wp\/v2\/posts\/19197"}],"collection":[{"href":"https:\/\/www.infokuryr.cz\/n\/wp-json\/wp\/v2\/posts"}],"about":[{"href":"https:\/\/www.infokuryr.cz\/n\/wp-json\/wp\/v2\/types\/post"}],"author":[{"embeddable":true,"href":"https:\/\/www.infokuryr.cz\/n\/wp-json\/wp\/v2\/users\/2"}],"replies":[{"embeddable":true,"href":"https:\/\/www.infokuryr.cz\/n\/wp-json\/wp\/v2\/comments?post=19197"}],"version-history":[{"count":0,"href":"https:\/\/www.infokuryr.cz\/n\/wp-json\/wp\/v2\/posts\/19197\/revisions"}],"wp:featuredmedia":[{"embeddable":true,"href":"https:\/\/www.infokuryr.cz\/n\/wp-json\/wp\/v2\/media\/19198"}],"wp:attachment":[{"href":"https:\/\/www.infokuryr.cz\/n\/wp-json\/wp\/v2\/media?parent=19197"}],"wp:term":[{"taxonomy":"category","embeddable":true,"href":"https:\/\/www.infokuryr.cz\/n\/wp-json\/wp\/v2\/categories?post=19197"},{"taxonomy":"post_tag","embeddable":true,"href":"https:\/\/www.infokuryr.cz\/n\/wp-json\/wp\/v2\/tags?post=19197"}],"curies":[{"name":"wp","href":"https:\/\/api.w.org\/{rel}","templated":true}]}}