{"id":19184,"date":"2022-12-04T08:21:36","date_gmt":"2022-12-04T07:21:36","guid":{"rendered":"http:\/\/www.infokuryr.cz\/n\/?p=19184"},"modified":"2022-12-04T08:21:36","modified_gmt":"2022-12-04T07:21:36","slug":"americka-cnn-je-v-hluboke-financni-krizi","status":"publish","type":"post","link":"https:\/\/www.infokuryr.cz\/n\/2022\/12\/04\/americka-cnn-je-v-hluboke-financni-krizi\/","title":{"rendered":"Americk\u00e1 CNN je v hlubok\u00e9 finan\u010dn\u00ed krizi"},"content":{"rendered":"<div id=\"fb-root\"><\/div>\n<h2 class=\"entry-title\">Nov\u00e9 veden\u00ed se chce od politick\u00e9ho aktivismu vr\u00e1tit op\u011bt ke zpravodajstv\u00ed. Zam\u011bstnanci jsou zd\u011b\u0161eni<\/h2>\n<p><strong>Americk\u00e1 CNN je v hlubok\u00e9 ekonomick\u00e9 krizi, kles\u00e1 sledovanost, po\u010det p\u0159edplatitel\u016f <\/strong><strong>a p\u0159\u00edjmy z reklamy. Nov\u00e9 veden\u00ed na situaci reaguje propou\u0161t\u011bn\u00edm a hlavn\u011b pl\u00e1novanou zm\u011bnou kurzu glob\u00e1ln\u00ed televize. Podle nov\u00e9ho veden\u00ed se CNN od politick\u00e9ho aktivizmu mus\u00ed op\u011bt vr\u00e1tit ke zpravodajstv\u00ed a op\u011bt z\u00edskat ztracenou\u00a0<a href=\"https:\/\/www.theguardian.com\/media\/2022\/nov\/27\/cnn-crisis-layoffs-low-ratings\">d\u016fv\u011bru b\u011b\u017en\u00e9ho div\u00e1ka.<\/a><\/strong>\u00a0Ten si CNN po kampan\u00edch za korona hysterii, lgbt++p agendu, eko hysterii atd. spojuje pouze s politick\u00fdm aktivizmem a o ten nem\u00e1 z\u00e1jem a tak se na CNN u\u017e ned\u00edv\u00e1. Ona v USA CNN nikdy nebyla masov\u00fdm mediem, ale jej\u00ed glob\u00e1ln\u00ed vliv b\u00fdval zna\u010dn\u00fd.<\/p>\n<p>Pl\u00e1novan\u00e9 zm\u011bny\u00a0<strong>vyvolaly zd\u011b\u0161en\u00ed mezi sou\u010dasn\u00fdmi zam\u011bstnanci. Ti si neum\u00ed p\u0159edstavit, \u017ee by se vr\u00e1tili op\u011bt k objektivn\u00ed \u017eurnalistice a vzdali se politick\u00e9ho aktivizmu<\/strong>. V\u017edy\u0165 v\u011bt\u0161ina<br \/>\nz nich ani \u017eurnalistiku a zpravodaj\u0161t\u00ed d\u011blat neum\u00ed.<\/p>\n<p>Nyn\u00ed se v\u017eijte do situace v Evrop\u011b,\u00a0<strong>kde existuj\u00ed \u201eve\u0159ejnopr\u00e1vn\u00ed media\u201c, tak jsou tak\u00e9 n\u00e1strojem politick\u00e9 agitace a prosazov\u00e1n\u00ed nejr\u016fzn\u011bj\u0161\u00ed perverzn\u00ed agendy glob\u00e1ln\u00edch \u201eelit\u201c<\/strong>. Tak\u00e9 jsou prolezl\u00e9 politick\u00fdmi agit\u00e1tory, kte\u0159\u00ed nemaj\u00ed o objektivn\u00ed \u017eurnalistice ani pon\u011bt\u00ed. Jen\u017ee<br \/>\nna ty nen\u00ed \u017e\u00e1dn\u00fd ekonomick\u00fd tlak vyv\u00edjen nen\u00ed, proto\u017ee maj\u00ed p\u0159\u00edjmy od ob\u010dan\u016f formou de facto dan\u00ed. Proto se mohou sv\u00fdm politick\u00fdm aktivismem je\u0161t\u011b ve\u0159ejn\u011b chlubit. Jak\u00e9 je z toho cesta? Zest\u00e1tn\u011bn\u00ed t\u011bch instituc\u00ed.\u00a0<strong>Privatizace nen\u00ed \u0159e\u0161en\u00edm, to si za nati\u0161t\u011bn\u00e9 pap\u00edrky koup\u00ed n\u011bjak\u00fd nep\u0159\u00edtel na\u0161eho n\u00e1roda a pojede v\u0161e jako d\u0159\u00edve.<\/strong>\u00a0TV Nova budi\u017e odstra\u0161uj\u00edc\u00edm p\u0159\u00edkladem!<\/p>\n<p><img decoding=\"async\" loading=\"lazy\" class=\"alignnone size-full wp-image-1185\" src=\"http:\/\/www.infokuryr.cz\/n\/wp-content\/uploads\/2021\/04\/kuryr-podpis.png\" alt=\"\" width=\"84\" height=\"24\" \/><\/p>\n<p>&nbsp;<\/p>\n<p><img decoding=\"async\" loading=\"lazy\" class=\"wp-image-19116 aligncenter\" src=\"http:\/\/www.infokuryr.cz\/n\/wp-content\/uploads\/2022\/12\/PRO-LOGO-300x29.jpg\" alt=\"\" width=\"993\" height=\"96\" srcset=\"https:\/\/www.infokuryr.cz\/n\/wp-content\/uploads\/2022\/12\/PRO-LOGO-300x29.jpg 300w, https:\/\/www.infokuryr.cz\/n\/wp-content\/uploads\/2022\/12\/PRO-LOGO-768x75.jpg 768w, https:\/\/www.infokuryr.cz\/n\/wp-content\/uploads\/2022\/12\/PRO-LOGO.jpg 998w\" sizes=\"(max-width: 993px) 100vw, 993px\" \/><\/p>\n<p>&nbsp;<\/p>\n","protected":false},"excerpt":{"rendered":"<p>Nov\u00e9 veden\u00ed se chce od politick\u00e9ho aktivismu vr\u00e1tit op\u011bt ke zpravodajstv\u00ed. Zam\u011bstnanci jsou zd\u011b\u0161eni Americk\u00e1&#8230;<\/p>\n","protected":false},"author":2,"featured_media":19185,"comment_status":"closed","ping_status":"closed","sticky":false,"template":"","format":"standard","meta":[],"categories":[7],"tags":[667,37,2596],"_links":{"self":[{"href":"https:\/\/www.infokuryr.cz\/n\/wp-json\/wp\/v2\/posts\/19184"}],"collection":[{"href":"https:\/\/www.infokuryr.cz\/n\/wp-json\/wp\/v2\/posts"}],"about":[{"href":"https:\/\/www.infokuryr.cz\/n\/wp-json\/wp\/v2\/types\/post"}],"author":[{"embeddable":true,"href":"https:\/\/www.infokuryr.cz\/n\/wp-json\/wp\/v2\/users\/2"}],"replies":[{"embeddable":true,"href":"https:\/\/www.infokuryr.cz\/n\/wp-json\/wp\/v2\/comments?post=19184"}],"version-history":[{"count":0,"href":"https:\/\/www.infokuryr.cz\/n\/wp-json\/wp\/v2\/posts\/19184\/revisions"}],"wp:featuredmedia":[{"embeddable":true,"href":"https:\/\/www.infokuryr.cz\/n\/wp-json\/wp\/v2\/media\/19185"}],"wp:attachment":[{"href":"https:\/\/www.infokuryr.cz\/n\/wp-json\/wp\/v2\/media?parent=19184"}],"wp:term":[{"taxonomy":"category","embeddable":true,"href":"https:\/\/www.infokuryr.cz\/n\/wp-json\/wp\/v2\/categories?post=19184"},{"taxonomy":"post_tag","embeddable":true,"href":"https:\/\/www.infokuryr.cz\/n\/wp-json\/wp\/v2\/tags?post=19184"}],"curies":[{"name":"wp","href":"https:\/\/api.w.org\/{rel}","templated":true}]}}