{"id":1918,"date":"2021-05-23T18:13:37","date_gmt":"2021-05-23T16:13:37","guid":{"rendered":"http:\/\/www.infokuryr.cz\/n\/?p=1918"},"modified":"2021-05-23T18:15:23","modified_gmt":"2021-05-23T16:15:23","slug":"babisova-vlada-posunula-v-patek-do-snemovny-novelu-zakona-o-ochrane-verejneho-zdravi-doslova-jako-okopirovanou-z-dilny-klause-schwaba-a-z-propagacnich-vystoupeni-billa-gatese","status":"publish","type":"post","link":"https:\/\/www.infokuryr.cz\/n\/2021\/05\/23\/babisova-vlada-posunula-v-patek-do-snemovny-novelu-zakona-o-ochrane-verejneho-zdravi-doslova-jako-okopirovanou-z-dilny-klause-schwaba-a-z-propagacnich-vystoupeni-billa-gatese\/","title":{"rendered":"Babi\u0161ova vl\u00e1da posunula v p\u00e1tek do sn\u011bmovny novelu z\u00e1kona o ochran\u011b ve\u0159ejn\u00e9ho zdrav\u00ed doslova jako okop\u00edrovanou z d\u00edlny Klause Schwaba a z propaga\u010dn\u00edch vystoupen\u00ed Billa Gatese!"},"content":{"rendered":"<div id=\"fb-root\"><\/div>\n<h4>Babi\u0161ova vl\u00e1da posunula v p\u00e1tek do sn\u011bmovny novelu z\u00e1kona o ochran\u011b ve\u0159ejn\u00e9ho zdrav\u00ed doslova jako okop\u00edrovanou z d\u00edlny Klause Schwaba a z propaga\u010dn\u00edch vystoupen\u00ed Billa Gatese! Pokud novela projde, stane se z \u010cesk\u00e9 republiky koncentr\u00e1k! St\u00e1tn\u00ed org\u00e1ny budou moci na\u0159\u00eddit, \u017ee vstupy lid\u00ed do v\u0161ech provozoven a prostor v\u0161ech typ\u016f a druh\u016f, dokonce i soukrom\u00fdch prostor, budou umo\u017en\u011bny jen lidem s vakc\u00ednou, s testem nebo s potvrzen\u00edm o prod\u011bl\u00e1n\u00ed nemoci! Kdo to nebude kontrolovat, bude mu hrozit likvida\u010dn\u00ed pokuta! Novela z\u00e1kona neo\u010dkovan\u00e9 lidi vrhne do trval\u00e9 n\u00e1ru\u010de online obchod\u016f, kamenn\u00e9 obchody postupn\u011b zkrachuj\u00ed a vyklid\u00ed prostor digit\u00e1ln\u00ed ekonomice!<\/h4>\n<p>\u010cesk\u00e1 republika se pomalu bl\u00ed\u017e\u00ed k podzimn\u00edm volb\u00e1m a vl\u00e1da Andreje Babi\u0161e a Jana Ham\u00e1\u010dka se sna\u017e\u00ed na posledn\u00ed chv\u00edli splnit \u00fakoly, kter\u00e9 na \u010ceskou republiku a jej\u00ed vl\u00e1du nalo\u017eili globalist\u00e9. Zat\u00edmco v\u011bt\u0161ina m\u00e9di\u00ed se v\u011bnuje nast\u00e1vaj\u00edc\u00edm dovolen\u00fdm a cestov\u00e1n\u00edm po Evrop\u011b, tak\u00a0<strong>\u010desk\u00e1 vl\u00e1da v p\u00e1tek hladce schv\u00e1lila a posunula [<a href=\"https:\/\/href.li\/?https:\/\/www.psp.cz\/sqw\/historie.sqw?o=8&amp;t=1225\" target=\"_blank\" rel=\"nofollow noopener\">1<\/a>] do poslaneck\u00e9 sn\u011bmovny k projedn\u00e1n\u00ed n\u00e1vrh novely [<a href=\"https:\/\/href.li\/?https:\/\/www.psp.cz\/sqw\/text\/tiskt.sqw?O=8&amp;CT=1225&amp;CT1=0\" target=\"_blank\" rel=\"nofollow noopener\">2<\/a>] z\u00e1kona z\u00e1kona \u010d. 258\/2000 Sb. o ochran\u011b ve\u0159ejn\u00e9ho zdrav\u00ed<\/strong>,\u00a0kter\u00fdm se m\u011bn\u00ed tento z\u00e1kon, a o zm\u011bn\u011b n\u011bkter\u00fdch souvisej\u00edc\u00edch z\u00e1kon\u016f, ve zn\u011bn\u00ed pozd\u011bj\u0161\u00edch p\u0159edpis\u016f, a z\u00e1kon \u010d. 94\/2021 Sb., o mimo\u0159\u00e1dn\u00fdch opat\u0159en\u00edch p\u0159i epidemii onemocn\u011bn\u00ed COVID-19 a o zm\u011bn\u011b n\u011bkter\u00fdch souvisej\u00edc\u00edch z\u00e1kon\u016f.<\/p>\n<figure id=\"attachment_46782\" class=\"wp-caption aligncenter\" style=\"width: 489px;\"><a href=\"https:\/\/aeronet.cz\/news\/wp-content\/uploads\/Covid_Pistol.jpg\"><img decoding=\"async\" loading=\"lazy\" class=\"wp-image-46782 \" src=\"https:\/\/aeronet.cz\/news\/wp-content\/uploads\/Covid_Pistol-1024x538.jpg\" sizes=\"(max-width: 700px) 100vw, 700px\" srcset=\"https:\/\/aeronet.cz\/news\/wp-content\/uploads\/Covid_Pistol-1024x538.jpg 1024w, https:\/\/aeronet.cz\/news\/wp-content\/uploads\/Covid_Pistol-300x158.jpg 300w, https:\/\/aeronet.cz\/news\/wp-content\/uploads\/Covid_Pistol-768x403.jpg 768w, https:\/\/aeronet.cz\/news\/wp-content\/uploads\/Covid_Pistol-700x368.jpg 700w, https:\/\/aeronet.cz\/news\/wp-content\/uploads\/Covid_Pistol-680x357.jpg 680w, https:\/\/aeronet.cz\/news\/wp-content\/uploads\/Covid_Pistol-920x483.jpg 920w, https:\/\/aeronet.cz\/news\/wp-content\/uploads\/Covid_Pistol.jpg 1200w\" alt=\"\" width=\"489\" height=\"257\" \/><\/a><figcaption class=\"wp-caption-text\">Total Control<\/figcaption><\/figure>\n<p><strong>P\u0159edstavte si, \u017ee \u010desk\u00e1 vl\u00e1da se sna\u017e\u00ed sou\u010dasn\u00e1 omezen\u00ed vlo\u017eit do zm\u00edn\u011bn\u00e9ho z\u00e1kona natrvalo, napo\u0159\u00e1d a u\u017e nav\u017edy!<\/strong>\u00a0Novela toti\u017e umo\u017en\u00ed omezit ob\u010dansk\u00e1 a lidsk\u00e1 pr\u00e1va spojen\u00e1 s voln\u00fdm pohybem a vstupov\u00e1n\u00edm nejen do ve\u0159ejn\u011b p\u0159\u00edstupn\u00fdch prostor a budov, ale i soukrom\u00fdch prostor takov\u00fdm zp\u016fsobem, \u017ee pouze lid\u00e9 s vakc\u00ednou, testem nebo s potvrzen\u00edm o prod\u011bl\u00e1n\u00ed nemoci budou m\u00edt pr\u00e1vo vstoupit do m\u00edst, kam p\u0159ed rokem 2020 mohli vstupovat bez omezen\u00ed. Novela rovn\u011b\u017e vy\u0161krt\u00e1v\u00e1 pojem \u201c<em>citliv\u00e1 osobn\u00ed data<\/em>\u201d vzta\u017een\u00e1 ke zdravotn\u00edm dokumentac\u00edm a nahrazuje je rozs\u00e1hlou definic\u00ed toho, co u\u017e nen\u00ed za citliv\u00e1 a osobn\u00ed data pova\u017eov\u00e1no a bude podle novely sd\u00edleno a zpracov\u00e1v\u00e1no st\u00e1tn\u00edmi org\u00e1ny z va\u0161\u00ed zdravotn\u00ed dokumentace.<\/p>\n<figure id=\"attachment_46784\" class=\"wp-caption aligncenter\"><a href=\"https:\/\/aeronet.cz\/news\/wp-content\/uploads\/CitliveUdaje.jpg\"><img decoding=\"async\" loading=\"lazy\" class=\"wp-image-46784 size-large\" src=\"https:\/\/aeronet.cz\/news\/wp-content\/uploads\/CitliveUdaje-1024x585.jpg\" sizes=\"(max-width: 700px) 100vw, 700px\" srcset=\"https:\/\/aeronet.cz\/news\/wp-content\/uploads\/CitliveUdaje-1024x585.jpg 1024w, https:\/\/aeronet.cz\/news\/wp-content\/uploads\/CitliveUdaje-300x171.jpg 300w, https:\/\/aeronet.cz\/news\/wp-content\/uploads\/CitliveUdaje-768x439.jpg 768w, https:\/\/aeronet.cz\/news\/wp-content\/uploads\/CitliveUdaje-700x400.jpg 700w, https:\/\/aeronet.cz\/news\/wp-content\/uploads\/CitliveUdaje-625x357.jpg 625w, https:\/\/aeronet.cz\/news\/wp-content\/uploads\/CitliveUdaje-845x483.jpg 845w, https:\/\/aeronet.cz\/news\/wp-content\/uploads\/CitliveUdaje.jpg 1225w\" alt=\"\" width=\"700\" height=\"400\" \/><\/a><figcaption class=\"wp-caption-text\">P\u0159ekroucen\u00e1 definice toho, co lze sb\u00edrat o ob\u010danech pro \u00fa\u010dely Total Control<\/figcaption><\/figure>\n<p>Do redakce n\u00e1m od p\u00e1tku p\u0159i\u0161ly reakce od des\u00edtek \u010dten\u00e1\u0159\u016f a pros\u00ed n\u00e1s, abychom spustili alarm a informovali \u010dten\u00e1\u0159e a politiky, aby ve sn\u011bmovn\u011b proti t\u00e9to novele ost\u0159e vystoupili a ozna\u010dili ji za dokument, kter\u00fd legalizuje zav\u00e1d\u011bn\u00ed apartheidu v \u010cesk\u00e9 republice a \u010dlen\u011bn\u00ed obyvatelstva na dv\u011b sorty lid\u00ed s vy\u0161\u0161\u00edmi a ni\u017e\u0161\u00edmi lidsk\u00fdmi a ob\u010dansk\u00fdmi pr\u00e1vy.\u00a0<strong>Cel\u00e1 novela by se podle na\u0161eho pr\u00e1vn\u00edka dala shrnout jako zmoc\u0148ovac\u00ed z\u00e1kon pro \u010desk\u00e9 st\u00e1tn\u00ed a vl\u00e1dn\u00ed org\u00e1ny k zaveden\u00ed permanentn\u00edho stavu epidemiologick\u00e9 hrozby<\/strong>, kter\u00e1 nem\u00e1 a nebude m\u00edt \u017e\u00e1dn\u00e9 \u010dasov\u00e9 omezen\u00ed, proto\u017ee formulace slov a v\u011bt v novele d\u00e1v\u00e1 neomezen\u00fd rozsah pro trval\u00e9 uplat\u0148ov\u00e1n\u00ed omezen\u00ed pohybu \u010desk\u00e9ho obyvatelstva.<\/p>\n<h6><span style=\"font-size: 14pt;\">Novela z\u00e1kona chce za\u010d\u00edt omezovat v \u010cR i setk\u00e1v\u00e1n\u00ed rodin na oslav\u00e1ch narozenin pod rou\u0161kou trval\u00e9ho virov\u00e9ho ohro\u017een\u00ed<\/span><\/h6>\n<p>Novela toti\u017e zav\u00e1d\u00ed omezen\u00ed nejen pro ve\u0159ejn\u00e9 prostory jako jsou obchody, n\u00e1kupn\u00ed centra, restaurace, slu\u017eby, divadla, kina, stadiony nebo koncertn\u00ed haly, ale i pro soukrom\u00e9 prostory a soukrom\u00e9 kluby, v\u010detn\u011b prostor dom\u00e1ck\u00fdch, tedy soukrom\u00fdch a ur\u010den\u00fdch pro rodiny a p\u0159\u00edbuzn\u00e9, tedy zcela s vylou\u010den\u00edm ve\u0159ejnosti.\u00a0<strong>Babi\u0161ova vl\u00e1da tak chce z\u00e1konem omezit i setk\u00e1v\u00e1n\u00ed uvnit\u0159 rodin, pokud si to usmysl\u00ed.<\/strong><\/p>\n<p>N\u00e1\u0161 pr\u00e1vn\u00edk se doslova zd\u011bsil, proto\u017ee toto je opravdu novela, kter\u00e1 nese prvky nacistick\u00e9ho \u00fatisku proti skupin\u011b vlastn\u00edch obyvatel, tentokr\u00e1t ne podle rasov\u00e9ho kl\u00ed\u010de jako ve 30. letech v N\u011bmecku, ale podle mengelistick\u00e9ho zdravotn\u00edho kl\u00ed\u010de, tedy podle vlastnictv\u00ed zdravotn\u00edho pr\u016fkazu, a je jedno, jestli se mu bude \u0159\u00edkat covidov\u00fd pas nebo n\u011bjak jinak. N\u00ed\u017ee je PDF n\u00e1vrh novely z\u00e1kona s vyzna\u010den\u00edm zm\u011bn v z\u00e1kon\u011b.<\/p>\n<p>Nejprve si \u0159ekn\u011bme fakta. \u010cesk\u00e1 vl\u00e1da u\u017e v\u00ed, \u017ee ochota \u010desk\u00e9ho obyvatelstva k o\u010dkov\u00e1n\u00ed nep\u0159es\u00e1hne zhruba 40% \u010desk\u00e9 populace. Proto tento novelizovan\u00fd z\u00e1kon zav\u00e1d\u00ed celkem dv\u011b nov\u00e1 opat\u0159en\u00ed. Za prv\u00e9, zav\u00e1d\u00ed pr\u00e1vo st\u00e1tn\u00edch org\u00e1n\u016f, aby na\u0159\u00eddily provozovatel\u016fm a majitel\u016fm ve\u0159ejn\u00fdch a dokonce i soukrom\u00fdch prostor\u016f, aby vy\u017eadovali od sv\u00fdch z\u00e1kazn\u00edk\u016f anebo kamar\u00e1d\u016f, p\u0159\u00edbuzn\u00fdch \u010di p\u0159\u00e1tel p\u0159edlo\u017een\u00ed potvrzen\u00ed o o\u010dkov\u00e1n\u00ed, testov\u00e1n\u00ed, anebo o prod\u011bl\u00e1n\u00ed nemoci.\u00a0<strong>A za druh\u00e9, zav\u00e1d\u00ed pr\u00e1vn\u00ed zm\u011bny pro uchov\u00e1v\u00e1n\u00ed, zpracov\u00e1n\u00ed, vyhodnocov\u00e1n\u00ed a zp\u0159\u00edstupn\u011bn\u00ed zdravotn\u00edch \u00fadaj\u016f \u010desk\u00fdch ob\u010dan\u016f pro vyu\u017eit\u00ed zm\u00edn\u011bn\u00fdmi ve\u0159ejn\u00fdmi a soukrom\u00fdmi subjekty k ov\u011b\u0159ov\u00e1n\u00ed jejich zdravotn\u00edho stavu.<\/strong><\/p>\n<h6><span style=\"font-size: 14pt;\">Bez statusu OTN u\u017e nikdy nevstoup\u00edte do kamenn\u00e9ho obchodu<\/span><\/h6>\n<p>N\u00e1\u0161 pr\u00e1vn\u00edk n\u00e1vrh novely pro\u010detl a s hr\u016fzou zjistil, \u017ee novela de facto umo\u017e\u0148uje dvoj\u00ed pohled na implementaci takov\u00e9 datab\u00e1ze, proto\u017ee z n\u00e1vrhu novely vypl\u00fdv\u00e1, \u017ee\u00a0<strong>Ministerstvo zdravotnictv\u00ed bude z\u0159izovatelem t\u00e9to st\u00e1tn\u00ed datab\u00e1ze OTN (o\u010dkovan\u00fdch, testovan\u00fdch, po prod\u011blan\u00e9 nemoci) a bude poskytovat \u00fadaje o ob\u010danech ve\u0159ejn\u00fdm a soukrom\u00fdm subjekt\u016fm<\/strong>\u00a0p\u0159i komunikaci s nimi, ale rovn\u011b\u017e bude m\u00edt ministerstvo dokonal\u00fd p\u0159ehled o osob\u00e1ch, kter\u00e9 OTN status m\u00edt nebudou.<\/p>\n<p>A d\u00e1 se o\u010dek\u00e1vat, \u017ee \u010desk\u00fd re\u017eim za\u010dne po volb\u00e1ch lidi bez OTN statusu sankcionovat, budou mo\u017en\u00e1 platit vy\u0161\u0161\u00ed zdravotn\u00ed poji\u0161t\u011bn\u00ed, to u\u017e je prvn\u00ed vla\u0161tovka a informace, kterou jsme v\u010dera do redakce dostali od jednoho z \u010desk\u00fdch poslanc\u016f, za informaci mu moc d\u011bkujeme a vyhov\u00edme jeho \u017e\u00e1dosti o utajen\u00ed, z pochopiteln\u00fdch d\u016fvod\u016f. Nejprve se poj\u010fme pod\u00edvat na nejk\u0159iklav\u011bj\u0161\u00ed odstavec v navrhovan\u00e9 novele z\u00e1kona, kter\u00fd de facto odhaluje zr\u016fdnost cel\u00e9 p\u0159edlohy.<\/p>\n<p>8. V \u00a7 69 odst. 1 se za p\u00edsmeno h) vkl\u00e1d\u00e1 nov\u00e9 p\u00edsmeno i), kter\u00e9 zn\u00ed:<\/p>\n<p>\u201ei) omezen\u00ed \u00fa\u010dasti na ve\u0159ejn\u00e9 nebo soukrom\u00e9 akci nebo vstupu do ve\u0159ejnosti jinak p\u0159\u00edstupn\u00e9ho prostoru, v\u010detn\u011b provozoven\u00a0<strong>nebo jin\u00fdch prostor<\/strong>, do nich\u017e je vstup v\u00e1z\u00e1n na \u010dlenstv\u00ed, \u00fahradu\u00a0<strong>nebo jinou podm\u00ednku<\/strong>, tak, \u017ee jsou umo\u017en\u011bny pouze fyzick\u00fdm osob\u00e1m, kter\u00e9 po\u0159adateli nebo organiz\u00e1torovi akce nebo provozovateli nebo majiteli ve\u0159ejnosti jinak p\u0159\u00edstupn\u00e9ho prostoru nebo jimi pov\u011b\u0159en\u00e9 osob\u011b\u00a0<strong>prok\u00e1\u017e\u00ed<\/strong>\u00a0zp\u016fsobem stanoven\u00fdm mimo\u0159\u00e1dn\u00fdm opat\u0159en\u00edm, \u017ee se\u00a0<strong>podrobily o\u010dkov\u00e1n\u00ed<\/strong>\u00a0proti infek\u010dn\u00edmu onemocn\u011bn\u00ed nebo toto infek\u010dn\u00ed\u00a0<strong>onemocn\u011bn\u00ed prod\u011blaly<\/strong>\u00a0nebo se\u00a0<strong>podrobily testu nebo vy\u0161et\u0159en\u00ed<\/strong>\u00a0na p\u0159\u00edtomnost p\u016fvodce infek\u010dn\u00edho onemocn\u011bn\u00ed s negativn\u00edm v\u00fdsledkem,\u201d.<\/p>\n<p>Dosavadn\u00ed p\u00edsmeno i) se ozna\u010duje jako p\u00edsmeno j).<\/p>\n<p>Toto nov\u00e9 p\u00edsmeno\u00a0\u00a7 69 podle na\u0161eho pr\u00e1vn\u00edka hovo\u0159\u00ed zcela jasn\u011b o ve\u0159ejn\u00fdch a sou\u010dasn\u011b i o soukrom\u00fdch akc\u00edch. Novela tak u\u017e nem\u00ed\u0159\u00ed jen na ve\u0159ejn\u00fd prostor, ale i na \u010desk\u00e9 rodiny. Co je to soukrom\u00e1 akce? To je nap\u0159. oslava narozenin d\u00edt\u011bte, kdy se sejde rodina a z venkova p\u0159ijedou babi\u010dky a d\u011bde\u010dkov\u00e9.<\/p>\n<p><strong>Podle t\u00e9to novely ale bude muset organiz\u00e1tor soukrom\u00e9 akce n\u00e1v\u0161t\u011bvy zastavit u dve\u0159\u00ed a zkontrolovat jejich OTN statusy online<\/strong>, p\u0159i\u010dem\u017e st\u00e1tn\u00ed org\u00e1n b\u011bhem kontroly statusu uvid\u00ed v re\u00e1ln\u00e9m \u010dase online n\u00e1v\u0161t\u011bvu t\u011bch a t\u011bch babi\u010dek a d\u011bde\u010dk\u016f, tam a tam, v tolik a tolik hodin, a na takov\u00e9m a takov\u00e9m m\u00edst\u011b. Tot\u00e1ln\u00ed Orwell! Vzta\u017een\u00ed i na soukrom\u00e9 akce napl\u0148uje skutkov\u00e9 obrysy trestn\u00e9ho \u010dinu \u00fatisku. Vy\u017eadovat po soukrom\u00fdch osob\u00e1ch na soukrom\u00fdch akc\u00edch \u00fakony pro st\u00e1tn\u00ed spr\u00e1vu je typick\u00fdm rysem totality.<\/p>\n<h6><span style=\"font-size: 14pt;\">Re\u017eim bude moci na\u0159\u00eddit vy\u017eadov\u00e1n\u00ed kontroly OTN statusu p\u0159i vstupu do jak\u00e9hokoliv ve\u0159ejn\u00e9ho nebo soukrom\u00e9ho prostoru a st\u00e1t o tom povede elektronick\u00fd z\u00e1znam o \u010dase a datu kontroly<\/span><\/h6>\n<p>Dal\u0161\u00ed omezen\u00ed se t\u00fdk\u00e1 i zm\u00ednky o prostor\u00e1ch, kam mohou vstupovat jen na z\u00e1klad\u011b \u010dlenstv\u00ed. Toto opat\u0159en\u00ed je nam\u00ed\u0159eno proti soukrom\u00fdm pivn\u00edm klub\u016fm, tedy hospod\u00e1m, kter\u00e9 se b\u011bhem lockdownu p\u0159ed\u011blaly na soukrom\u00e9 kluby s \u010dlenstv\u00edm. Jen\u017ee, novela tento v\u00fd\u010det taxativn\u011b nech\u00e1v\u00e1 otev\u0159en\u00fd a definuje v p\u00edsmenu \u201cj\u201d jak\u00fdkoliv vstup do prostor s jinou podm\u00ednkou, kdy osoby jsou povinny po\u0159adateli nebo organiz\u00e1torovi prok\u00e1zat sv\u016fj status OTN.<\/p>\n<p><strong>Nejhor\u0161\u00ed na tomto odstavci v p\u00edsmenu \u201cj\u201d lze pova\u017eovat vymezen\u00ed pojmu \u201cv\u010detn\u011b provozoven nebo jin\u00fdch prostor\u201d, co\u017e lze pova\u017eovat za nejnebezpe\u010dn\u011bj\u0161\u00ed formulaci v cel\u00e9 novele<\/strong>, proto\u017ee \u201cjin\u00fdm prostorem\u201d je z pr\u00e1vn\u00edho hlediska, jak upozor\u0148uje n\u00e1\u0161 pr\u00e1vn\u00edk, naprosto jak\u00fdkoliv jin\u00fd prostor, naprosto v\u0161echny jin\u00e9 prostory, bez jak\u00e9hokoli omezen\u00ed. Ve spojen\u00ed s definic\u00ed na po\u010d\u00e1tku p\u00edsmene, \u017ee org\u00e1ny budou moci omezit \u00fa\u010dasti na ve\u0159ejn\u00fdch i soukrom\u00fdch akc\u00edch, lze potom odvodit,\u00a0 \u017ee \u201cjin\u00e9 prostory\u201d jsou implicitn\u011b my\u0161leny v\u0161echny jin\u00e9 ve\u0159ejn\u00e9 i v\u0161echny jin\u00e9 soukrom\u00e9 prostory, tedy prostory v p\u00edsmenu \u201cj\u201d neuveden\u00e9 taxativn\u011b, varuje n\u00e1\u0161 pr\u00e1vn\u00edk.<\/p>\n<figure id=\"attachment_46780\" class=\"wp-caption aligncenter\" style=\"width: 531px;\"><a href=\"https:\/\/aeronet.cz\/news\/wp-content\/uploads\/Covid_Distance.jpg\"><img decoding=\"async\" loading=\"lazy\" class=\"wp-image-46780 \" src=\"https:\/\/aeronet.cz\/news\/wp-content\/uploads\/Covid_Distance-1024x575.jpg\" sizes=\"(max-width: 700px) 100vw, 700px\" srcset=\"https:\/\/aeronet.cz\/news\/wp-content\/uploads\/Covid_Distance-1024x575.jpg 1024w, https:\/\/aeronet.cz\/news\/wp-content\/uploads\/Covid_Distance-300x169.jpg 300w, https:\/\/aeronet.cz\/news\/wp-content\/uploads\/Covid_Distance-768x431.jpg 768w, https:\/\/aeronet.cz\/news\/wp-content\/uploads\/Covid_Distance-700x393.jpg 700w, https:\/\/aeronet.cz\/news\/wp-content\/uploads\/Covid_Distance-636x357.jpg 636w, https:\/\/aeronet.cz\/news\/wp-content\/uploads\/Covid_Distance-860x483.jpg 860w, https:\/\/aeronet.cz\/news\/wp-content\/uploads\/Covid_Distance.jpg 1280w\" alt=\"\" width=\"531\" height=\"298\" \/><\/a><figcaption class=\"wp-caption-text\">Tohle z\u016fstane pro neo\u010dkovan\u00e9 lidi natrvalo<\/figcaption><\/figure>\n<p>Pr\u00e1vn\u00edk upozor\u0148uje, \u017ee \u00a7 69 z\u00e1kona o ochran\u011b ve\u0159ejn\u00e9ho zdrav\u00ed\u00a0<strong>uv\u00e1d\u00ed [<a href=\"https:\/\/href.li\/?https:\/\/www.zakonyprolidi.cz\/cs\/2000-258\" target=\"_blank\" rel=\"nofollow noopener\">3<\/a>] v odstavci \u010d. 1<\/strong>, \u017ee\u00a0mimo\u0159\u00e1dn\u00fdmi opat\u0159en\u00edmi p\u0159i epidemii nebo nebezpe\u010d\u00ed jej\u00edho vzniku jsou\u2026 a n\u00e1sleduje v\u00fd\u010det p\u00edsmen. Tento odstavec z\u00e1kona ji\u017e dnes zcela jasn\u011b hovo\u0159\u00ed o epidemii NEBO nebezpe\u010d\u00ed jej\u00edho vzniku. Douf\u00e1m, \u017ee ch\u00e1pete tu hrozbu z\u00e1kona. Nebezpe\u010d\u00ed nem\u00e1 \u017e\u00e1dnou definici, nebezpe\u010d\u00ed je v\u011bc\u00ed pohledu, \u00fasudku, posouzen\u00ed, tak\u017ee nebezpe\u010d\u00ed virov\u00e9 n\u00e1kazy m\u016f\u017ee trvat po\u0159\u00e1d, natrvalo, nebezpe\u010d\u00ed nem\u00e1 \u017e\u00e1dn\u00e9 \u010dasov\u00e9 ani defini\u010dn\u00ed omezen\u00ed.<\/p>\n<p><strong>Vl\u00e1da m\u016f\u017ee kdykoliv prohl\u00e1sit, \u017ee po posouzen\u00ed informac\u00ed usoudila, \u017ee existuje ur\u010dit\u00e9 nebezpe\u010d\u00ed, a proto od t\u00e9to chv\u00edle nesm\u00edte bez certifik\u00e1tu OTN chodit do \u017e\u00e1dn\u00fdch ve\u0159ejn\u00fdch, soukrom\u00fdch prostor, ani jin\u00fdch prostor.<\/strong>\u00a0Obyvatelstvo tak bude st\u00e1tem rozli\u0161ov\u00e1no na dr\u017eitele OTN a na ty ostatn\u00ed. A podle tohoto rozli\u0161en\u00e9 budou kastovn\u00edm zp\u016fsobem omezov\u00e1na nebo privilegov\u00e1na jejich ob\u010dansk\u00e1 a lidsk\u00e1 pr\u00e1va, tedy na principu spole\u010densk\u00e9ho apartheidu.<\/p>\n<h6><span style=\"font-size: 14pt;\">Bl\u00ed\u017e\u00ed se volby, je pot\u0159eba za\u010d\u00edt sepisovat seznamy a prov\u011b\u0159it poslance, jak se zachovaj\u00ed u t\u00e9to novely<\/span><\/h6>\n<p>Okam\u017eit\u011b zalarmujte sv\u00e9 poslance a za\u010dn\u011bte sepisovat seznamy poslanc\u016f, kte\u0159\u00ed budou ml\u010det a nebudou se proti novele cht\u00edt postavit.\u00a0<strong>Bl\u00ed\u017e\u00ed se volby, je pot\u0159eba nachystat seznamy a zah\u00e1jit prov\u011brky politik\u016f, kte\u0159\u00ed se 4 roky h\u00e1jili vlastenectv\u00edm, tak\u017ee te\u010f je pot\u0159eba je prov\u011b\u0159it.<\/strong>\u00a0Pokud novela projde, \u010cesk\u00e1 republika se stane natrvalo totalitn\u00edm st\u00e1tem, kde neo\u010dkovan\u00ed lid\u00e9 padnou do n\u00e1ru\u010de online \u0159et\u011bzc\u016f, proto\u017ee do \u017e\u00e1dn\u00e9ho kamenn\u00e9ho obchodu u\u017e je v \u017eivot\u011b nepust\u00ed. Mnoha lidem to nebude dokonce ani vadit, nau\u010dili se za posledn\u00ed rok a p\u016fl nakupovat online. Jen\u017ee novela nov\u011b m\u00ed\u0159\u00ed i proti soukrom\u00fdm prostor\u00e1m, proti soukrom\u00fdm akc\u00edm, a to u\u017e je mnohem brut\u00e1ln\u011bj\u0161\u00ed level.<\/p>\n<figure id=\"attachment_46781\" class=\"wp-caption aligncenter\" style=\"width: 529px;\"><a href=\"https:\/\/aeronet.cz\/news\/wp-content\/uploads\/CovidCheckpointHwy.jpg\"><img decoding=\"async\" loading=\"lazy\" class=\"wp-image-46781 \" src=\"https:\/\/aeronet.cz\/news\/wp-content\/uploads\/CovidCheckpointHwy-1024x576.jpg\" sizes=\"(max-width: 700px) 100vw, 700px\" srcset=\"https:\/\/aeronet.cz\/news\/wp-content\/uploads\/CovidCheckpointHwy-1024x576.jpg 1024w, https:\/\/aeronet.cz\/news\/wp-content\/uploads\/CovidCheckpointHwy-300x169.jpg 300w, https:\/\/aeronet.cz\/news\/wp-content\/uploads\/CovidCheckpointHwy-768x432.jpg 768w, https:\/\/aeronet.cz\/news\/wp-content\/uploads\/CovidCheckpointHwy-700x394.jpg 700w, https:\/\/aeronet.cz\/news\/wp-content\/uploads\/CovidCheckpointHwy-635x357.jpg 635w, https:\/\/aeronet.cz\/news\/wp-content\/uploads\/CovidCheckpointHwy-859x483.jpg 859w, https:\/\/aeronet.cz\/news\/wp-content\/uploads\/CovidCheckpointHwy.jpg 1200w\" alt=\"\" width=\"529\" height=\"298\" \/><\/a><figcaption class=\"wp-caption-text\">Covidov\u00fd kontroln\u00ed bod na d\u00e1lnici na hranici mezi Georgi\u00ed a Floridou<\/figcaption><\/figure>\n<p>Proto\u017ee st\u00e1t si chce vym\u00ednit, abyste kontrolovali online pomoc\u00ed aplikac\u00ed v mobilu i n\u00e1v\u0161t\u011bvy rodi\u010d\u016f, babi\u010dek a d\u011bde\u010dk\u016f. St\u00e1t povede monstr\u00f3zn\u00ed datab\u00e1zi obyvatel, kte\u0159\u00ed budou m\u00edt OTN registraci a v datab\u00e1zi obyvatel ta informace bude sv\u00edtit jako vyk\u0159i\u010dn\u00edk, pokud OTN registraci ob\u010dan m\u00edt nebude.\u00a0<strong>Total Control p\u0159ich\u00e1z\u00ed do \u010cR rok a p\u016fl pot\u00e9, co jsem o pl\u00e1nu t\u011bchto opat\u0159en\u00ed globalist\u016f psal tady na AEN poprv\u00e9 u\u017e vloni na konci zimy.<\/strong>\u00a0Tehdy to pr\u00fd byly konspirace a hoaxy. Dnes je to realita. Nezak\u00e1\u017eou v\u00e1m jen ps\u00e1t a zp\u00edvat, zak\u00e1\u017eou v\u00e1m i setk\u00e1vat se v kruhu rodiny a p\u0159\u00edbuzenstva na oslav\u011b narozenin jinak, ne\u017e jen pod dozorem org\u00e1n\u016f st\u00e1tu. V jako Vendetta? Re\u017eim, kter\u00fd virus pot\u0159ebuje k tot\u00e1ln\u00ed kontrole obyvatelstva? Ano, Total Control!<\/p>\n<p>-VK- \u0160\u00e9fredaktor AE News<\/p>\n<p><a href=\"https:\/\/aeronet.cz\/news\/babisova-vlada-posunula-v-patek-do-snemovny-novelu-zakona-o-ochrane-verejneho-zdravi-doslova-jako-okopirovanou-z-dilny-klause-schwaba-a-z-propagacnich-vystoupeni-billa-gatese\/\">ZDROJ<\/a><\/p>\n<p>&nbsp;<\/p>\n","protected":false},"excerpt":{"rendered":"<p>Babi\u0161ova vl\u00e1da posunula v p\u00e1tek do sn\u011bmovny novelu z\u00e1kona o ochran\u011b ve\u0159ejn\u00e9ho zdrav\u00ed doslova jako&#8230;<\/p>\n","protected":false},"author":2,"featured_media":1919,"comment_status":"closed","ping_status":"closed","sticky":false,"template":"","format":"standard","meta":[],"categories":[6],"tags":[126,23,53,36,82,48,99],"_links":{"self":[{"href":"https:\/\/www.infokuryr.cz\/n\/wp-json\/wp\/v2\/posts\/1918"}],"collection":[{"href":"https:\/\/www.infokuryr.cz\/n\/wp-json\/wp\/v2\/posts"}],"about":[{"href":"https:\/\/www.infokuryr.cz\/n\/wp-json\/wp\/v2\/types\/post"}],"author":[{"embeddable":true,"href":"https:\/\/www.infokuryr.cz\/n\/wp-json\/wp\/v2\/users\/2"}],"replies":[{"embeddable":true,"href":"https:\/\/www.infokuryr.cz\/n\/wp-json\/wp\/v2\/comments?post=1918"}],"version-history":[{"count":0,"href":"https:\/\/www.infokuryr.cz\/n\/wp-json\/wp\/v2\/posts\/1918\/revisions"}],"wp:featuredmedia":[{"embeddable":true,"href":"https:\/\/www.infokuryr.cz\/n\/wp-json\/wp\/v2\/media\/1919"}],"wp:attachment":[{"href":"https:\/\/www.infokuryr.cz\/n\/wp-json\/wp\/v2\/media?parent=1918"}],"wp:term":[{"taxonomy":"category","embeddable":true,"href":"https:\/\/www.infokuryr.cz\/n\/wp-json\/wp\/v2\/categories?post=1918"},{"taxonomy":"post_tag","embeddable":true,"href":"https:\/\/www.infokuryr.cz\/n\/wp-json\/wp\/v2\/tags?post=1918"}],"curies":[{"name":"wp","href":"https:\/\/api.w.org\/{rel}","templated":true}]}}