{"id":19171,"date":"2022-12-03T05:36:03","date_gmt":"2022-12-03T04:36:03","guid":{"rendered":"http:\/\/www.infokuryr.cz\/n\/?p=19171"},"modified":"2022-12-03T05:36:03","modified_gmt":"2022-12-03T04:36:03","slug":"rndr-jan-sedlacek-green-deal-je-ekologicka-katastrofa","status":"publish","type":"post","link":"https:\/\/www.infokuryr.cz\/n\/2022\/12\/03\/rndr-jan-sedlacek-green-deal-je-ekologicka-katastrofa\/","title":{"rendered":"RNDR. JAN SEDL\u00c1\u010cEK: GREEN DEAL JE EKOLOGICK\u00c1 KATASTROFA"},"content":{"rendered":"<div id=\"fb-root\"><\/div>\n<p><span style=\"font-size: 14pt;\"><strong>Green deal a klimaalarmismus je jedno z t\u00e9mat na kter\u00fdm by se mohla vlasteneck\u00e1 sc\u00e9na sjednotit. Vysok\u00e9 ceny energi\u00ed zp\u016fsobuj\u00ed zejm\u00e9na emisn\u00ed povolenky a prod\u00e1v\u00e1n\u00ed p\u0159es lipskou burzu. Emisn\u00ed povolenky jsou nesmysl, kter\u00fd nem\u00e1 s ochranou p\u0159\u00edrody nic spole\u010dn\u00e9ho. Z\u00e1klad je levn\u00e1 energie pro na\u0161e lidi. Jsou bioplynky v\u016fbec ekologick\u00e9? RNDr. Jan Sedl\u00e1\u010dek v po\u0159adu Svobodn\u00e9 televize\u2026<\/strong><\/span><\/p>\n<p>&nbsp;<\/p>\n<p><iframe loading=\"lazy\" title=\"RDH 017 RNDr. Jan Sedl\u00e1\u010dek - Green deal je ekologick\u00e1 katastrofa\" width=\"640\" height=\"360\" src=\"https:\/\/www.youtube.com\/embed\/5Mc26G-FqSM?feature=oembed\" frameborder=\"0\" allow=\"accelerometer; autoplay; clipboard-write; encrypted-media; gyroscope; picture-in-picture\" allowfullscreen><\/iframe><\/p>\n<p><img decoding=\"async\" loading=\"lazy\" class=\"wp-image-19116 aligncenter\" src=\"http:\/\/www.infokuryr.cz\/n\/wp-content\/uploads\/2022\/12\/PRO-LOGO-300x29.jpg\" alt=\"\" width=\"1200\" height=\"116\" srcset=\"https:\/\/www.infokuryr.cz\/n\/wp-content\/uploads\/2022\/12\/PRO-LOGO-300x29.jpg 300w, https:\/\/www.infokuryr.cz\/n\/wp-content\/uploads\/2022\/12\/PRO-LOGO-768x75.jpg 768w, https:\/\/www.infokuryr.cz\/n\/wp-content\/uploads\/2022\/12\/PRO-LOGO.jpg 998w\" sizes=\"(max-width: 1200px) 100vw, 1200px\" \/><\/p>\n<p>&nbsp;<\/p>\n","protected":false},"excerpt":{"rendered":"<p>Green deal a klimaalarmismus je jedno z t\u00e9mat na kter\u00fdm by se mohla vlasteneck\u00e1 sc\u00e9na&#8230;<\/p>\n","protected":false},"author":2,"featured_media":19172,"comment_status":"closed","ping_status":"closed","sticky":false,"template":"","format":"standard","meta":[],"categories":[6],"tags":[67,229,1052,3955,889],"_links":{"self":[{"href":"https:\/\/www.infokuryr.cz\/n\/wp-json\/wp\/v2\/posts\/19171"}],"collection":[{"href":"https:\/\/www.infokuryr.cz\/n\/wp-json\/wp\/v2\/posts"}],"about":[{"href":"https:\/\/www.infokuryr.cz\/n\/wp-json\/wp\/v2\/types\/post"}],"author":[{"embeddable":true,"href":"https:\/\/www.infokuryr.cz\/n\/wp-json\/wp\/v2\/users\/2"}],"replies":[{"embeddable":true,"href":"https:\/\/www.infokuryr.cz\/n\/wp-json\/wp\/v2\/comments?post=19171"}],"version-history":[{"count":0,"href":"https:\/\/www.infokuryr.cz\/n\/wp-json\/wp\/v2\/posts\/19171\/revisions"}],"wp:featuredmedia":[{"embeddable":true,"href":"https:\/\/www.infokuryr.cz\/n\/wp-json\/wp\/v2\/media\/19172"}],"wp:attachment":[{"href":"https:\/\/www.infokuryr.cz\/n\/wp-json\/wp\/v2\/media?parent=19171"}],"wp:term":[{"taxonomy":"category","embeddable":true,"href":"https:\/\/www.infokuryr.cz\/n\/wp-json\/wp\/v2\/categories?post=19171"},{"taxonomy":"post_tag","embeddable":true,"href":"https:\/\/www.infokuryr.cz\/n\/wp-json\/wp\/v2\/tags?post=19171"}],"curies":[{"name":"wp","href":"https:\/\/api.w.org\/{rel}","templated":true}]}}