{"id":19168,"date":"2022-12-03T05:27:13","date_gmt":"2022-12-03T04:27:13","guid":{"rendered":"http:\/\/www.infokuryr.cz\/n\/?p=19168"},"modified":"2022-12-03T05:27:13","modified_gmt":"2022-12-03T04:27:13","slug":"fialuv-darek-s-cislem-337-ze-zlociny-vlady-dopadnou-az-na-nase-deti","status":"publish","type":"post","link":"https:\/\/www.infokuryr.cz\/n\/2022\/12\/03\/fialuv-darek-s-cislem-337-ze-zlociny-vlady-dopadnou-az-na-nase-deti\/","title":{"rendered":"Fial\u016fv d\u00e1rek s \u010d\u00edslem 337: \u017de zlo\u010diny vl\u00e1dy dopadnou a\u017e na na\u0161e d\u011bti?"},"content":{"rendered":"<div id=\"fb-root\"><\/div>\n<div id=\"ArticleTop\">\n<h2>I kde\u017e, brakuj\u00ed n\u00e1m pen\u011b\u017eenky u\u017e te\u010f! Novou sen\u00e1torku h\u00e1j\u00edc\u00ed norm\u00e1ln\u00ed sv\u011bt odvezla z kuka\u010d\u010d\u00edho hn\u00edzda z\u00e1chranka. Kdo v\u0161ak zachr\u00e1n\u00ed k\u0159es\u0165ansk\u00e9 V\u00e1noce?<\/h2>\n<p class=\"clkPerex\"><strong><a class=\"clkAutor\" href=\"https:\/\/protiproud.info\/autor\/ladislav-jakl.htm\">LADISLAV JAKL<\/a> vyvrac\u00ed roz\u0161\u00ed\u0159en\u00fd alibismus, \u017ee vl\u00e1dn\u00ed dluhov\u00e1 past zaklapne &#8222;a\u017e&#8220; nad na\u0161imi d\u011btmi, a m\u00e1 za to, \u017ee zat\u00edmco state\u010dn\u00e9 sen\u00e1torce Zwyrtek Hamplov\u00e9 (p\u0159ejeme j\u00ed brzk\u00e9 uzdraven\u00ed!) mohla po u\u0161tknut\u00ed v\u00e1le\u010dnou zmij\u00ed \u010cernochovou pomoci rychl\u00e1 z\u00e1chrann\u00ed slu\u017eba, pro vra\u017ed\u011bnou civilizaci nen\u00ed k dispozici<\/strong><\/p>\n<\/div>\n<div id=\"Article\">\n<p>Tak jsme v\u0161ichni dostali p\u0159ed\u010dasn\u00fd d\u00e1rek pod strome\u010dek. Schodek leto\u0161n\u00edho rozpo\u010dtov\u00e9ho roku vylezl u\u017e nad 337 miliard korun a ani k\u00a0tomu nebylo zapot\u0159eb\u00ed karant\u00e9nn\u00edch zt\u0159e\u0161t\u011bnost\u00ed jako loni a p\u0159edloni. Sta\u010d\u00ed k\u00a0tomu vl\u00e1dn\u00ed politika rozpo\u010dtov\u00e9 nezodpov\u011bdnosti.<\/p>\n<h2>D\u011bkujeme vl\u00e1do za v\u00e1no\u010dn\u00ed d\u00e1rek<\/h2>\n<p>A kdo ten d\u00e1rek zaplat\u00ed? M\u00fdl\u00ed se ti, kdo \u0159\u00edkaj\u00ed, \u017ee to budou na\u0161e d\u011bti. Kde\u017ee, takto se velk\u00e9 schodky nespl\u00e1cej\u00ed. Ty plat\u00edme u\u017e nyn\u00ed. Poklesem hodnoty sv\u00fdch \u00faspor a dramatick\u00fdm sn\u00ed\u017een\u00edm re\u00e1ln\u00fdch p\u0159\u00edjm\u016f, nejv\u011bt\u0161\u00edm za posledn\u00edch t\u0159icet let. No, za takov\u00fd v\u00e1no\u010dn\u00ed d\u00e1rek p\u011bkn\u011b d\u011bkujeme.<\/p>\n<p>I kdy\u017e, obrat \u201ev\u00e1no\u010dn\u00ed d\u00e1rek\u201c by se u\u017e asi nem\u011bl pou\u017e\u00edvat. Je to tak dvacet let, co jedna britsk\u00e1 ministryn\u011b vydala pokyn, \u017ee jej\u00ed \u00fa\u0159ad nesm\u00ed pos\u00edlat zam\u011bstnanc\u016fm a spolupracovn\u00edk\u016fm v\u00e1no\u010dn\u00ed p\u0159\u00e1n\u00ed, proto\u017ee by to mohlo urazit jinov\u011brce, kte\u0159\u00ed si po usazen\u00ed v\u00a0k\u0159es\u0165ansk\u00e9 zemi nep\u0159ej\u00ed, aby jim n\u011bkdo pod nos strkal k\u0159es\u0165ansk\u00e9 symboly.<\/p>\n<p>Nu, pokrok nezastav\u00edme, a tak dnes vydaly agentury zpr\u00e1vu o tom, \u017ee podle nejnov\u011bj\u0161\u00edch s\u010d\u00edt\u00e1n\u00ed a pr\u016fzkum\u016f poprv\u00e9 poklesl v\u00a0n\u011bkter\u00fdch anglick\u00fdch regionech po\u010det k\u0159es\u0165an\u016f pod pades\u00e1t procent. P\u0159\u00e1n\u00ed po\u017eehnan\u00fdch \u010di alespo\u0148 \u0161\u0165astn\u00fdch V\u00e1noc u\u017e p\u0159ed lety v\u00a0anglicky mluv\u00edc\u00edch zem\u00edch nahradil pitom\u00fd pozdrav \u201eseason&#8217;s greetings\u201c. Asi n\u011bco jako \u201esv\u00e1tky tohoto ro\u010dn\u00edho obdob\u00ed\u201c nebo voln\u011bji \u201esv\u00e1tky zimy\u201c.<\/p>\n<h2>Sv\u00e1te\u010dn\u00ed sezona a cvi\u010den\u00e1 opice<\/h2>\n<p>Jako jsme za komunismu m\u00edsto Velikonoc m\u011bli sv\u00e1tky jara a v\u00a0Sov\u011btsk\u00e9m svazu m\u00edsto v\u00e1no\u010dn\u00edch p\u0159\u00e1n\u00ed kolovalo zn\u00e1m\u00e9 \u201epazdravljaju vas s\u00a0novym godom\u201c. Dnes jsem zkou\u0161el n\u011bco naj\u00edt v\u00a0nejv\u011bt\u0161\u00edm internetov\u00e9m vyhled\u00e1va\u010di, a tam nad vesel\u00fdm logem spole\u010dnosti ve tvaru \u017e\u00e1rovek najdeme p\u0159eklad onoho season&#8217;s greetings jako \u201esv\u00e1te\u010dn\u00ed sez\u00f3na\u201c, co\u017e p\u0159ekl\u00e1dala asi n\u011bjak\u00e1 cvi\u010den\u00e1 opice.<\/p>\n<p>Ale aspo\u0148 v\u00a0tom primitivn\u00edm p\u0159ekladu v\u00a0cel\u00e9 nahot\u011b vystupuje to, co jsme s\u00a0Adventem a s\u00a0V\u00e1noci provedli. Dnes si v\u00a0tisku \u010dteme, \u017ee hitem t\u011bchto t\u00fddn\u016f jsou \u201ezlevn\u011bnky\u201c, tedy obchody, kter\u00e9 nab\u00edzej\u00ed zbo\u017e\u00ed na hranici z\u00e1ru\u010dn\u00ed doby. Samy V\u00e1noce jsou podle v\u0161eho v\u00a0na\u0161em sv\u011bt\u011b tak\u00e9 u\u017e na hranici z\u00e1ru\u010dn\u00ed doby. Co vlastn\u011b znamenaj\u00ed a p\u0159in\u00e1\u0161ej\u00ed, to si u\u017e m\u016f\u017eeme p\u0159ipom\u00ednat pouze v\u00a0soukrom\u00ed, na ve\u0159ejnosti se to nenos\u00ed, nen\u00ed to dost trendy.<\/p>\n<p>Ono v\u016fbec j\u00edt proti trend\u016fm p\u0159in\u00e1\u0161\u00ed sv\u00e1 rizika a n\u00e1klady. A tak dnes jednu sen\u00e1torku, kter\u00e1 si v\u00a0t\u00e9m\u011b\u0159 jednolit\u011b slo\u017een\u00e9 horn\u00ed komo\u0159e parlamentu dovolila prezentovat postoje ne zcela konformn\u00ed, odvezla z\u00a0jedn\u00e1n\u00ed rychl\u00e1 z\u00e1chranka. Kdo ov\u0161em rychle zachr\u00e1n\u00ed na\u0161i kulturu a civilizaci p\u0159ed vymaz\u00e1n\u00edm tradic a zbour\u00e1n\u00edm osv\u011bd\u010den\u00fdch spole\u010densk\u00fdch opor, to t\u011b\u017eko \u0159\u00edci. Mo\u017en\u00e1 na to p\u0159ijdeme n\u011bkde u betl\u00e9ma nebo kolem v\u00e1no\u010dn\u00edho strome\u010dku.<\/p>\n<p>Po\u017eehnan\u00fd Advent v\u0161em.<\/p>\n<\/div>\n<p><a href=\"https:\/\/protiproud.info\/politika\/6859-fialuv-darek-s-cislem-337-ze-zlociny-vlady-dopadnou-az-na-nase-deti-i-kdez-brakuji-nam-penezenky-uz-ted-novou-senatorku-hajici-normalni-svet-odvezla-z-kukacciho-hnizda-zachranka-kdo-vsak-zachrani-krestanske-vanoce.htm\">PROTIPROUD<\/a><\/p>\n<p><img decoding=\"async\" loading=\"lazy\" class=\"wp-image-19116 aligncenter\" src=\"http:\/\/www.infokuryr.cz\/n\/wp-content\/uploads\/2022\/12\/PRO-LOGO-300x29.jpg\" alt=\"\" width=\"1159\" height=\"112\" srcset=\"https:\/\/www.infokuryr.cz\/n\/wp-content\/uploads\/2022\/12\/PRO-LOGO-300x29.jpg 300w, https:\/\/www.infokuryr.cz\/n\/wp-content\/uploads\/2022\/12\/PRO-LOGO-768x75.jpg 768w, https:\/\/www.infokuryr.cz\/n\/wp-content\/uploads\/2022\/12\/PRO-LOGO.jpg 998w\" sizes=\"(max-width: 1159px) 100vw, 1159px\" \/><\/p>\n<p>&nbsp;<\/p>\n","protected":false},"excerpt":{"rendered":"<p>I kde\u017e, brakuj\u00ed n\u00e1m pen\u011b\u017eenky u\u017e te\u010f! Novou sen\u00e1torku h\u00e1j\u00edc\u00ed norm\u00e1ln\u00ed sv\u011bt odvezla z kuka\u010d\u010d\u00edho&#8230;<\/p>\n","protected":false},"author":2,"featured_media":19169,"comment_status":"closed","ping_status":"closed","sticky":false,"template":"","format":"standard","meta":[],"categories":[6],"tags":[29,371,90,99],"_links":{"self":[{"href":"https:\/\/www.infokuryr.cz\/n\/wp-json\/wp\/v2\/posts\/19168"}],"collection":[{"href":"https:\/\/www.infokuryr.cz\/n\/wp-json\/wp\/v2\/posts"}],"about":[{"href":"https:\/\/www.infokuryr.cz\/n\/wp-json\/wp\/v2\/types\/post"}],"author":[{"embeddable":true,"href":"https:\/\/www.infokuryr.cz\/n\/wp-json\/wp\/v2\/users\/2"}],"replies":[{"embeddable":true,"href":"https:\/\/www.infokuryr.cz\/n\/wp-json\/wp\/v2\/comments?post=19168"}],"version-history":[{"count":0,"href":"https:\/\/www.infokuryr.cz\/n\/wp-json\/wp\/v2\/posts\/19168\/revisions"}],"wp:featuredmedia":[{"embeddable":true,"href":"https:\/\/www.infokuryr.cz\/n\/wp-json\/wp\/v2\/media\/19169"}],"wp:attachment":[{"href":"https:\/\/www.infokuryr.cz\/n\/wp-json\/wp\/v2\/media?parent=19168"}],"wp:term":[{"taxonomy":"category","embeddable":true,"href":"https:\/\/www.infokuryr.cz\/n\/wp-json\/wp\/v2\/categories?post=19168"},{"taxonomy":"post_tag","embeddable":true,"href":"https:\/\/www.infokuryr.cz\/n\/wp-json\/wp\/v2\/tags?post=19168"}],"curies":[{"name":"wp","href":"https:\/\/api.w.org\/{rel}","templated":true}]}}