{"id":19162,"date":"2022-12-03T05:17:08","date_gmt":"2022-12-03T04:17:08","guid":{"rendered":"http:\/\/www.infokuryr.cz\/n\/?p=19162"},"modified":"2022-12-03T05:17:08","modified_gmt":"2022-12-03T04:17:08","slug":"alexej-bobrovskij-o-francii-a-africe","status":"publish","type":"post","link":"https:\/\/www.infokuryr.cz\/n\/2022\/12\/03\/alexej-bobrovskij-o-francii-a-africe\/","title":{"rendered":"Alexej Bobrovskij: O Francii a Africe"},"content":{"rendered":"<div id=\"fb-root\"><\/div>\n<p>Francouzsk\u00e9 ministerstvo zahrani\u010d\u00ed ozn\u00e1milo zah\u00e1jen\u00ed prac\u00ed na vytvo\u0159en\u00ed mezin\u00e1rodn\u00edho tribun\u00e1lu, kter\u00fd by vy\u0161et\u0159oval kroky Ruska na Ukrajin\u011b.<\/p>\n<p>V\u0159ele doporu\u010duji rusk\u00e9mu ministerstvu zahrani\u010d\u00ed, aby tuto francouzskou idiocii nezavrhlo. To je jen na prvn\u00ed pohled idiocie, pozd\u011bji to bude argument p\u0159i jedn\u00e1n\u00edch (a\u017e jednou budou).<\/p>\n<p>Z\u0159ejm\u011b je jim t\u0159eba nejen pravideln\u011b p\u0159ipom\u00ednat jejich m\u00edsto v d\u011bjin\u00e1ch\u00a0<em>(nap\u0159\u00edklad jenom d\u00edky Stalinovi jsou uv\u00e1d\u011bni jako v\u00edt\u011bzov\u00e9 2. sv\u011btov\u00e9 v\u00e1lky. Mimochodem v dubnu-kv\u011btnu 1945 to byli francouz\u0161t\u00ed nacist\u00e9 z\u00a0<strong>divize<\/strong>\u00a0<strong>SS \u201eCharlemagne\u201c<\/strong>, kte\u0159\u00ed br\u00e1nili \u0158\u00ed\u0161sk\u00fd sn\u011bm a \u0159\u00ed\u0161sk\u00e9 kancl\u00e9\u0159stv\u00ed do posledn\u00ed kapky krve a byli to pr\u00e1v\u011b oni, kdo 29. dubna obdr\u017eel z rukou Hitlera posledn\u00ed \u201e\u017delezn\u00e9 k\u0159\u00ed\u017ee\u201c a po\u010det Francouz\u016f, kte\u0159\u00ed bojovali na Hitlerov\u011b stran\u011b do konce roku 1944, byl v\u011bt\u0161\u00ed ne\u017e po\u010det Francouz\u016f, kte\u0159\u00ed bojovali proti Hitlerovi.\u00a0A v\u016fbec, Francie se stala ofici\u00e1ln\u00ed v\u00edt\u011bznou zem\u00ed ve 2. sv\u011btov\u00e9 v\u00e1lce jen d\u00edky \u201en\u00e1zoru soudruha Stalina\u201c a to je pot\u0159eba Macronovi p\u0159ipom\u00ednat \u010dast\u011bji)<\/em>, ale pro ka\u017ed\u00fd p\u0159\u00edpad tak\u00e9 vypisovat \u00fa\u010dty za v\u00e1le\u010dn\u00e9 zlo\u010diny.<\/p>\n<p>Zejm\u00e9na t\u011bm, kter\u00fdm je zn\u00e1mo slovo \u00abla Berizina\u00bb*, kter\u00e9 se stalo synonymem slova \u201ekatastrofa\u201c, p\u0159ipomenu, \u017ee v roce 2023 se bude v Petrohrad\u011b konat druh\u00e9 f\u00f3rum \u201eRusko-Afrika\u201c. Podle po\u010dtu hostuj\u00edc\u00edch hlav st\u00e1t\u016f jde o nejreprezentativn\u011bj\u0161\u00ed f\u00f3rum na sv\u011bt\u011b, ale o to nejde.<\/p>\n<p>Co kdy\u017e Francouz\u016fm v\u0161echno p\u0159ipomenou? V Africe nezapom\u00ednaj\u00ed. Nasb\u00edr\u00e1me spoustu materi\u00e1l\u016f. Tribun\u00e1ly mohou b\u00fdt organizov\u00e1ny v tuctech, hlavn\u00ed je p\u0159istupovat k v\u011bci se z\u00e1palem.<\/p>\n<p>Form\u00e1ln\u011b byla Francie vyhn\u00e1na ze sv\u00fdch koloni\u00ed v Africe v 60. letech, ale st\u00e1le tam leze s tanky a letadly, pravideln\u011b \u00fato\u010d\u00ed na jednotliv\u00e9 zem\u011b, vybavuje tam z\u00e1kladny a zasahuje do vnit\u0159n\u00edch z\u00e1le\u017eitost\u00ed.<\/p>\n<p>Jen v 21. stolet\u00ed francouzsk\u00e1 arm\u00e1da, ve v\u011bt\u0161in\u011b p\u0159\u00edpad\u016f s v\u011bdom\u00edm vl\u00e1dy, sp\u00e1chala v africk\u00fdch zem\u00edch obrovsk\u00e9 mno\u017estv\u00ed v\u00e1le\u010dn\u00fdch zlo\u010din\u016f. Jenom za 20. a 21. stolet\u00ed je seznam dlouh\u00fd, ale jen pro pochopen\u00ed uvedu v\u00fd\u010det francouzsk\u00fdch operac\u00ed a to pouze v Africe (mimochodem nikdy tomu ne\u0159\u00edkali v\u00e1lky):<\/p>\n<p><em>1956-1963. Operace v Z\u00e1padn\u00ed Saha\u0159e na podporu Mauret\u00e1nie a Maroka.<\/em><\/p>\n<p><em>1959-1964. Vm\u011b\u0161ov\u00e1n\u00ed do z\u00e1le\u017eitost\u00ed Kamerunu, represivn\u00ed operace proti rebel\u016fm.<\/em><\/p>\n<p><em>1961. Operace Bouledogue \u2013 invaze do Tuniska.<\/em><\/p>\n<p><em>1964. Intervence v Gabonu.<\/em><\/p>\n<p><em>1968-1972. Operace Limousin a Bison v \u010cadu.<\/em><\/p>\n<p><em>1977. Operace Verbena v Zairu.<\/em><\/p>\n<p><em>1977-1978 Operace Lamatin v Mauret\u00e1nii a Z\u00e1padn\u00ed Saha\u0159e.<\/em><\/p>\n<p><em>1978. Operace v zairsk\u00e9m Kolwezi.<\/em><\/p>\n<p><em>1978-1980. Operace Tacaud v \u010cadu.<\/em><\/p>\n<p><em>1979-1981 Operace Caban a Barracuda v SAR.<\/em><\/p>\n<p><em>1983-1984. Operace Manta v \u010cadu.<\/em><\/p>\n<p><em>1985. N\u00e1let francouzsk\u00e9ho letectva na libyjskou leteckou z\u00e1kladnu Ouadi Doum v severn\u00edm \u010cadu.<\/em><\/p>\n<p><em>1986. V\u00fdsadek v Togu.<\/em><\/p>\n<p><em>1986 \u2013 2014. Operace Epervier z\u00e1sah v \u010cadu.<\/em><\/p>\n<p><em>1989. Operace Oside na Komorsk\u00fdch ostrovech.<\/em><\/p>\n<p><em>1990. Intervence v Gabonu.<\/em><\/p>\n<p><em>1990-1993. Operace Noroit ve Rwand\u011b.<\/em><\/p>\n<p><em>1991. Francouzsk\u00e1 a belgick\u00e1 intervence v Zairu.<\/em><\/p>\n<p><em>1992-1994. Operace Oryx intervence v Som\u00e1lsku.<\/em><\/p>\n<p><em>1992-1999. Operace Iskoutir v D\u017eibuti.<\/em><\/p>\n<p><em>1993. Vm\u011b\u0161ov\u00e1n\u00ed do z\u00e1le\u017eitost\u00ed Konga.<\/em><\/p>\n<p><em>1994. Operace Amaryllis ve Rwand\u011b.<\/em><\/p>\n<p><em>1994. Operace Turquoise ve Rwand\u011b.<\/em><\/p>\n<p><em>1995. Operace Azalea na Komorsk\u00fdch ostrovech.<\/em><\/p>\n<p><em>1996-1997. Operace Almandine I a II. Trestn\u00e9 operace proti rebel\u016fm v hlavn\u00edm m\u011bst\u011b St\u0159edoafrick\u00e9 republiky.<\/em><\/p>\n<p><em>1996-2007. Operace Aramis v Kamerunu.<\/em><\/p>\n<p><em>1997. Operace Pelik\u00e1n v Kongu.<\/em><\/p>\n<p><em>1997. Operace Espadon \u2013 zasahov\u00e1n\u00ed do z\u00e1le\u017eitost\u00ed Sierry Leone.<\/em><\/p>\n<p><em>1998. Operace Malachit zasahov\u00e1n\u00ed do z\u00e1le\u017eitost\u00ed Konga.<\/em><\/p>\n<p><em>2002. Operace Licorne. \u00datok na Pob\u0159e\u017e\u00ed slonoviny.<\/em><\/p>\n<p><em>2003. Operace Artemis vm\u011b\u0161ov\u00e1n\u00ed do z\u00e1le\u017eitost\u00ed Konga.<\/em><\/p>\n<p><em>2004. Zni\u010den\u00ed letectva Pob\u0159e\u017e\u00ed slonoviny v reakci na \u00fatok na francouzskou z\u00e1kladnu v Bouake.<\/em><\/p>\n<p><em>2008. Vm\u011b\u0161ov\u00e1n\u00ed do z\u00e1le\u017eitost\u00ed \u010cadu, \u00fa\u010dast v ob\u010dansk\u00e9 v\u00e1lce.<\/em><\/p>\n<p><em>2008. V\u00e1lka proti Eritreji na stran\u011b D\u017eibutska.<\/em><\/p>\n<p><em>2011. Svr\u017een\u00ed prezidenta Pob\u0159e\u017e\u00ed slonoviny.<\/em><\/p>\n<p><em>2011. Operace Harmattan. Francouzsk\u00fd \u00fatok na Libyi.<\/em><\/p>\n<p><em>2013. Operace Serval. Vojensk\u00e1 intervence v Mali.<\/em><\/p>\n<p><em>2013. Operace Sangaris. Vojensk\u00e1 intervence ve St\u0159edoafrick\u00e9 republice.<\/em><\/p>\n<p><em>2014. Operace Barkhane. Invaze do Mali, \u010cadu, Burkiny Faso, Mauret\u00e1nie, Nigeru.<\/em><\/p>\n<p>\u00da\u010dast Francie na ni\u010den\u00ed asijsk\u00fdch zem\u00ed je jin\u00fd p\u0159\u00edb\u011bh. Ale i tam je mo\u017en\u00e9 uspo\u0159\u00e1dat tribun\u00e1ly.<\/p>\n<p>Od roku 2001 do roku 2021 byli francouz\u0161t\u00ed \u017eold\u00e1ci sou\u010d\u00e1st\u00ed mezin\u00e1rodn\u00edch sil, kter\u00e9 za\u00fato\u010dily na Afgh\u00e1nist\u00e1n. A mo\u017en\u00e1 se dostaneme i k tribun\u00e1lu za S\u00fdrii, kde se Francie pod\u00edlela na ni\u010den\u00ed, na kter\u00e9 je Macron tak hrd\u00fd.<\/p>\n<p><em>Pro Pokec24 p\u0159elo\u017eila Janinna<\/em><\/p>\n<p><a href=\"https:\/\/t.me\/alexbobrowski\/81\">ZDROJ<\/a><\/p>\n<p>* Ve francouz\u0161tin\u011b existuje takov\u00fd v\u00fdraz \u201eC\u2019est la b\u00e9r\u00e9zina\u201c \u2013 \u201eTo je Berezina.\u201c\u00a0V\u00fdraz je sp\u00ed\u0161e drsn\u00fd, zna\u010d\u00edc\u00ed naprost\u00fd kolaps, selh\u00e1n\u00ed, katastrofu.\u00a0Jeho p\u016fvod je spjat s ruskou histori\u00ed. \u201eTo je Berezina\u201c: \u00fapln\u00e1 por\u00e1\u017eka;\u00a0extr\u00e9mn\u011b ne\u0161\u0165astn\u00e1 situace.\u00a0V pam\u011bti Francouz\u016f z\u016fstal p\u0159echod \u0159eky Bereziny b\u011bhem \u00fastupu z Ruska na konci listopadu 1812 synonymem \u00fapln\u00e9 por\u00e1\u017eky.\u00a0Expresivn\u00ed popis t\u00e9to hrozn\u00e9 ud\u00e1losti lze naj\u00edt v Balzacov\u011b p\u0159\u00edb\u011bhu \u201eSbohem\u201c.<\/p>\n<p>&nbsp;<\/p>\n<p><img decoding=\"async\" loading=\"lazy\" class=\"wp-image-19116 aligncenter\" src=\"http:\/\/www.infokuryr.cz\/n\/wp-content\/uploads\/2022\/12\/PRO-LOGO-300x29.jpg\" alt=\"\" width=\"1159\" height=\"112\" srcset=\"https:\/\/www.infokuryr.cz\/n\/wp-content\/uploads\/2022\/12\/PRO-LOGO-300x29.jpg 300w, https:\/\/www.infokuryr.cz\/n\/wp-content\/uploads\/2022\/12\/PRO-LOGO-768x75.jpg 768w, https:\/\/www.infokuryr.cz\/n\/wp-content\/uploads\/2022\/12\/PRO-LOGO.jpg 998w\" sizes=\"(max-width: 1159px) 100vw, 1159px\" \/><\/p>\n<p>&nbsp;<\/p>\n","protected":false},"excerpt":{"rendered":"<p>Francouzsk\u00e9 ministerstvo zahrani\u010d\u00ed ozn\u00e1milo zah\u00e1jen\u00ed prac\u00ed na vytvo\u0159en\u00ed mezin\u00e1rodn\u00edho tribun\u00e1lu, kter\u00fd by vy\u0161et\u0159oval kroky Ruska&#8230;<\/p>\n","protected":false},"author":2,"featured_media":19163,"comment_status":"closed","ping_status":"closed","sticky":false,"template":"","format":"standard","meta":[],"categories":[7],"tags":[1271,130,3162,36,2024],"_links":{"self":[{"href":"https:\/\/www.infokuryr.cz\/n\/wp-json\/wp\/v2\/posts\/19162"}],"collection":[{"href":"https:\/\/www.infokuryr.cz\/n\/wp-json\/wp\/v2\/posts"}],"about":[{"href":"https:\/\/www.infokuryr.cz\/n\/wp-json\/wp\/v2\/types\/post"}],"author":[{"embeddable":true,"href":"https:\/\/www.infokuryr.cz\/n\/wp-json\/wp\/v2\/users\/2"}],"replies":[{"embeddable":true,"href":"https:\/\/www.infokuryr.cz\/n\/wp-json\/wp\/v2\/comments?post=19162"}],"version-history":[{"count":0,"href":"https:\/\/www.infokuryr.cz\/n\/wp-json\/wp\/v2\/posts\/19162\/revisions"}],"wp:featuredmedia":[{"embeddable":true,"href":"https:\/\/www.infokuryr.cz\/n\/wp-json\/wp\/v2\/media\/19163"}],"wp:attachment":[{"href":"https:\/\/www.infokuryr.cz\/n\/wp-json\/wp\/v2\/media?parent=19162"}],"wp:term":[{"taxonomy":"category","embeddable":true,"href":"https:\/\/www.infokuryr.cz\/n\/wp-json\/wp\/v2\/categories?post=19162"},{"taxonomy":"post_tag","embeddable":true,"href":"https:\/\/www.infokuryr.cz\/n\/wp-json\/wp\/v2\/tags?post=19162"}],"curies":[{"name":"wp","href":"https:\/\/api.w.org\/{rel}","templated":true}]}}