{"id":1916,"date":"2021-05-23T06:23:00","date_gmt":"2021-05-23T04:23:00","guid":{"rendered":"http:\/\/www.infokuryr.cz\/n\/?p=1916"},"modified":"2021-05-23T06:23:00","modified_gmt":"2021-05-23T04:23:00","slug":"pocty-mrtvych-na-rakovinu-covid-a-dluh-2-biliony-korun-kdo-za-ten-zlocin-muze","status":"publish","type":"post","link":"https:\/\/www.infokuryr.cz\/n\/2021\/05\/23\/pocty-mrtvych-na-rakovinu-covid-a-dluh-2-biliony-korun-kdo-za-ten-zlocin-muze\/","title":{"rendered":"Po\u010dty mrtv\u00fdch: na rakovinu, covid a dluh 2 biliony korun. Kdo za ten zlo\u010din m\u016f\u017ee?"},"content":{"rendered":"<div id=\"fb-root\"><\/div>\n<p><strong>A Smejkal se n\u00e1m sm\u011bje: j\u00e1 to platit nebudu, rad\u0161i se d\u00e1m na vojnu&#8230;<\/strong><\/p>\n<p>Denn\u011b um\u00edr\u00e1 na rakovinu kolem\u00a0<strong>80 lid\u00ed<\/strong>. P\u0159i stejn\u00e9m propo\u010dtu jako s covidem to je od 1.1. 2020 celkem cca\u00a0<strong>40 800<\/strong>\u00a0mrtv\u00fdch na rakovinu.\u00a0<strong>\u017d\u00e1dn\u00fd lockdown rakovina neby<\/strong>l. \u00a0\u00a0 V souvislosti s n\u00e1kazou koronavirem zem\u0159elo v \u010cesku od 1.1.2020 celkem<strong>\u00a030 012 lid\u00ed.\u00a0<\/strong>Po\u010dty ob\u011bt\u00ed nemoci za den se nyn\u00ed pohybuj\u00ed mezi 10 a 20.\u00a0<strong>Na covid jsme ud\u011blali dva biliony dluh\u016f pod n\u00e1zvem\u00a0 lockdown covid.<\/strong><\/p>\n<p>V roce 2018 v \u010cR zem\u0159elo na zhoubn\u00e9 novotvary\u00a0<strong>2<\/strong><strong>7 699 osob<\/strong>, co\u017e je\u00a0<strong>2<\/strong><strong>60,7<\/strong>\u00a0<strong>na\u00a0100\u00a0000 osob.<\/strong><\/p>\n<p><strong>A zlo\u010dinci jako Smejkal, Fl\u00e9gr, Kubek \u010di Ma\u010far &#8211; Parta sn\u00edh a MeSES nahnali lidi do sklep\u016f.V\u0160ECHNY: ZDRAV\u00c9 I NEZDRAV\u00c9!<br \/>\n<\/strong><\/p>\n<p>Za to dobu zem\u0159elo kolem 160 000 lid\u00ed, n\u011bkolik milion\u016f m\u00e1 deprese, pro\u0161vihl\u00e9 l\u00e9\u010dby a hlavn\u011b prevence z\u00e1va\u017en\u00fdch chorob, rakoviny a dal\u0161\u00edch t\u011b\u017ek\u00fdch chorob pro p\u00e1r m\u011bs\u00edc\u016f sl\u00e1vy r\u016fzn\u00fdch \u0161mejd\u016f!<\/p>\n<p><strong>Pokud se na n\u011b p\u0159iprav\u00ed trestn\u00ed ozn\u00e1men\u00ed, u\u017e vyhro\u017euj\u00ed, \u017ee ute\u010dou do USA a nic se jim nestane.<\/strong>\u00a0(Smejkal, Zden\u011bk Hel atd.) Ostatn\u00ed jsou politologov\u00e9, vyklada\u010di a dal\u0161\u00ed komedianti jako Jan Kulveit z Future of Humanity Institute \u010di politolog a sociolog Jan Kysela. A\u00a0 ti pr\u00fd za tento zlo\u010din zodpov\u011bdni nejsou. Jsou tam pr\u00fd pouze jako podrta\u0161ky. L\u00e9ky se blokovaly, ti, co je cht\u011bli zkou\u0161et, byli odstaveni a dehonestov\u00e1n\u00ed &#8211; mus\u00edme kupovat drah\u00e9 vakc\u00edny z USA a komu se konta pln\u00ed, se nikdy nedozv\u00edme.<\/p>\n<p>Na dezinforma\u010dn\u00edm webu Aktu\u00e1ln\u011b.cz p\u00ed\u0161e zn\u00e1m\u00e1 postavi\u010dka:<a class=\"author__photo\" href=\"https:\/\/www.aktualne.cz\/autori\/martin-fendrych\/l~i:author:243\/\">\u00a0<span class=\"intrinsic intrinsic-1x1\"><img decoding=\"async\" src=\"https:\/\/cdn.xsd.cz\/resize\/33906961d64d3b7aa9d1e48da995fdfb_extract=52,0,1431,1431_resize=80,80_.jpg?hash=528695d000a5156d95d5096392fd4213\" sizes=\"80px\" srcset=\"\/\/cdn.xsd.cz\/resize\/33906961d64d3b7aa9d1e48da995fdfb_extract=52,0,1431,1431_resize=80,80_.jpg?hash=528695d000a5156d95d5096392fd4213 1x, \/\/cdn.xsd.cz\/resize\/33906961d64d3b7aa9d1e48da995fdfb_extract=52,0,1431,1431_resize=120,120_.jpg?hash=682a2e85261d049e3d4aaa55103f677e 1.5x, \/\/cdn.xsd.cz\/resize\/33906961d64d3b7aa9d1e48da995fdfb_extract=52,0,1431,1431_resize=160,160_.jpg?hash=25a54b03518b831928f6984663bc662f 2x\" alt=\"Martin Fendrych\" \/><\/span><\/a><\/p>\n<h1 class=\"article-title\"><span style=\"font-size: 14pt;\">Experti z MeSES u\u0161t\u011bd\u0159ili Arenbergerovi lekci. Pokra\u010duj\u00ed. \u201eNen\u00ed n\u00e1m to jedno\u201c<\/span><\/h1>\n<div class=\"wrapper\" data-io-article-url=\"https:\/\/nazory.aktualne.cz\/komentare\/experti-z-meses-ustedrili-arenbergerovi-lekci-pokracuji\/r~b70f553cb88411eb9a61ac1f6b220ee8\/\">\n<div class=\"left-column\">\n<div class=\"article\">\n<div class=\"article__perex\">Mimo\u0159\u00e1dn\u011b netypick\u00e1, vz\u00e1cn\u00e1 je reakce skupiny MeSES na rozhodnut\u00ed ministerstva zdravotnictv\u00ed. Neurazili se, nezabalili to, pokra\u010duj\u00ed.<\/div>\n<\/div>\n<\/div>\n<\/div>\n<p><strong>Jenom\u017ee Martine Fendrychu, n\u00e1m, ob\u010dan\u016fm, to jedno nen\u00ed! Oni finan\u010dn\u011b nezodpov\u00eddaj\u00ed, du\u0161evn\u011b se jako na\u0161i ob\u010dan\u00e9 nehrout\u00ed, nep\u0159i\u0161li o majetky, ale my ano! <\/strong><strong>Korupce se ned\u00e1 prok\u00e1zat! Za zlo\u010diny nikdo potrest\u00e1n nebude! A srovn\u00e1n\u00ed jsou jasn\u00e1! <\/strong><strong>A \u010cesk\u00e1 republika se ekonomicky, mor\u00e1ln\u011b a fyzicky zhroutila. Sakra, to nikdo nen\u00ed za tyto zlo\u010diny posti\u017eiteln\u00fd?<\/strong><\/p>\n<p>P.S. A fin\u00e1le &#8211; ud\u00e1vaj\u00ed po\u010det zem\u0159el\u00fdch nikoliv na covid, jako na rakovinu, ale s covidem, co spadl pod vlak, vypadl z okna a zlomil si vaz. A mrtv\u00fd s covidem&#8230;<\/p>\n<p>Jo a pr\u00fd um\u00ed anglicky, co\u017e my, p\u0159\u00edzemn\u00ed \u010cech\u00e1\u010dkov\u00e9 nedok\u00e1\u017eeme docenit, napsal MeSES Jan Kulveit. Expert FUTURE Kulveit!<\/p>\n<p><strong>A zkuste si dovolit napsat, \u017ee v\u00fd\u0161e po\u010dty jsou dezinformace!<\/strong><\/p>\n<p><a href=\"https:\/\/www.skrytapravda.cz\/domaci\/4032-pocty-mrtvych-na-rakovinu-covid-a-dluh-2-biliony-korun-kdo-za-ten-zlocin-muze\">ZDROJ<\/a><\/p>\n<p>&nbsp;<\/p>\n","protected":false},"excerpt":{"rendered":"<p>A Smejkal se n\u00e1m sm\u011bje: j\u00e1 to platit nebudu, rad\u0161i se d\u00e1m na vojnu&#8230; Denn\u011b&#8230;<\/p>\n","protected":false},"author":2,"featured_media":1917,"comment_status":"closed","ping_status":"closed","sticky":false,"template":"","format":"standard","meta":[],"categories":[6],"tags":[23,219,353,48],"_links":{"self":[{"href":"https:\/\/www.infokuryr.cz\/n\/wp-json\/wp\/v2\/posts\/1916"}],"collection":[{"href":"https:\/\/www.infokuryr.cz\/n\/wp-json\/wp\/v2\/posts"}],"about":[{"href":"https:\/\/www.infokuryr.cz\/n\/wp-json\/wp\/v2\/types\/post"}],"author":[{"embeddable":true,"href":"https:\/\/www.infokuryr.cz\/n\/wp-json\/wp\/v2\/users\/2"}],"replies":[{"embeddable":true,"href":"https:\/\/www.infokuryr.cz\/n\/wp-json\/wp\/v2\/comments?post=1916"}],"version-history":[{"count":0,"href":"https:\/\/www.infokuryr.cz\/n\/wp-json\/wp\/v2\/posts\/1916\/revisions"}],"wp:featuredmedia":[{"embeddable":true,"href":"https:\/\/www.infokuryr.cz\/n\/wp-json\/wp\/v2\/media\/1917"}],"wp:attachment":[{"href":"https:\/\/www.infokuryr.cz\/n\/wp-json\/wp\/v2\/media?parent=1916"}],"wp:term":[{"taxonomy":"category","embeddable":true,"href":"https:\/\/www.infokuryr.cz\/n\/wp-json\/wp\/v2\/categories?post=1916"},{"taxonomy":"post_tag","embeddable":true,"href":"https:\/\/www.infokuryr.cz\/n\/wp-json\/wp\/v2\/tags?post=1916"}],"curies":[{"name":"wp","href":"https:\/\/api.w.org\/{rel}","templated":true}]}}