{"id":19145,"date":"2022-12-03T00:59:58","date_gmt":"2022-12-02T23:59:58","guid":{"rendered":"http:\/\/www.infokuryr.cz\/n\/?p=19145"},"modified":"2022-12-02T17:38:12","modified_gmt":"2022-12-02T16:38:12","slug":"rada-bezpecnosti-osn-uctila-tichem-pamatku-jiang-zemina","status":"publish","type":"post","link":"https:\/\/www.infokuryr.cz\/n\/2022\/12\/03\/rada-bezpecnosti-osn-uctila-tichem-pamatku-jiang-zemina\/","title":{"rendered":"Rada bezpe\u010dnosti OSN uctila tichem pam\u00e1tku Jiang Zemina"},"content":{"rendered":"<div id=\"fb-root\"><\/div>\n<p data-spm-anchor-id=\"C01140752918.PaZNIkA0prFD.0.i2\">Rotuj\u00edc\u00ed p\u0159edseda Rady bezpe\u010dnosti OSN a st\u00e1l\u00fd p\u0159edstavitel Ghany p\u0159i OSN \u0159ekl, \u017ee b\u00fdval\u00fd \u010d\u00ednsk\u00fd prezident Jiang Zemin v\u00fdznamn\u011b p\u0159isp\u011bl k mezin\u00e1rodn\u00edmu m\u00edru, bezpe\u010dnosti a rozvoji, jako\u017e i k \u010d\u00ednsk\u00e9 reform\u011b, otev\u00edr\u00e1n\u00ed se, modernizaci a hospod\u00e1\u0159sk\u00e9mu rozvoji. Mezin\u00e1rodn\u00ed spole\u010denstv\u00ed si proto bude Jiang Zemina pamatovat. Jeho smrt je obrovskou ztr\u00e1tou pro \u010c\u00ednu a mezin\u00e1rodn\u00ed spole\u010denstv\u00ed.<\/p>\n<p data-spm-anchor-id=\"C01140752918.PaZNIkA0prFD.0.i1\">N\u00e1sledn\u011b z\u00e1stupci v\u0161ech zem\u00ed povstali a uctili pam\u00e1tku Jiang Zemina minutou ticha.<\/p>\n<p data-spm-anchor-id=\"C01140752918.PaZNIkA0prFD.0.i1\"><img decoding=\"async\" loading=\"lazy\" class=\"alignnone size-full wp-image-1185\" src=\"http:\/\/www.infokuryr.cz\/n\/wp-content\/uploads\/2021\/04\/kuryr-podpis.png\" alt=\"\" width=\"84\" height=\"24\" \/><\/p>\n<p data-spm-anchor-id=\"C01140752918.PaZNIkA0prFD.0.i1\"><img decoding=\"async\" loading=\"lazy\" class=\"wp-image-19116 aligncenter\" src=\"http:\/\/www.infokuryr.cz\/n\/wp-content\/uploads\/2022\/12\/PRO-LOGO-300x29.jpg\" alt=\"\" width=\"1055\" height=\"102\" srcset=\"https:\/\/www.infokuryr.cz\/n\/wp-content\/uploads\/2022\/12\/PRO-LOGO-300x29.jpg 300w, https:\/\/www.infokuryr.cz\/n\/wp-content\/uploads\/2022\/12\/PRO-LOGO-768x75.jpg 768w, https:\/\/www.infokuryr.cz\/n\/wp-content\/uploads\/2022\/12\/PRO-LOGO.jpg 998w\" sizes=\"(max-width: 1055px) 100vw, 1055px\" \/><\/p>\n<p data-spm-anchor-id=\"C01140752918.PaZNIkA0prFD.0.i1\">\n","protected":false},"excerpt":{"rendered":"<p>Rotuj\u00edc\u00ed p\u0159edseda Rady bezpe\u010dnosti OSN a st\u00e1l\u00fd p\u0159edstavitel Ghany p\u0159i OSN \u0159ekl, \u017ee b\u00fdval\u00fd \u010d\u00ednsk\u00fd&#8230;<\/p>\n","protected":false},"author":2,"featured_media":19146,"comment_status":"closed","ping_status":"closed","sticky":false,"template":"","format":"standard","meta":[],"categories":[7],"tags":[1744,186,1408],"_links":{"self":[{"href":"https:\/\/www.infokuryr.cz\/n\/wp-json\/wp\/v2\/posts\/19145"}],"collection":[{"href":"https:\/\/www.infokuryr.cz\/n\/wp-json\/wp\/v2\/posts"}],"about":[{"href":"https:\/\/www.infokuryr.cz\/n\/wp-json\/wp\/v2\/types\/post"}],"author":[{"embeddable":true,"href":"https:\/\/www.infokuryr.cz\/n\/wp-json\/wp\/v2\/users\/2"}],"replies":[{"embeddable":true,"href":"https:\/\/www.infokuryr.cz\/n\/wp-json\/wp\/v2\/comments?post=19145"}],"version-history":[{"count":1,"href":"https:\/\/www.infokuryr.cz\/n\/wp-json\/wp\/v2\/posts\/19145\/revisions"}],"predecessor-version":[{"id":19147,"href":"https:\/\/www.infokuryr.cz\/n\/wp-json\/wp\/v2\/posts\/19145\/revisions\/19147"}],"wp:featuredmedia":[{"embeddable":true,"href":"https:\/\/www.infokuryr.cz\/n\/wp-json\/wp\/v2\/media\/19146"}],"wp:attachment":[{"href":"https:\/\/www.infokuryr.cz\/n\/wp-json\/wp\/v2\/media?parent=19145"}],"wp:term":[{"taxonomy":"category","embeddable":true,"href":"https:\/\/www.infokuryr.cz\/n\/wp-json\/wp\/v2\/categories?post=19145"},{"taxonomy":"post_tag","embeddable":true,"href":"https:\/\/www.infokuryr.cz\/n\/wp-json\/wp\/v2\/tags?post=19145"}],"curies":[{"name":"wp","href":"https:\/\/api.w.org\/{rel}","templated":true}]}}