{"id":1913,"date":"2021-05-23T06:07:22","date_gmt":"2021-05-23T04:07:22","guid":{"rendered":"http:\/\/www.infokuryr.cz\/n\/?p=1913"},"modified":"2021-05-23T06:07:22","modified_gmt":"2021-05-23T04:07:22","slug":"zopakuje-v-v-putin-starou-stalinovu-chybu","status":"publish","type":"post","link":"https:\/\/www.infokuryr.cz\/n\/2021\/05\/23\/zopakuje-v-v-putin-starou-stalinovu-chybu\/","title":{"rendered":"Zopakuje V.V. Putin starou Stalinovu chybu?"},"content":{"rendered":"<div id=\"fb-root\"><\/div>\n<p>Nechci tu rozeb\u00edrat vl\u00e1du V.V. Putina, ani J.V. Stalina z pohledu \u010cesk\u00e9 republiky, nebo z\u00e1padn\u00edch velmoc\u00ed, n\u00fdbr\u017e z pohledu Ruska. Je neoddiskutovateln\u00fd fakt, \u017ee oba tito mu\u017ei p\u0159evzali Rusko v dezol\u00e1tn\u00edm stavu a ud\u011blali z n\u011bj velmoc.<\/p>\n<p>J.V. Stalinovi se povedlo ud\u011blat ze zaostal\u00e9 feud\u00e1ln\u00ed zem\u011b, jej\u00ed\u017e DPH byl na 11% oproti DPH USA, navzdory ob\u010dansk\u00e9 v\u00e1lce, invazi 14 z\u00e1padn\u00edch zem\u00ed a posl\u00e9ze invazi nacistick\u00e9ho N\u011bmecka a jeho spojenc\u016f ekonomickou a vojenskou velmoc s jadern\u00fdm arzen\u00e1lem a s DPH na 80% v\u016f\u010di USA. Dok\u00e1zal ud\u011blat z osam\u011bl\u00e9 zem\u011b, proti kter\u00e9 po V\u0158SR brojil cel\u00fd sv\u011bt v\u016fd\u010d\u00ed st\u00e1t cel\u00e9ho V\u00fdchodn\u00edho bloku, a hlavn\u011b si zav\u00e1zal p\u0159\u00e1telstv\u00edm a spojenectv\u00edm \u010c\u00ednu, \u010d\u00edm\u017e Kremlu zajistil neot\u0159esitelnou pozici u glob\u00e1ln\u00edho jednac\u00edho stolu.<\/p>\n<p>V.V. Putin, naproti tomu p\u0159evzal zemi, kter\u00e1 byla po Jelcinov\u011b neschopn\u00e9 vl\u00e1d\u011b zcela ekonomicky a mor\u00e1ln\u011b v \u00fapadku, ve kter\u00e9 spousty Rus\u016f u\u017e nev\u011b\u0159ilo nikomu a ni\u010demu, a m\u00e1lokdo v\u011b\u0159il v n\u011bjak\u00e9 \u201ez\u00e1\u0159n\u00e9 z\u00edt\u0159ky\u201c. Na z\u00e1pad\u011b ji\u017e nebral Rusko t\u00e9m\u011b\u0159 nikdo v\u00e1\u017en\u011b, z jeho arm\u00e1dy si ka\u017ed\u00fd d\u011blal jen srandu, a v \u201eka\u017ed\u00e9m druh\u00e9m\u201c americk\u00e9m ak\u010dn\u00edm filmu, pom\u00e1hal n\u011bjak\u00fd americk\u00fd \u201esupervoj\u00e1k\u201c zachra\u0148ovat demokracii v Rusku a likvidovat jejich star\u00e9 jadern\u00e9 zbran\u011b, kter\u00e9 se dostali do rukou terorist\u016f.<\/p>\n<p>P\u0159ed 20 lety nikoho na z\u00e1pad\u011b ani nenapadlo, \u017ee by Rusko mohlo n\u011bjak v\u00fdznamn\u011b diplomaticky zasahovat do \u0159e\u0161en\u00ed glob\u00e1ln\u00edch probl\u00e9m\u016f, nebo je dokonce pom\u00e1hat vojensky, \u010di ekonomicky \u0159e\u0161it. V.V. Putinovi se povedlo pozvednout ekonomiku, zmodernizovat arm\u00e1du a hlavn\u011b vdechnout do du\u0161\u00ed Rus\u016f zp\u011bt sebev\u011bdom\u00ed a hrdost na svou zemi Dnes, p\u0159esto\u017ee ka\u017ed\u00fd druh\u00fd na z\u00e1pad\u011b V.V. Putinovi a Rusku \u201enasazuje ps\u00ed hlavu\u201c a m\u00edsto Ruskem neust\u00e1le nab\u00edzen\u00e9ho rovnocenn\u00e9ho partnerstv\u00ed d\u011blaj\u00ed z t\u00e9to zem\u011b zbyte\u010dn\u011b \u201enep\u0159\u00edtele z\u00e1padn\u00edho stylu demokracie\u201c, ji\u017e nikdo se zdravou hlavou nezpochyb\u0148uje velmocenskou pozici Ruska.<\/p>\n<p>Jak\u00e1 je tedy ta chyba \u2013 hrozba, kter\u00e1 se m\u016f\u017ee Rusku vymst\u00edt stejn\u011b, jako se stalo po Stalinov\u011b smrti v roce 1953? Je to p\u0159\u00edli\u0161n\u00e1 d\u016fv\u011bra ve vl\u00e1du \u201ejednoho mu\u017ee\u201c, kter\u00fd si v\u010das nevychov\u00e1 sv\u00e9ho mlad\u0161\u00edho n\u00e1stupce. Pokud pot\u00e9, co V.V. Putin ji\u017e nebude moci vykon\u00e1vat svou funkci, nebo prost\u011b zem\u0159e, nastoup\u00ed na jeho m\u00edsto \u201edruh\u00fd Chru\u0161\u010dov\u201c, \u201edruh\u00fd Jelcin\u201c, nebo \u201edruh\u00fd Gorba\u010dov\u201c, bylo v\u0161echno to obrovsk\u00e9 \u00fasil\u00ed V.V. Putina \u00fapln\u011b zbyte\u010dn\u00e9 a nastane dal\u0161\u00ed \u00fapadek Ruska. V\u0161ichni schopn\u00ed lid\u00e9 okolo V.V. Putina jsou star\u0161\u00ed lid\u00e9. P\u00e1nov\u00e9 S.V. Lavrov, nebo S.K. \u0160ojgu, jsou sou\u010dasn\u00e9mu prezidentovi Ruska v\u00fdznamnou oporou, ale stejn\u011b, jako V.M. Molotov nenahradil J.V. Stalina, t\u011b\u017eko n\u011bkdo z t\u00e9to \u201estar\u00e9 gardy\u201c nahrad\u00ed V.V. Putina.<\/p>\n<p>Dok\u00e1\u017ee V.V. Putin v\u010das naj\u00edt a pat\u0159i\u010dn\u011b \u201evychovat\u201c sv\u00e9ho n\u00e1stupce, nebo zopakuje starou Stalinovu chybu? To je ot\u00e1zka, kter\u00e1 jist\u011b nevrt\u00e1 hlavou pouze mn\u011b \u2026<\/p>\n<p>Ladislav Ka\u0161uka<\/p>\n<p>&nbsp;<\/p>\n","protected":false},"excerpt":{"rendered":"<p>Nechci tu rozeb\u00edrat vl\u00e1du V.V. Putina, ani J.V. Stalina z pohledu \u010cesk\u00e9 republiky, nebo z\u00e1padn\u00edch&#8230;<\/p>\n","protected":false},"author":2,"featured_media":932,"comment_status":"closed","ping_status":"closed","sticky":false,"template":"","format":"standard","meta":[],"categories":[6],"tags":[29,102,435],"_links":{"self":[{"href":"https:\/\/www.infokuryr.cz\/n\/wp-json\/wp\/v2\/posts\/1913"}],"collection":[{"href":"https:\/\/www.infokuryr.cz\/n\/wp-json\/wp\/v2\/posts"}],"about":[{"href":"https:\/\/www.infokuryr.cz\/n\/wp-json\/wp\/v2\/types\/post"}],"author":[{"embeddable":true,"href":"https:\/\/www.infokuryr.cz\/n\/wp-json\/wp\/v2\/users\/2"}],"replies":[{"embeddable":true,"href":"https:\/\/www.infokuryr.cz\/n\/wp-json\/wp\/v2\/comments?post=1913"}],"version-history":[{"count":0,"href":"https:\/\/www.infokuryr.cz\/n\/wp-json\/wp\/v2\/posts\/1913\/revisions"}],"wp:featuredmedia":[{"embeddable":true,"href":"https:\/\/www.infokuryr.cz\/n\/wp-json\/wp\/v2\/media\/932"}],"wp:attachment":[{"href":"https:\/\/www.infokuryr.cz\/n\/wp-json\/wp\/v2\/media?parent=1913"}],"wp:term":[{"taxonomy":"category","embeddable":true,"href":"https:\/\/www.infokuryr.cz\/n\/wp-json\/wp\/v2\/categories?post=1913"},{"taxonomy":"post_tag","embeddable":true,"href":"https:\/\/www.infokuryr.cz\/n\/wp-json\/wp\/v2\/tags?post=1913"}],"curies":[{"name":"wp","href":"https:\/\/api.w.org\/{rel}","templated":true}]}}