{"id":19125,"date":"2022-12-02T11:31:46","date_gmt":"2022-12-02T10:31:46","guid":{"rendered":"http:\/\/www.infokuryr.cz\/n\/?p=19125"},"modified":"2022-12-02T11:31:46","modified_gmt":"2022-12-02T10:31:46","slug":"zelenskeho-valecnemu-stroji-dojde-palivo-brzy-ocekavejte-dalsi-zachvaty-paniky","status":"publish","type":"post","link":"https:\/\/www.infokuryr.cz\/n\/2022\/12\/02\/zelenskeho-valecnemu-stroji-dojde-palivo-brzy-ocekavejte-dalsi-zachvaty-paniky\/","title":{"rendered":"Zelensk\u00e9ho v\u00e1le\u010dn\u00e9mu stroji dojde palivo. Brzy o\u010dek\u00e1vejte dal\u0161\u00ed z\u00e1chvaty paniky!"},"content":{"rendered":"<div id=\"fb-root\"><\/div>\n<div class=\"elementor-element elementor-element-1fb4c2c elementor-widget elementor-widget-theme-post-content\" data-id=\"1fb4c2c\" data-element_type=\"widget\" data-widget_type=\"theme-post-content.default\">\n<div class=\"elementor-widget-container\">\n<p><span style=\"font-size: 18pt;\"><strong><em>Zelenskyj v\u011b\u0159\u00ed, \u017ee p\u0159edst\u00edr\u00e1n\u00ed \u00fatoku nebo vytvo\u0159en\u00ed ekologick\u00e9 katastrofy bude opakovat historii.\u00a0Ale je stejn\u011b \u0161patn\u011b informov\u00e1n jako ignorant.<\/em><\/strong><\/span><\/p>\n<p><span>Kdy\u017e zhasnou sv\u011btla, p\u0159estane t\u00e9ct voda a nen\u00ed tam ani kous\u00ed\u010dek d\u0159eva, aby se Ukrajinci zah\u0159\u00e1li, bude Zelenskyj pot\u0159ebovat Oscara Seana Penna.<\/span><\/p>\n<p><span>Jak dlouho je\u0161t\u011b zb\u00fdv\u00e1 prezidentu Zelensk\u00e9mu, ne\u017e jeho politick\u00e1 podpora klesne, kdy\u017e v\u00ed, \u017ee je z\u00e1padn\u00edmi elitami \u010dasto odsunut z jedn\u00e1n\u00ed s Ruskem?\u00a0Zelensk\u00e9ho kabinetem se \u0161\u00ed\u0159\u00ed jist\u00e1 panika, kter\u00e1 ho \u010din\u00ed \u010d\u00edm d\u00e1l vrtkav\u011bj\u0161\u00edm a\u017e neovladateln\u00fdm, tak\u017ee pozorovatele nut\u00ed p\u0159em\u00fd\u0161let, co se d\u011bje v z\u00e1kulis\u00ed.<\/span><\/p>\n<p><span>\u00datok na \u010cern\u00e9 mo\u0159e byl panickou reakc\u00ed.\u00a0V\u011b\u0159il, \u017ee dok\u00e1\u017ee nasm\u011brovat medi\u00e1ln\u00ed agendu sm\u011brem k \u201ehladov\u011bj\u00edc\u00edm Afri\u010dan\u016fm\u201c a \u017ee rusk\u00fd odchod z dohody dohodnut\u00e9 s Tureckem a OSN jen potvrd\u00ed, \u017ee Ukrajinci jsou and\u011bl\u00e9 a Rusov\u00e9 jsou \u010f\u00e1blov\u00e9.\u00a0To se masivn\u011b obr\u00e1tilo, kdy\u017e se Putin nejen vr\u00e1til, ale u\u010dinil nab\u00eddku, \u017ee bude africk\u00fdm zem\u00edm dod\u00e1vat obil\u00ed zdarma.<\/span><\/p>\n<p><span>Pak do\u0161lo k incidentu s raketou, kter\u00e1 p\u0159ist\u00e1la v Polsku, p\u0159\u00edmo v dob\u011b setk\u00e1n\u00ed sv\u011btov\u00fdch l\u00eddr\u016f G20.\u00a0V\u011b\u0159\u00ed n\u011bkdo, dokonce i Putinovi nep\u0159\u00e1tel\u00e9, \u017ee za takovou akc\u00ed stoj\u00ed rusk\u00fd prezident?\u00a0Zelenskyj to samoz\u0159ejm\u011b zorganizoval.\u00a0Posedlost zat\u00e1hnout Z\u00e1pad do tot\u00e1ln\u00ed v\u00e1lky na Ukrajin\u011b za ka\u017edou cenu nezn\u00e1 mez\u00ed.<\/span><\/p>\n<p><span>A te\u010f to stra\u0161en\u00ed jen nar\u016fst\u00e1, jak dokazuj\u00ed ned\u00e1vn\u00e9 zpr\u00e1vy, \u017ee je ost\u0159elov\u00e1na jadern\u00e1 elektr\u00e1rna ovl\u00e1dan\u00e1 Ruskem.\u00a0Ti, kdo prov\u00e1d\u011bj\u00ed ost\u0159elov\u00e1n\u00ed, maj\u00ed jedin\u00fd c\u00edl: zp\u016fsobit jadern\u00fd spad podobn\u00fd tomu v \u010cernobylu, o kter\u00e9m stejn\u00ed lid\u00e9, kte\u0159\u00ed provedli bombardov\u00e1n\u00ed, v\u011b\u0159\u00ed, \u017ee vt\u00e1hne NATO do v\u00e1lky v ukrajinsk\u00fdch hranic\u00edch.<\/span><\/p>\n<p><span>Opravdu nem\u016f\u017eete vinit Zelensk\u00e9ho, \u017ee takto uva\u017eoval, proto\u017ee to byl p\u0159esn\u011b \u00fatok pod fale\u0161nou vlajkou v Sarajevu v l\u00e9t\u011b 1995, \u00fadajn\u011b zam\u011b\u0159en\u00fd na muslimy na tr\u017ei\u0161ti, co\u017e dalo Clintonov\u00e9 d\u016fv\u011bru v zah\u00e1jen\u00ed n\u00e1let\u016f NATO proti bosensk\u00fdm Srb\u016fm a \u00fapln\u011b zm\u011bnil tamn\u00ed v\u00e1lku ve prosp\u011bch Z\u00e1padu.<\/span><\/p>\n<p><span>Zelenskyj v\u011b\u0159\u00ed, \u017ee p\u0159edst\u00edr\u00e1n\u00ed \u00fatoku nebo vytvo\u0159en\u00ed ekologick\u00e9 katastrofy bude opakovat historii.\u00a0Ale je stejn\u011b \u0161patn\u011b informov\u00e1n jako ignorant.\u00a0Nen\u00ed nic, co by NATO zat\u00e1hlo do plnohodnotn\u00e9 v\u00e1lky s Ruskem.\u00a0V\u00ed to i \u0161\u00edlen\u00fd americk\u00fd prezident Biden a je neuv\u011b\u0159iteln\u011b opatrn\u00fd, pokud jde o druhy zbran\u00ed, kter\u00e9 pos\u00edl\u00e1 Ukrajinc\u016fm, aby nevyvolal p\u0159eshrani\u010dn\u00ed boj.\u00a0Ned\u00e1vn\u00e9 prohl\u00e1\u0161en\u00ed Evropsk\u00e9ho parlamentu odsuzovat Rusko jako sponzora st\u00e1tn\u00edho terorismu ukazuje, jak m\u00e1lo rozvinut\u00e1 a p\u0159inejlep\u0161\u00edm hloup\u00e1 je EU. Ani Biden by n\u011bco takov\u00e9ho nepodstoupil, proto\u017ee to je\u0161t\u011b v\u00edce zt\u011b\u017euje pozd\u011bj\u0161\u00ed m\u00edrov\u00e1 jedn\u00e1n\u00ed.<\/span><\/p>\n<p><span>Ale zbrojen\u00ed je t\u00e9ma, p\u0159i kter\u00e9m nyn\u00ed Zelenskyj propad\u00e1 panice. V\u011bt\u0161ina z\u00e1padn\u00edch zem\u00ed, asi 20, kter\u00e9 poskytly velk\u00e9 mno\u017estv\u00ed zbran\u00ed, nyn\u00ed ustupuje alarmuj\u00edc\u00edm tempem, proto\u017ee jejich vlastn\u00ed z\u00e1soby jsou vy\u010derp\u00e1ny, tak\u017ee nejsou schopny br\u00e1nit ani sv\u00e9 vlastn\u00ed zem\u011b.\u00a0Amerika je zdaleka nejv\u011bt\u0161\u00edm d\u00e1rcem vojensk\u00e9 pomoci, ale v posledn\u00edch t\u00fddnech omezila sv\u00e9 financov\u00e1n\u00ed natolik, \u017ee ukrajinsk\u00e9 arm\u00e1d\u011b chyb\u00ed o\u0161t\u011bpy, \u017eihadla a tolik pot\u0159ebn\u00e9 st\u0159ely 155mm houfnicov\u00e9ho typu, kter\u00e9 jsou p\u00e1te\u0159\u00ed ukrajinsk\u00e9 arm\u00e1dy. Odborn\u00edci v USA \u0159\u00edkaj\u00ed, \u017ee bude trvat roky, ne m\u011bs\u00edce, ne\u017e bude mo\u017en\u00e9 z\u00e1soby doplnit, proto\u017ee je jasn\u00e9, \u017ee jsou vy\u010derpan\u00e9.<\/span><\/p>\n<p><span>V d\u016fsledku toho je nepravd\u011bpodobn\u00e9, \u017ee by republik\u00e1ni ve Sn\u011bmovn\u011b reprezentant\u016f schv\u00e1lili Biden\u016fv posledn\u00ed bal\u00ed\u010dek vojensk\u00e9 pomoci ve v\u00fd\u0161i 37 miliard dolar\u016f.\u00a0Mnoz\u00ed maj\u00ed podez\u0159en\u00ed, \u017ee existuje \u010dern\u00fd trh se zbran\u011bmi kontrolovan\u00fd Zelensk\u00fdm nebo jeho kump\u00e1ny a \u017ee jen polovina toho, co USA pos\u00edlaj\u00ed, se v\u016fbec dostane na Ukrajinu.<\/span><\/p>\n<p><span>A dokonce i starom\u00f3dn\u00ed hotovost, kterou Zelenskyj pot\u0159ebuje na zaplacen\u00ed st\u00e1tn\u00edch zam\u011bstnanc\u016f a udr\u017een\u00ed chodu vl\u00e1dn\u00edch ministerstev a arm\u00e1dy \u2013 nemluv\u011b o ve\u0159ejn\u00fdch slu\u017eb\u00e1ch \u2013 je tak\u00e9 velmi vz\u00e1cn\u00e1. Je t\u011b\u017ek\u00e9 si nev\u0161imnout, a\u0165 u\u017e s Rishi Sunakem, nov\u00fdm britsk\u00fdm premi\u00e9rem, nebo bez n\u011bj, p\u0159ij\u00ed\u017ed\u00ed do Kyjeva s ohromn\u00fdmi 50 miliony liber na darov\u00e1n\u00ed Zelensk\u00e9ho v\u00e1le\u010dn\u00e9mu fondu.\u00a0To je neuv\u011b\u0159iteln\u00fdch 50 milion\u016f, lidi.<\/span><\/p>\n<p><span>Byl to vtip?\u00a0Bylo to vytvo\u0159eno proto, aby inspirovalo satiriky, aby na ka\u017ed\u00e9ho v\u016fdce um\u00edstili bubliny, t\u0159eba Sunakov\u00fdm \u201eP\u0159inesl jsem 50 milion\u016f liber\u201c a Zelensk\u00e9ho \u201eNebojte, zaplat\u00edme za ob\u011bd\u201c?<\/span><\/p>\n<p><span>Ve skute\u010dnosti se tent\u00fd\u017e t\u00fdden naposledy sm\u00e1la Zelensk\u00e9ho man\u017eelka.\u00a0Report\u00e9rka BBC Lyse Doucet vedla rozhovor s prvn\u00ed ukrajinskou d\u00e1mou, kter\u00fd byl tak pov\u00fd\u0161en\u00fd, \u017ee p\u0159ipom\u00ednal sp\u00ed\u0161e hrub\u00fd lesbick\u00fd sex ne\u017e novin\u00e1\u0159sk\u00fd rozhovor.\u00a0Doucetov\u00e9 ot\u00e1zky byly p\u0159\u00edli\u0161 p\u0159\u00e1telsk\u00e9 a z\u0159ejm\u011b byly sou\u010d\u00e1st\u00ed pl\u00e1nu na pos\u00edlen\u00ed image Zelensk\u00e9ho man\u017eelky, kter\u00e1 byla vysl\u00fdch\u00e1na kv\u016fli v\u00fdpadk\u016fm proudu. Odpov\u011bd\u011bla, \u017ee se &#8222;zeptala Ukrajinc\u016f a ti j\u00ed \u0159ekli, \u017ee s n\u00edm vydr\u017e\u00ed alespo\u0148 p\u00e1r let.&#8220; Prvn\u00ed d\u00e1ma se pravd\u011bpodobn\u011b zeptala sv\u00fdch p\u0159\u00e1tel z miliard\u00e1\u0159sk\u00e9 kabaly, jak dlouho mohou sn\u00e1\u0161et nucen\u00ed pou\u017e\u00edvat gener\u00e1tory elekt\u0159iny pro sv\u00e1 vysok\u00e1, zd\u011bn\u00e1 s\u00eddla. Opravdu moc vtipn\u00e9!<\/span><\/p>\n<\/div>\n<\/div>\n<div class=\"elementor-element elementor-element-8c57238 quelle dc-has-condition dc-condition-empty elementor-widget elementor-widget-heading\" data-id=\"8c57238\" data-element_type=\"widget\" data-widget_type=\"heading.default\">\n<div class=\"elementor-widget-container\">\n<h3 class=\"elementor-heading-title elementor-size-default\"><span style=\"font-size: 8pt;\"><a href=\"https:\/\/strategic-culture.org\/news\/2022\/11\/30\/zelenskys-war-machine-is-running-out-of-fuel-expect-more-panic-attacks-soon\/\" target=\"_blank\" rel=\"nofollow noopener\">ZDROJ<\/a><\/span><\/h3>\n<p><img decoding=\"async\" loading=\"lazy\" class=\"wp-image-19116 aligncenter\" src=\"http:\/\/www.infokuryr.cz\/n\/wp-content\/uploads\/2022\/12\/PRO-LOGO-300x29.jpg\" alt=\"\" width=\"983\" height=\"95\" srcset=\"https:\/\/www.infokuryr.cz\/n\/wp-content\/uploads\/2022\/12\/PRO-LOGO-300x29.jpg 300w, https:\/\/www.infokuryr.cz\/n\/wp-content\/uploads\/2022\/12\/PRO-LOGO-768x75.jpg 768w, https:\/\/www.infokuryr.cz\/n\/wp-content\/uploads\/2022\/12\/PRO-LOGO.jpg 998w\" sizes=\"(max-width: 983px) 100vw, 983px\" \/><\/p>\n<\/div>\n<\/div>\n","protected":false},"excerpt":{"rendered":"<p>Zelenskyj v\u011b\u0159\u00ed, \u017ee p\u0159edst\u00edr\u00e1n\u00ed \u00fatoku nebo vytvo\u0159en\u00ed ekologick\u00e9 katastrofy bude opakovat historii.\u00a0Ale je stejn\u011b \u0161patn\u011b&#8230;<\/p>\n","protected":false},"author":2,"featured_media":13226,"comment_status":"closed","ping_status":"closed","sticky":false,"template":"","format":"standard","meta":[],"categories":[7],"tags":[26,40,1000],"_links":{"self":[{"href":"https:\/\/www.infokuryr.cz\/n\/wp-json\/wp\/v2\/posts\/19125"}],"collection":[{"href":"https:\/\/www.infokuryr.cz\/n\/wp-json\/wp\/v2\/posts"}],"about":[{"href":"https:\/\/www.infokuryr.cz\/n\/wp-json\/wp\/v2\/types\/post"}],"author":[{"embeddable":true,"href":"https:\/\/www.infokuryr.cz\/n\/wp-json\/wp\/v2\/users\/2"}],"replies":[{"embeddable":true,"href":"https:\/\/www.infokuryr.cz\/n\/wp-json\/wp\/v2\/comments?post=19125"}],"version-history":[{"count":0,"href":"https:\/\/www.infokuryr.cz\/n\/wp-json\/wp\/v2\/posts\/19125\/revisions"}],"wp:featuredmedia":[{"embeddable":true,"href":"https:\/\/www.infokuryr.cz\/n\/wp-json\/wp\/v2\/media\/13226"}],"wp:attachment":[{"href":"https:\/\/www.infokuryr.cz\/n\/wp-json\/wp\/v2\/media?parent=19125"}],"wp:term":[{"taxonomy":"category","embeddable":true,"href":"https:\/\/www.infokuryr.cz\/n\/wp-json\/wp\/v2\/categories?post=19125"},{"taxonomy":"post_tag","embeddable":true,"href":"https:\/\/www.infokuryr.cz\/n\/wp-json\/wp\/v2\/tags?post=19125"}],"curies":[{"name":"wp","href":"https:\/\/api.w.org\/{rel}","templated":true}]}}