{"id":19124,"date":"2022-12-02T11:17:47","date_gmt":"2022-12-02T10:17:47","guid":{"rendered":"http:\/\/www.infokuryr.cz\/n\/?p=19124"},"modified":"2022-12-02T11:17:47","modified_gmt":"2022-12-02T10:17:47","slug":"alarmujici-pocet-mladych-sportovcu-kolabuje-a-umira-jak-je-to-mozne","status":"publish","type":"post","link":"https:\/\/www.infokuryr.cz\/n\/2022\/12\/02\/alarmujici-pocet-mladych-sportovcu-kolabuje-a-umira-jak-je-to-mozne\/","title":{"rendered":"Alarmuj\u00edc\u00ed po\u010det mlad\u00fdch sportovc\u016f kolabuje a um\u00edr\u00e1, jak je to mo\u017en\u00e9?"},"content":{"rendered":"<div id=\"fb-root\"><\/div>\n<p><strong>Za posledn\u00ed rok a p\u016fl \u0159ada mlad\u00fdch sportovc\u016f zkolabovala nebo dokonce zem\u0159ela.\u00a0V mnoha p\u0159\u00edpadech se to podle americk\u00e9ho l\u00e9ka\u0159e Petersona Pierra stalo kr\u00e1tce pot\u00e9, co sportovec dostal o\u010dkov\u00e1n\u00ed proti koronaviru.<\/strong><\/p>\n<div class=\"twitter-tweet twitter-tweet-rendered\"><iframe id=\"twitter-widget-0\" class=\"\" title=\"Twitter tweet\" src=\"https:\/\/platform.twitter.com\/embed\/Tweet.html?creatorScreenName=uncutnewsCH&amp;dnt=false&amp;embedId=twitter-widget-0&amp;features=eyJ0ZndfdGltZWxpbmVfbGlzdCI6eyJidWNrZXQiOlsibGlua3RyLmVlIiwidHIuZWUiLCJ0ZXJyYS5jb20uYnIiLCJ3d3cubGlua3RyLmVlIiwid3d3LnRyLmVlIiwid3d3LnRlcnJhLmNvbS5iciJdLCJ2ZXJzaW9uIjpudWxsfSwidGZ3X2hvcml6b25fdGltZWxpbmVfMTIwMzQiOnsiYnVja2V0IjoidHJlYXRtZW50IiwidmVyc2lvbiI6bnVsbH0sInRmd190d2VldF9lZGl0X2JhY2tlbmQiOnsiYnVja2V0Ijoib24iLCJ2ZXJzaW9uIjpudWxsfSwidGZ3X3JlZnNyY19zZXNzaW9uIjp7ImJ1Y2tldCI6Im9uIiwidmVyc2lvbiI6bnVsbH0sInRmd19jaGluX3BpbGxzXzE0NzQxIjp7ImJ1Y2tldCI6ImNvbG9yX2ljb25zIiwidmVyc2lvbiI6bnVsbH0sInRmd190d2VldF9yZXN1bHRfbWlncmF0aW9uXzEzOTc5Ijp7ImJ1Y2tldCI6InR3ZWV0X3Jlc3VsdCIsInZlcnNpb24iOm51bGx9LCJ0Zndfc2Vuc2l0aXZlX21lZGlhX2ludGVyc3RpdGlhbF8xMzk2MyI6eyJidWNrZXQiOiJpbnRlcnN0aXRpYWwiLCJ2ZXJzaW9uIjpudWxsfSwidGZ3X2V4cGVyaW1lbnRzX2Nvb2tpZV9leHBpcmF0aW9uIjp7ImJ1Y2tldCI6MTIwOTYwMCwidmVyc2lvbiI6bnVsbH0sInRmd19kdXBsaWNhdGVfc2NyaWJlc190b19zZXR0aW5ncyI6eyJidWNrZXQiOiJvbiIsInZlcnNpb24iOm51bGx9LCJ0ZndfdmlkZW9faGxzX2R5bmFtaWNfbWFuaWZlc3RzXzE1MDgyIjp7ImJ1Y2tldCI6InRydWVfYml0cmF0ZSIsInZlcnNpb24iOm51bGx9LCJ0Zndfc2hvd19ibHVlX3ZlcmlmaWVkX2JhZGdlIjp7ImJ1Y2tldCI6Im9uIiwidmVyc2lvbiI6bnVsbH0sInRmd190d2VldF9lZGl0X2Zyb250ZW5kIjp7ImJ1Y2tldCI6Im9uIiwidmVyc2lvbiI6bnVsbH19&amp;frame=false&amp;hideCard=false&amp;hideThread=false&amp;id=1596158996607807488&amp;lang=de&amp;origin=https%3A%2F%2Funcutnews.ch%2Ferschreckend-viele-junge-sportler-brechen-zusammen-und-sterben-wie-kann-das-sein%2F&amp;sessionId=c5666b1e684d8fd5480bbd914649658acfa39f3a&amp;siteScreenName=Donuncutschweiz&amp;theme=light&amp;widgetsVersion=a3525f077c700%3A1667415560940&amp;width=550px\" frameborder=\"0\" scrolling=\"no\" allowfullscreen=\"allowfullscreen\" data-tweet-id=\"1596158996607807488\" data-mce-fragment=\"1\"><\/iframe><\/div>\n<p><span>V\u00edce ne\u017e polovina sportovc\u016f, kte\u0159\u00ed zkolabovali b\u011bhem z\u00e1pasu, zem\u0159ela, \u0159\u00edk\u00e1.\u00a0\u201e\u0160okuj\u00edc\u00ed je, \u017ee mainstreamov\u00e1 m\u00e9dia nev\u011bnuj\u00ed \u017e\u00e1dnou pozornost.\u00a0P\u0159\u00edsp\u011bvky o tom jsou na soci\u00e1ln\u00edch s\u00edt\u00edch v\u017edy okam\u017eit\u011b smaz\u00e1ny.\u201c<\/span><\/p>\n<p><span>&#8222;Pro\u010d se to d\u011bje?&#8220; pt\u00e1 se doktor.\u00a0Poukazuje na to, \u017ee Mezin\u00e1rodn\u00ed olympijsk\u00fd v\u00fdbor vede z\u00e1znamy o tom, \u017ee od roku 1966 do roku 2004 zem\u0159elo celkem 1101 sportovc\u016f do 35 let.<\/span><\/p>\n<p><span>Spojen\u00e9 st\u00e1ty tak\u00e9 vedou z\u00e1znamy.\u00a0Od roku 1980 do roku 2006 bylo v Americe zaznamen\u00e1no celkem 1866 p\u0159\u00edpad\u016f n\u00e1hl\u00e9ho \u00famrt\u00ed.<\/span><\/p>\n<p><span>Pierre v\u00ed, \u017ee za posledn\u00edch 18 m\u011bs\u00edc\u016f n\u00e1hle zem\u0159elo 975 sportovc\u016f.\u00a0co se zm\u011bnilo?\u00a0O\u010dkov\u00e1n\u00ed proti covidu bylo zavedeno v uplynul\u00fdch 18 m\u011bs\u00edc\u00edch, zd\u016fraz\u0148uje l\u00e9ka\u0159.\u00a0&#8222;P\u0159em\u00fd\u0161lejte dvakr\u00e1t, ne\u017e dostanete injekci,&#8220; \u0159\u00edk\u00e1.<\/span><\/p>\n<p><img decoding=\"async\" loading=\"lazy\" class=\"alignnone size-full wp-image-1185\" src=\"http:\/\/www.infokuryr.cz\/n\/wp-content\/uploads\/2021\/04\/kuryr-podpis.png\" alt=\"\" width=\"84\" height=\"24\" \/><\/p>\n<p><img decoding=\"async\" loading=\"lazy\" class=\"wp-image-19116 aligncenter\" src=\"http:\/\/www.infokuryr.cz\/n\/wp-content\/uploads\/2022\/12\/PRO-LOGO-300x29.jpg\" alt=\"\" width=\"1035\" height=\"100\" srcset=\"https:\/\/www.infokuryr.cz\/n\/wp-content\/uploads\/2022\/12\/PRO-LOGO-300x29.jpg 300w, https:\/\/www.infokuryr.cz\/n\/wp-content\/uploads\/2022\/12\/PRO-LOGO-768x75.jpg 768w, https:\/\/www.infokuryr.cz\/n\/wp-content\/uploads\/2022\/12\/PRO-LOGO.jpg 998w\" sizes=\"(max-width: 1035px) 100vw, 1035px\" \/><\/p>\n<p>&nbsp;<\/p>\n<p>&nbsp;<\/p>\n","protected":false},"excerpt":{"rendered":"<p>Za posledn\u00ed rok a p\u016fl \u0159ada mlad\u00fdch sportovc\u016f zkolabovala nebo dokonce zem\u0159ela.\u00a0V mnoha p\u0159\u00edpadech se&#8230;<\/p>\n","protected":false},"author":2,"featured_media":6124,"comment_status":"closed","ping_status":"closed","sticky":false,"template":"","format":"standard","meta":[],"categories":[7],"tags":[659,523,651],"_links":{"self":[{"href":"https:\/\/www.infokuryr.cz\/n\/wp-json\/wp\/v2\/posts\/19124"}],"collection":[{"href":"https:\/\/www.infokuryr.cz\/n\/wp-json\/wp\/v2\/posts"}],"about":[{"href":"https:\/\/www.infokuryr.cz\/n\/wp-json\/wp\/v2\/types\/post"}],"author":[{"embeddable":true,"href":"https:\/\/www.infokuryr.cz\/n\/wp-json\/wp\/v2\/users\/2"}],"replies":[{"embeddable":true,"href":"https:\/\/www.infokuryr.cz\/n\/wp-json\/wp\/v2\/comments?post=19124"}],"version-history":[{"count":0,"href":"https:\/\/www.infokuryr.cz\/n\/wp-json\/wp\/v2\/posts\/19124\/revisions"}],"wp:featuredmedia":[{"embeddable":true,"href":"https:\/\/www.infokuryr.cz\/n\/wp-json\/wp\/v2\/media\/6124"}],"wp:attachment":[{"href":"https:\/\/www.infokuryr.cz\/n\/wp-json\/wp\/v2\/media?parent=19124"}],"wp:term":[{"taxonomy":"category","embeddable":true,"href":"https:\/\/www.infokuryr.cz\/n\/wp-json\/wp\/v2\/categories?post=19124"},{"taxonomy":"post_tag","embeddable":true,"href":"https:\/\/www.infokuryr.cz\/n\/wp-json\/wp\/v2\/tags?post=19124"}],"curies":[{"name":"wp","href":"https:\/\/api.w.org\/{rel}","templated":true}]}}