{"id":1912,"date":"2021-05-23T06:01:28","date_gmt":"2021-05-23T04:01:28","guid":{"rendered":"http:\/\/www.infokuryr.cz\/n\/?p=1912"},"modified":"2021-05-23T06:01:28","modified_gmt":"2021-05-23T04:01:28","slug":"ockovani-podporuje-totalitni-rezim-ktery-nam-likviduje-nase-svobody","status":"publish","type":"post","link":"https:\/\/www.infokuryr.cz\/n\/2021\/05\/23\/ockovani-podporuje-totalitni-rezim-ktery-nam-likviduje-nase-svobody\/","title":{"rendered":"O\u010dkov\u00e1n\u00ed podporuje totalitn\u00ed re\u017eim, kter\u00fd n\u00e1m likviduje na\u0161e svobody"},"content":{"rendered":"<div id=\"fb-root\"><\/div>\n<p>&#8230;\u017ee pr\u00fd tady od lo\u0148ska \u0159\u00e1d\u00ed n\u011bjak\u00fd \u0161\u00edlen\u011b nebezpe\u010dn\u00fd virus<br \/>\n&#8230;a proto ve jm\u00e9nu z\u00e1chrany lidstva &#8222;uva\u0159ily&#8220; farmaceutick\u00e9 spole\u010dnosti lektvar, kter\u00fd v\u0161echny zachr\u00e1n\u00ed&#8230; &#8230;neasi jak jinak<br \/>\n&#8230;a aplikovat se ta meduc\u00edna bude intramuskul\u00e1rn\u011b<br \/>\n&#8230;a ejhle &#8230;te\u010f se n\u00e1m to skorem jev\u00ed tak, \u017ee vags\u00ednace nen\u00ed \u017e\u00e1dnou z\u00e1rukou k ochran\u011b p\u0159ed v\u00edrusem, ale \u017ee je PODM\u00cdNKOU k tomu, aby se mohlo j\u00edt k lazebn\u00edkovi, do hospody na p\u00edvo, na n\u011bjakou kult\u016frn\u00ed akci, nebo vycestovat do zahrani\u010d\u00ed na dov\u010du a dal\u0161\u00ed jin\u00e1 &#8222;privilegia&#8220;<br \/>\n&#8230;svat\u00e1 prostoto<\/p>\n<p>&#8230;kdy\u017e pro\u010d\u00edt\u00e1m r\u016fzn\u00e9 diskuse, je neskute\u010dn\u00e9 kolik jedinc\u016f se chce nechat navakcinovat z d\u016fvodu, aby mohli do hospody, s vlasama\/fousama k lazebn\u00edkovi&#8230; &#8211; z\u00fa\u010dastnit se letn\u00edho t\u00e1bora jako vedouc\u00ed, nebo kucha\u0159, nebo na dovolenou do zahrani\u010d\u00ed&#8230;. atakd\u00e1le prop\u00e1nakr\u00e1le&#8230;jen v\u00fdjime\u010dn\u011b se n\u011bkdo vyj\u00e1d\u0159\u00ed, \u017ee si chce nechat aplikovat vakc\u00ednu kv\u016fli ochran\u011b p\u0159ed on\u00edm v\u00edrusem&#8230;<\/p>\n<p>&#8230;t\u011bm jedinc\u016fm snad u\u017e doopravdy vypadnul mozek z hlavy, nebo ho nejsp\u00ed\u0161 nahradila n\u011bjak\u00e1 aplikace, jina\u010d se to ned\u00e1 vysv\u011btlit&#8230;&#8230;u\u017e mi jich nen\u00ed v\u016fbec l\u00edto, proto\u017ee informac\u00ed je dnes opravdu ji\u017e dostatek, aby ka\u017ed\u00fd dok\u00e1zal zapnout &#8222;kritick\u00e9 my\u0161len\u00ed&#8220; a vyvodil si z nich VoCoGo v cel\u00e9m tomhle absurdn\u00edm covidtyj\u00e1tru&#8230;<\/p>\n<p>&#8230;tedy nechte si v pohod\u011b do sebe nas\u00e1zet vakc\u00edny, je to takov\u00e1 dobrovoln\u00e1 euthanasie, v\u0161ak on ten sv\u011bt pot\u0159ebuje pro\u010distit od blbc\u016f a hlupc\u016f&#8230; &#8230;o tom co tu p\u0159edv\u00e1d\u00ed ta parti\u010dka po\u0161ahanc\u016f ze Strakovky &#8211; to nem\u00e1 smysl se u\u017e vyjad\u0159ovat, ten kabaret m\u016f\u017ee ka\u017ed\u00fd sledovat online&#8230; co je to za idioty, jak prav\u00e1 ruka nev\u00ed co d\u011bl\u00e1 lev\u00e1&#8230; a hlavn\u011b &#8211; v\u0161e je siln\u011b na\u010dichl\u00e9 megalomansk\u00fdm krimin\u00e1ln\u00edm zlo\u010dinem&#8230;<\/p>\n<p>&#8230;ano, je to t\u00e9m\u011b\u0159 jist\u00e9, \u017ee v tomto st\u00e1t\u011b vl\u00e1dnou zlo\u010dinci, kte\u0159\u00ed jak vidno, se nezastav\u00ed absolutn\u011b p\u0159ed ni\u010d\u00edm&#8230;&#8230;je\u0161t\u011b pro p\u0159ipomenut\u00ed, kdo si dosud nedok\u00e1zal vyhledat informace: &#8222;V roce 2020 a v roce 2021 \u017e\u00e1dn\u00e1 krajsk\u00e1 hygienick\u00e1 stanice v \u010cR nevyhl\u00e1sila epidemii. Aby hygienik mohl vyhl\u00e1sit epidemii, mus\u00ed b\u00fdt napln\u011bn tzv., epidemick\u00fd pr\u00e1h. To je dan\u00e9 z\u00e1konem, z toho nelze uhnout. Jsou pro to p\u0159esn\u00e9 limity. Je to 1600 klinicky nemocn\u00fdch na 100tis. obyvatel s akutn\u00ed respira\u010dn\u00ed infekc\u00ed. Po\u010d\u00edt\u00e1 se to za posledn\u00edch 7 dn\u016f, po\u010d\u00edtaj\u00ed se \u00fapln\u011b v\u0161echny respira\u010dn\u00ed infekce.<\/p>\n<p>Od doby vyhl\u00e1\u0161en\u00ed prvn\u00edho nouzov\u00e9ho stavu v b\u0159eznu 2020 do doby vyhl\u00e1\u0161en\u00ed druh\u00e9ho nouzov\u00e9ho stavu v \u0159\u00edjnu 2020 tento epidemick\u00fd pr\u00e1h nebyl spln\u011bn ani z 25% a NIKDY neexistovalo, aby se do respira\u010dn\u00edch infekc\u00ed, kter\u00e9 jsou hl\u00e1\u0161eny na SZ\u00da, vykazovali pozitivn\u011b testovan\u00ed bez klinick\u00fdch p\u0159\u00edznak\u016f.&#8220;&#8230;.up\u0159\u00edmn\u011b konstatuji, \u017ee pokud m\u00e1m zde na fejsu v p\u0159\u00e1tel\u00edch n\u011bkoho, kdo se hodl\u00e1 podvolit t\u00e9to \u0161\u00edlenosti a podstoupit vakcinaci z d\u016fvodu, aby mohl na pivo, na koncert, k holi\u010di, kade\u0159nici, nebo jet na dov\u010du k mo\u0159i &#8211; tak se bu\u010f honem rychle proberte z toho k\u00f3matu &#8230;nebo plsss jednodu\u0161e klikn\u011bte na tla\u010d\u00edtko \u201codebrat z p\u0159\u00e1tel\u201d a b\u011b\u017ete do prdele&#8230;&#8230;proto\u017ee jste to pr\u00e1v\u011b VY kdo podporujete tento totalitn\u00ed re\u017eim, kter\u00fd n\u00e1m likviduje na\u0161e svobody&#8230; re\u017eim, kter\u00fd z n\u00e1s chce u\u010dinit poslu\u0161n\u00e9 otroky, bez jak\u00fdchkoliv pr\u00e1v&#8230;<\/p>\n<p>Jarka \u0160ubrtov\u00e1<\/p>\n<p><em>Zdroj: FB Jarky \u0160ubrtov\u00e9<\/em><\/p>\n<p>&nbsp;<\/p>\n<p>&nbsp;<\/p>\n","protected":false},"excerpt":{"rendered":"<p>&#8230;\u017ee pr\u00fd tady od lo\u0148ska \u0159\u00e1d\u00ed n\u011bjak\u00fd \u0161\u00edlen\u011b nebezpe\u010dn\u00fd virus &#8230;a proto ve jm\u00e9nu z\u00e1chrany&#8230;<\/p>\n","protected":false},"author":2,"featured_media":1712,"comment_status":"closed","ping_status":"closed","sticky":false,"template":"","format":"standard","meta":[],"categories":[6],"tags":[23,213,48],"_links":{"self":[{"href":"https:\/\/www.infokuryr.cz\/n\/wp-json\/wp\/v2\/posts\/1912"}],"collection":[{"href":"https:\/\/www.infokuryr.cz\/n\/wp-json\/wp\/v2\/posts"}],"about":[{"href":"https:\/\/www.infokuryr.cz\/n\/wp-json\/wp\/v2\/types\/post"}],"author":[{"embeddable":true,"href":"https:\/\/www.infokuryr.cz\/n\/wp-json\/wp\/v2\/users\/2"}],"replies":[{"embeddable":true,"href":"https:\/\/www.infokuryr.cz\/n\/wp-json\/wp\/v2\/comments?post=1912"}],"version-history":[{"count":0,"href":"https:\/\/www.infokuryr.cz\/n\/wp-json\/wp\/v2\/posts\/1912\/revisions"}],"wp:featuredmedia":[{"embeddable":true,"href":"https:\/\/www.infokuryr.cz\/n\/wp-json\/wp\/v2\/media\/1712"}],"wp:attachment":[{"href":"https:\/\/www.infokuryr.cz\/n\/wp-json\/wp\/v2\/media?parent=1912"}],"wp:term":[{"taxonomy":"category","embeddable":true,"href":"https:\/\/www.infokuryr.cz\/n\/wp-json\/wp\/v2\/categories?post=1912"},{"taxonomy":"post_tag","embeddable":true,"href":"https:\/\/www.infokuryr.cz\/n\/wp-json\/wp\/v2\/tags?post=1912"}],"curies":[{"name":"wp","href":"https:\/\/api.w.org\/{rel}","templated":true}]}}