{"id":19114,"date":"2022-12-02T10:32:23","date_gmt":"2022-12-02T09:32:23","guid":{"rendered":"http:\/\/www.infokuryr.cz\/n\/?p=19114"},"modified":"2022-12-02T10:38:04","modified_gmt":"2022-12-02T09:38:04","slug":"jan-campbell-otazky-a-odpovedi","status":"publish","type":"post","link":"https:\/\/www.infokuryr.cz\/n\/2022\/12\/02\/jan-campbell-otazky-a-odpovedi\/","title":{"rendered":"Jan Campbell: Ot\u00e1zky a odpov\u011bdi"},"content":{"rendered":"<div id=\"fb-root\"><\/div>\n<p><strong><em>net\u010cT24: Jak hodnot\u00edte kroky nov\u00e9 generace p\u0159edn\u00edch \u010desk\u00fdch politik\u016f: apel ministra Jana Lipavsk\u00e9ho k nov\u00e9mu velvyslanci \u00cdr\u00e1nu v \u010cR k ukon\u010den\u00ed spolupr\u00e1ce s\u00a0Ruskem?<\/em><\/strong><\/p>\n<p>JC: Nezn\u00e1m apel pana ministra Lipavsk\u00e9ho k nov\u00e9mu velvyslanci \u00cdr\u00e1nu v\u00a0\u010cR ohledn\u011b ukon\u010den\u00ed spolupr\u00e1ce s\u00a0Ruskem. To mi ale nebr\u00e1n\u00ed vyj\u00e1d\u0159it se ke krok\u016fm nov\u00e9 generace p\u0159edn\u00edch \u010desk\u00fdch politik\u016f, nehled\u011b na skute\u010dnost, \u017ee jsem ob\u010dan SRN a ne ob\u010dan \u010cR, \u017eij\u00edc\u00ed v\u00edce m\u00e9n\u011b p\u016fldruh\u00e9ho desetilet\u00ed v\u00a0Praze.<\/p>\n<p>Co se t\u00fd\u010de prob\u00edhaj\u00edc\u00ed a \u0161\u00ed\u0159\u00edc\u00ed se glob\u00e1ln\u00ed konfrontace jev\u00ed se mi, \u017ee nov\u00e1 generace nejenom \u010desk\u00fdch politik\u016f m\u00e1 v\u00fdznamn\u00fd deficit v\u00a0kritick\u00e9m, tj. jasn\u00e9m a dal\u0161\u00edch typech my\u0161len\u00ed, ve znalosti historie v\u0161eobecn\u011b a modern\u00ed evropsk\u00e9 specificky, a v\u00a0neposledn\u00ed \u0159ad\u011b trp\u00ed kognitivn\u00ed disfunkc\u00ed. Ta se projevuje mj. v\u00a0tom, \u017ee nejsou schopni pozorovat, ve\u0159ejn\u011b demonstrovat a praktikovat rozd\u00edl mezi pravdou a l\u017e\u00ed a rozhodli se, nebo byli nau\u010deni \u017evanit. A to je p\u0159\u00edpad pro neurofyziology a dal\u0161\u00ed.<\/p>\n<p>Pro\u010d? Sou\u010dasn\u00e1 glob\u00e1ln\u00ed konfrontace mj. p\u0159edstavuje nesmi\u0159iteln\u00fd rozpor anglosask\u00e9ho sv\u011bta a jeho vazal\u016f v\u016f\u010di zbytku sv\u011bta. Kdo si neuv\u011bdomuje nap\u0159\u00edklad, \u017ee N\u011bmci a Francouzi maj\u00ed mnohem del\u0161\u00ed historii konfrontace s Anglosasy ne\u017e nap\u0159\u00edklad Rusov\u00e9, s\u00a0takov\u00fdm m\u00e1m soucit, ale nebudu s\u00a0n\u00edm diskutovat. Pro\u010d? Proto\u017ee suverenita SRN je zpochyb\u0148ov\u00e1na. Cel\u00e1 desetilet\u00ed tan\u010d\u00ed podle not z\u00a0Washingtonu a Lond\u00fdna, oba st\u00e1ty hraj\u00ed s\u00a0USA pokryteckou hru na t\u0159i mu\u0161ket\u00fdry a zapomn\u011bli, \u017ee rozd\u00edl mezi b\u011b\u017en\u00fdm automechanikem a \u0159emesln\u00edkem spo\u010d\u00edv\u00e1 v tom, \u017ee jeden v\u00ed, jak se m\u00e1 klikov\u00fd h\u0159\u00eddel pohybovat, a druh\u00fd v\u00ed, pro\u010d se m\u00e1 pohybovat a pro\u010d pr\u00e1v\u011b takto.<\/p>\n<p>Co se t\u00fd\u010de ot\u00e1zky apelu, aby Ir\u00e1n ukon\u010dil spolupr\u00e1ci s\u00a0Ruskem, jev\u00ed se mi, \u017ee se jedn\u00e1 o fake news nebo neporozum\u011bn\u00ed pana ministra &#8211; \u017evanila. Nechci v\u011b\u0159it tomu, \u017ee by na MZV nebyl nikdo, kdo by panu ministrovi nenapov\u011bd\u011bl, \u017ee se rod\u00ed \u010dty\u0159l\u00edstek a jak\u00fd symbol on p\u0159edstavuje. Nev\u00edm, zda pan ministr nevn\u00edm\u00e1, \u017ee v\u00a0geopolitice se rod\u00edc\u00ed se \u010dty\u0159l\u00edstek &#8211; \u010c\u00edna, Indie, Ir\u00e1n a Rusko. Takov\u00fd \u010dty\u0159l\u00edstek nelze v\u00a0\u017e\u00e1dn\u00e9m p\u0159\u00edpad\u011b ignorovat.<\/p>\n<p><strong><em>net\u010cT24: Jak hodnot\u00edte podporu panem premi\u00e9rem Petrem Fialou Ukrajiny v jej\u00ed snaze o \u010dlenstv\u00ed v\u00a0NATO? <\/em><\/strong><\/p>\n<p><strong>JC:<\/strong> Vych\u00e1z\u00edm ze skute\u010dnosti, \u017ee severoatlantick\u00e1 aliance s maxim\u00e1ln\u011b 12 % lidstva nen\u00ed v civilizovan\u00e9m sv\u011bt\u011b pot\u0159ebn\u00e1. Jej\u00ed rozpad je jenom ot\u00e1zkou \u010dasu. Urychlit ho m\u016f\u017ee v\u00fdstup USA z NATO, Ukrajinizace Evropy nebo p\u0159\u00edm\u00fd vojensk\u00fd konflikt s\u00a0Ruskem.<\/p>\n<p>V\u00a0kontextu prob\u00edhaj\u00edc\u00ed glob\u00e1ln\u00ed konfrontace evropsk\u00e1 bezpe\u010dnostn\u00ed architektura, cel\u00fd evropsk\u00fd \u0159\u00e1d byl zalo\u017een na dominanci USA a vylou\u010den\u00ed rusk\u00fdch z\u00e1jm\u016f. I proto NATO jako instituce vytv\u00e1\u0159\u00ed iluzi beztrestnosti. P\u0159edev\u0161\u00edm pro mlad\u0161\u00ed spojence aliance, v\u010detn\u011b Polska, Pobaltsk\u00fdch st\u00e1t\u016f a \u010cR. To ve v\u00fdsledku zna\u010dn\u011b omezuje diplomatick\u00e9 mo\u017enosti samotn\u00fdch Ameri\u010dan\u016f a p\u0159edstavuje geostrategickou ot\u00e1zku, kter\u00e1 m\u016f\u017ee USA p\u0159inutit vystoupit z\u00a0NATO. O humanit\u00e1rn\u00ed ot\u00e1zce NATO se nebudu zmi\u0148ovat. Zm\u00edn\u00edm se kr\u00e1tce ale o skute\u010dnosti, kter\u00e1 se prakticky nediskutuje v\u00a0\u010cR: Ukrajina je pro Rusko zvl\u00e1\u0161tn\u00edm \u00fazem\u00edm. To se v pr\u016fb\u011bhu historick\u00e9ho procesu mnohokr\u00e1t prok\u00e1zalo. Ot\u00e1zka vlastnictv\u00ed ukrajinsk\u00e9ho \u00fazem\u00ed se objevila bezprost\u0159edn\u011b po definitivn\u00edm z\u00edsk\u00e1n\u00ed st\u00e1tn\u00ed svrchovanosti Ruskem v roce 1480.<\/p>\n<p>Nap\u0159\u00edklad, ji\u017e v roce 1489 napsal moskevsk\u00fd car Ivan III. v dopise c\u00edsa\u0159i Svat\u00e9 \u0159\u00ed\u0161e \u0159\u00edmsk\u00e9 Maxmili\u00e1novi, \u017ee se chyst\u00e1 z\u00edskat zp\u011bt sv\u00e9 historick\u00e9 zem\u011b a Kyjev t\u00edm, \u017ee je odebere litevsk\u00e9mu velkokn\u00ed\u017eeti Kazim\u00edru IV., kter\u00fd je protipr\u00e1vn\u011b dr\u017eel. A tak se nab\u00edz\u00ed srovn\u00e1n\u00ed s\u00a0dne\u0161kem: Po z\u00edsk\u00e1n\u00ed suverenity v roce 1480 Rusko okam\u017eit\u011b p\u0159istupuje k \u0159e\u0161en\u00ed ukrajinsk\u00e9ho probl\u00e9mu.<\/p>\n<p>V\u00fdznam \u00fazem\u00ed pro Rusko se potvrdil v cel\u00e9 jeho historii. Nap\u0159\u00edklad v roce 1762 m\u011blo Rusko m\u00e9n\u011b obyvatel ne\u017e Francie. P\u0159esto Rusko ji\u017e dos\u00e1hlo Tich\u00e9ho oce\u00e1nu a stalo se nejv\u011bt\u0161\u00ed evropskou zem\u00ed. Z hlediska po\u010dtu obyvatel ale a\u017e po prvn\u00edm rozd\u011blen\u00ed Re\u010di pospolit\u00e9, kdy do\u0161lo k za\u010dlen\u011bn\u00ed Ukrajiny a B\u011bloruska do Rusk\u00e9 \u0159\u00ed\u0161e. Teprve pot\u00e9 Rusko p\u0159edstihlo Francii v demografii. \u017de demografie je pro Rusko historick\u00fdm probl\u00e9mem, Anglosasov\u00e9 v\u011bd\u00ed.<\/p>\n<p>V\u011bd\u00ed, \u017ee Rusko netrp\u011blo demografick\u00fdm deficitem pouze ve druh\u00e9 polovin\u011b 19. stolet\u00ed. Ve v\u0161ech ostatn\u00edch historick\u00fdch obdob\u00edch Rusko m\u011blo nedostatek lid\u00ed. Rusov\u00e9 proto v\u017edy bojovali v men\u0161in\u011b, s v\u00fdjimkou druh\u00e9 sv\u011btov\u00e9 v\u00e1lky. Tak je tomu i dnes na Ukrajin\u011b a jinde.<\/p>\n<p><strong><em>net\u010cT24: Jak hodnot\u00edte ozn\u00e1men\u00ed \u0161\u00e9fky parlamentu Mark\u00e9ty Adamov\u00e9 o budouc\u00ed misi na Tchaj-wan? <\/em><\/strong><\/p>\n<p><strong>JC:<\/strong> Nechci urazit tuto d\u00e1mu. P\u0159edpokl\u00e1d\u00e1m, \u017ee kon\u00e1 po p\u0159\u00edkazu a ne podle sv\u00e9 vlastn\u00ed v\u016fle. P\u0159itom z\u0159ejm\u011b nev\u00ed, \u017ee geopolitika od sv\u00e9ho vzniku jako v\u011bda zkoum\u00e1 probl\u00e9my sv\u011btov\u00e9ho v\u00fdvoje prost\u0159ednictv\u00edm st\u0159etu z\u00e1jm\u016f jednotliv\u00fdch st\u00e1t\u016f. To pokra\u010dovalo po cel\u00e9 dvac\u00e1t\u00e9 stolet\u00ed. Jednadvac\u00e1t\u00e9 stolet\u00ed v\u0161ak p\u0159ineslo zm\u011bny. Dvojslov\u00ed &#8211; n\u00e1rodn\u00ed z\u00e1jem se za\u010dalo pou\u017e\u00edvat sp\u00ed\u0161e jako z\u00e1st\u011bna k\u00a0ml\u017een\u00ed a vysv\u011btlen\u00ed jedn\u00e1n\u00ed vrchnosti pro poddan\u00e9.<\/p>\n<p>Pan\u00ed Adamov\u00e1 z\u0159ejm\u011b nem\u011bla p\u0159\u00edle\u017eitost sezn\u00e1mit se s\u00a0v\u00fdsledkem ned\u00e1vn\u00fdch komun\u00e1ln\u00edch voleb na Tchaj-wanu, obl\u00edben\u00e9 v\u00fdletn\u00ed destinaci \u010desk\u00fdch pravicov\u00fdch politik\u016f. Tam je\u0161t\u011b na centr\u00e1ln\u00ed \u00farovni vl\u00e1dne Demokratick\u00e1 pokrokov\u00e1 strana (DPP). Ale v\u00a0komun\u00e1ln\u00edch volb\u00e1ch tato strana ztratila v\u00fdznamn\u00e9 pozice v komun\u00e1ln\u00ed politice. Vl\u00e1dn\u00ed strana z\u00edskala ve volb\u00e1ch z jednadvaceti pozic starost\u016f velk\u00fdch m\u011bst a \u0161\u00e9f\u016f kraj\u016f pouze p\u011bt. V \u0161esti \u201especi\u00e1ln\u00edch municipalit\u00e1ch\u201c, tedy v nejv\u011bt\u0161\u00edch tchaj-wansk\u00fdch m\u011bstech z\u00edskala vl\u00e1dn\u00ed strana pouze dv\u011b starostenstv\u00ed.<\/p>\n<p>Naopak v hlavn\u00edm m\u011bst\u011b Tchaj-pej a d\u00e1le ve m\u011bstech Tchao-j\u00fcan a Tchaj-\u010dung zv\u00edt\u011bzila opozi\u010dn\u00ed strana Kuomintang (KMT). KMT z\u00edskala z jednadvaceti \u010deln\u00fdch pozic v komun\u00e1ln\u00ed politice Tchaj-wanu t\u0159in\u00e1ct pozic. Jednu pozici z\u00edskala Tchaj-wansk\u00e1 lidov\u00e1 strana a dv\u011b pozice nez\u00e1visl\u00ed kandid\u00e1ti.<\/p>\n<p>P\u0159\u00ed\u0161t\u00ed (prezidentsk\u00e9) volebn\u00ed kl\u00e1n\u00ed prob\u011bhne na Tchaj-wanu v roce 2024. A pokud zv\u00edt\u011bz\u00ed KMT, \u010de\u0161t\u00ed pravicov\u00ed politici budou muset naj\u00edt jinou destinaci, kde by mohli pokra\u010dovat v boji proti komunismu. Pro\u010d? Proto\u017ee KMT zah\u00e1j\u00ed proces sbli\u017eov\u00e1n\u00ed s \u010c\u00ednou. A proto\u017ee neexistuj\u00ed n\u00e1hody, p\u0159ipom\u00edn\u00e1m jednu volebn\u00ed:<\/p>\n<p>Ve zjednodu\u0161en\u00e9m p\u0159ekladu z\u00a0kanton\u0161tiny zn\u00ed jm\u00e9no v\u00edt\u011bze voleb jako \u010can. Jeho otec byl synem \u010cana \u010dingo, kter\u00e9ho v\u00a0Moskv\u011b znali pod jm\u00e9nem Nikolaj Elizarov a na Tchaj-wan\u011b jako \u010caj-Kaj\u0161i. Jin\u00fdmi slovy: dne\u0161n\u00ed v\u00edt\u011bz komun\u00e1ln\u00edch volbe je pravnuk kl\u00ed\u010dov\u00e9 osobnosti tchaj-wansk\u00e9 historie.<\/p>\n<p>Proto\u017ee, ale pan\u00ed Adamov\u00e9 z\u0159ejm\u011b chyb\u00ed vize, nev\u00ed, co se ve skute\u010dnosti odehr\u00e1v\u00e1 ve sv\u011bt\u011b a nic ji to nestoj\u00ed, polet\u00ed se pod\u00edvat na Tchaj-wan. P\u0159itom nevylu\u010duji, \u017ee situace kolem Tchaj-wanu, p\u0159edev\u0161\u00edm v\u00a0p\u0159eddve\u0159\u00ed roku 2027 \u2013 100 let od zalo\u017een\u00ed \u010cLOA (\u010c\u00ednsk\u00e9 lidov\u00e9 osvobozeneck\u00e9 arm\u00e1dy), kter\u00e9 je i sou\u010d\u00e1st\u00ed z\u00e1v\u011bru 20. sjezdu KS \u010c\u00edny a proto nevylu\u010duji sjdenocen\u00ed, Korej\u00ed, ale i \u0160kodovky v \u010cLR, kterou \u00fasp\u011b\u0161n\u011b ni\u010d\u00ed \u010desk\u00fd Tchaj-wanec Vystr\u010dil (o \u010dem\u017e zve\u0159ejn\u011bn\u00edm p\u0159\u00edsp\u011bvek) se m\u016f\u017ee natolik zm\u011bnit, \u017ee pan\u00ed Adamov\u00e1 d\u00e1 p\u0159ednost pobytu na sv\u00e9 chat\u011b a bude pl\u00e9st svetry.<\/p>\n<p><strong><em>net\u010cT24: Co je p\u0159\u00ed\u010dinou nesmi\u0159itelnosti a jednostrannosti \u010desk\u00e9 diplomacie?\u00a0<\/em><\/strong><\/p>\n<p><strong>JC:<\/strong> Jednou z\u00a0hlavn\u00edch p\u0159\u00ed\u010din nesmi\u0159itelnosti a jednostrannosti \u010desk\u00e9 diplomacie je jej\u00ed ideologizace. Ta je spojena s odkazem od tradi\u010dn\u00ed diplomacie, se ztr\u00e1tou suverenity st\u00e1tu, n\u00edzkou kvalitou analytick\u00e9 pr\u00e1ce a zam\u011bstnanc\u016f s\u00a0pravomoc\u00ed rozhodovat. Jednostrannost diplomacie umoc\u0148uje v\u00fdlu\u010dn\u00e1 orientace na Anglosasy. A situace nebude lep\u0161\u00ed pot\u00e9, co USA dos\u00e1hly sv\u00fdch hlavn\u00edch c\u00edl\u016f: z\u00e1chrana USD, prodej plynu, zni\u010den\u00ed vztahu EU s\u00a0RF a odtok investic, n\u011bkter\u00fdch firem a talent\u016f z\u00a0EU do USA a rozhodly p\u0159edat evropskou agendu Velk\u00e9 Brit\u00e1nii. Ve skute\u010dnosti to znamen\u00e1, \u017ee dnes je n\u00e1m h\u016f\u0159e, ne\u017e v\u010dera, ale l\u00e9pe, ne\u017e bude z\u00edtra.<\/p>\n<p>Krom\u011b toho, nelze v\u00e1\u017en\u011b pop\u00edrat, \u017ee nyn\u00ed doch\u00e1z\u00ed ke zm\u011bn\u011b mezin\u00e1rodn\u00edho uspo\u0159\u00e1d\u00e1n\u00ed, a \u017ee z\u00e1padn\u00ed zem\u011b &#8211; p\u0159edev\u0161\u00edm USA &#8211; jsou obh\u00e1jci star\u00e9ho form\u00e1tu mezin\u00e1rodn\u00edch vztah\u016f, v n\u011bm\u017e hraj\u00ed vedouc\u00ed roli, zat\u00edmco Rusko je vzhledem k historick\u00fdm okolnostem hlavn\u00edm beranidlem, kter\u00e9 tento star\u00fd, zastaral\u00fd mezin\u00e1rodn\u00ed \u0159\u00e1d ni\u010d\u00ed. To ale neznamen\u00e1, \u017ee USA nebudou s\u00a0Ruskem jednat.<\/p>\n<p>V\u00a0kontextu t\u00e9to historick\u00e9 zm\u011bny je pot\u0159eba ch\u00e1pat i \u010d\u00edsla, kter\u00e1 opakovan\u011b uv\u00e1d\u011bj\u00ed \u010d\u00edn\u0161t\u00ed diplomat\u00e9 a politici: 85 procent sv\u011btov\u00e9 populace sankce proti Rusku nepodporuje, a pokud ano, \u010din\u00ed tak v\u00fdhradn\u011b pod hrozbou existence a \u010dinnosti sv\u00fdch ekonomick\u00fdch subjekt\u016f. Takov\u00e9 hrozby ale nepodporuj\u00ed d\u016fv\u011bru\u2026<\/p>\n<p>Proto\u017ee jsme uvnit\u0159 tohoto procesu, nem\u016f\u017eeme s plnou jistotou adekv\u00e1tn\u011b posoudit jeho v\u00fdsledky. M\u016f\u017eeme ale posoudit vn\u011bj\u0161\u00ed okolnosti, odk\u00e1zat na historick\u00e9 p\u0159\u00edklady a p\u0159ipravovat si alternativn\u00ed \u0159e\u0161en\u00ed. Takov\u00e1 p\u0159\u00edprava vy\u017eaduje ale vizi, kvalitn\u00ed, historii znaj\u00edc\u00ed loaj\u00e1ln\u00ed profesion\u00e1ly a politiky, kte\u0159\u00ed jsou schopni uv\u011bdomit si, \u017ee sou\u010dasn\u00e1 EU politika pod anglosask\u00fdm veden\u00edm a NATO pod veden\u00edm USA mj. up\u00edraj\u00ed sv\u00e9mu protivn\u00edkovi, t.\u010d. Rusku pr\u00e1vo na existenci, vlastn\u00ed v\u00fdvoj a n\u00e1rodn\u00ed z\u00e1jmy. Takov\u00e1 politika nev\u011b\u0161t\u00ed nic dobr\u00e9ho.<\/p>\n<p>Rusko si to uv\u011bdomilo, \u017ee mu Z\u00e1pad pop\u00edr\u00e1 pr\u00e1vo na existenci, vlastn\u00ed v\u00fdvoj a n\u00e1rodn\u00ed z\u00e1jmy, stalo se katalyz\u00e1torem procesu zm\u011bny sv\u011bta, v n\u011bm\u017e Z\u00e1pad v sou\u010dasn\u00e9 podob\u011b nem\u00e1 m\u00edsto. Nejednou za cenu velk\u00fdch ztr\u00e1t Rusko zachr\u00e1nilo sv\u011bt. Mo\u017en\u00e1 bude muset tak konat znovu, aby p\u0159ipomn\u011blo ignorant\u016fm, \u017ee Rusko (a p\u0159ed n\u00edm Sov\u011btsk\u00fd svaz) ukazuje sv\u00e9 nejlep\u0161\u00ed vlastnosti a stoup\u00e1 k v\u00fd\u0161in\u00e1m sv\u011btov\u00e9ho uzn\u00e1n\u00ed, kdy\u017e \u0159e\u0161\u00ed univerz\u00e1ln\u00ed probl\u00e9my dobra a obnovuje spravedlnost. Anglosask\u00fd imperialismus veden\u00fd dnes USA, kter\u00e9mu jsou tyto kategorie ciz\u00ed, sm\u011b\u0159uje k nevratn\u011b omezen\u00e9 sf\u00e9\u0159e kontroly a ka\u017ed\u00e1 z\u00e1stupn\u00e1 v\u00e1lka tento proces urychluje. Jin\u00fdmi slovy: Kdo se sm\u011bje naposled, ten se sm\u011bje nejl\u00e9pe. Souhlasu net\u0159eba. 29.11.2022<\/p>\n<p>D\u011bkujeme za rozhovor (zve\u0159ejn\u011bn 30. listopadu ve\u010der).<\/p>\n<p><strong>Jan Campbell<\/strong><\/p>\n<p>&nbsp;<\/p>\n<p><img decoding=\"async\" loading=\"lazy\" class=\"wp-image-19116 aligncenter\" src=\"http:\/\/www.infokuryr.cz\/n\/wp-content\/uploads\/2022\/12\/PRO-LOGO-300x29.jpg\" alt=\"\" width=\"848\" height=\"82\" srcset=\"https:\/\/www.infokuryr.cz\/n\/wp-content\/uploads\/2022\/12\/PRO-LOGO-300x29.jpg 300w, https:\/\/www.infokuryr.cz\/n\/wp-content\/uploads\/2022\/12\/PRO-LOGO-768x75.jpg 768w, https:\/\/www.infokuryr.cz\/n\/wp-content\/uploads\/2022\/12\/PRO-LOGO.jpg 998w\" sizes=\"(max-width: 848px) 100vw, 848px\" \/><\/p>\n","protected":false},"excerpt":{"rendered":"<p>net\u010cT24: Jak hodnot\u00edte kroky nov\u00e9 generace p\u0159edn\u00edch \u010desk\u00fdch politik\u016f: apel ministra Jana Lipavsk\u00e9ho k nov\u00e9mu&#8230;<\/p>\n","protected":false},"author":2,"featured_media":650,"comment_status":"closed","ping_status":"closed","sticky":false,"template":"","format":"standard","meta":[],"categories":[6],"tags":[295,29,122,1052],"_links":{"self":[{"href":"https:\/\/www.infokuryr.cz\/n\/wp-json\/wp\/v2\/posts\/19114"}],"collection":[{"href":"https:\/\/www.infokuryr.cz\/n\/wp-json\/wp\/v2\/posts"}],"about":[{"href":"https:\/\/www.infokuryr.cz\/n\/wp-json\/wp\/v2\/types\/post"}],"author":[{"embeddable":true,"href":"https:\/\/www.infokuryr.cz\/n\/wp-json\/wp\/v2\/users\/2"}],"replies":[{"embeddable":true,"href":"https:\/\/www.infokuryr.cz\/n\/wp-json\/wp\/v2\/comments?post=19114"}],"version-history":[{"count":1,"href":"https:\/\/www.infokuryr.cz\/n\/wp-json\/wp\/v2\/posts\/19114\/revisions"}],"predecessor-version":[{"id":19117,"href":"https:\/\/www.infokuryr.cz\/n\/wp-json\/wp\/v2\/posts\/19114\/revisions\/19117"}],"wp:featuredmedia":[{"embeddable":true,"href":"https:\/\/www.infokuryr.cz\/n\/wp-json\/wp\/v2\/media\/650"}],"wp:attachment":[{"href":"https:\/\/www.infokuryr.cz\/n\/wp-json\/wp\/v2\/media?parent=19114"}],"wp:term":[{"taxonomy":"category","embeddable":true,"href":"https:\/\/www.infokuryr.cz\/n\/wp-json\/wp\/v2\/categories?post=19114"},{"taxonomy":"post_tag","embeddable":true,"href":"https:\/\/www.infokuryr.cz\/n\/wp-json\/wp\/v2\/tags?post=19114"}],"curies":[{"name":"wp","href":"https:\/\/api.w.org\/{rel}","templated":true}]}}