{"id":1911,"date":"2021-05-23T05:58:40","date_gmt":"2021-05-23T03:58:40","guid":{"rendered":"http:\/\/www.infokuryr.cz\/n\/?p=1911"},"modified":"2021-05-23T05:58:40","modified_gmt":"2021-05-23T03:58:40","slug":"ma-smysl-aby-se-putin-setkal-s-bidenem-tezko","status":"publish","type":"post","link":"https:\/\/www.infokuryr.cz\/n\/2021\/05\/23\/ma-smysl-aby-se-putin-setkal-s-bidenem-tezko\/","title":{"rendered":"M\u00e1 smysl, aby se Putin setkal s Bidenem? T\u011b\u017eko"},"content":{"rendered":"<div id=\"fb-root\"><\/div>\n<div class=\"perex\"><strong>Setk\u00e1n\u00ed hlav Ruska (d\u0159\u00edve Sov\u011btsk\u00e9ho svazu) a USA byla v\u017edy v minulosti vrcholnou celosv\u011btovou politickou ud\u00e1lost\u00ed, kter\u00e1 \u010dasto vnesla nov\u00e9 kapitoly do \u017eivota sv\u011bta.<\/strong><\/div>\n<div class=\"content\">\n<p>Nyn\u00ed v\u0161ak i mezi americk\u00fdmi odborn\u00edky p\u0159eva\u017euje siln\u00fd skepticismus, k\u00a0\u010demu je to dobr\u00e9, kdy\u017e je evidentn\u00ed, \u017ee Joe Biden nastolil k\u00a0Rusku a je\u0161t\u011b v\u00edce k\u00a0\u010c\u00edn\u011b programov\u011b v\u011bdom\u011b siln\u00fd konfronta\u010dn\u00ed kurs. Na videu, kter\u00e9 je st\u00e1le ke shl\u00e9dnut\u00ed na obl\u00edben\u00e9m a fundovan\u00e9m port\u00e1lu National Interest t\u0159i specialisti na rusko-americk\u00e9 vztahy diskutovali, co nov\u00e9ho setk\u00e1n\u00ed p\u0159inese a shodli se \u017ee nic, a \u017ee vlastn\u011b jen p\u016fjde o to definovat, zda v\u00a0r\u00e1mci trval\u00e9 konfrontace prezidenta Bidena je tak\u00e9 mo\u017enost vy\u0159e\u0161it n\u011bco pozitivn\u00edho. P\u0159ipadalo mi to absurdn\u00ed, by\u0165 pravdiv\u00e9, kdy\u017e trvali na tom, \u017ee i za takov\u00e9to situace je lep\u0161\u00ed se sej\u00edt ne\u017e nesej\u00edt.<\/p>\n<p>Nejsem si jist. Uprost\u0159ed vz\u00e1jemn\u00fdch sankc\u00edch, kter\u00e9 odstartovaly USA a Rusko na n\u011b \u00fa\u010dinn\u011b reagovalo, ozna\u010den\u00ed Putina Bidenem za zabij\u00e1ka a naopak USA Ruskem vedle \u010cesk\u00e9 republiky nep\u0159\u00e1telskou zem\u00ed, je t\u011b\u017eko hledat cokoliv hlub\u0161\u00edho pro spolupr\u00e1ci.<\/p>\n<p>V\u00a0z\u00e1sad\u011b ani potom nelze divit, \u017ee Putin, p\u0159es \u00falitbu, \u017ee z\u00a0d\u016fvod\u016f n\u00e1rodn\u00ed bezpe\u010dnosti nebudou Ameri\u010dan\u00e9 sankcionovat firmy pod\u00edlej\u00edc\u00ed se v\u00fdstavb\u011b Nord Streamu II, co\u017e je nepochybn\u011b triumf\u00e1ln\u00edm \u00fasp\u011bchem samostatn\u00e9 a hrd\u00e9 politiky N\u011bmecka a osobn\u011b Angely Merkelov\u00e9 a pos\u00edlen\u00ed dal\u0161\u00edho geopolitick\u00e9ho vlivu Ruska a op\u011bt Vladim\u00edra Putina v\u00a0rozhoduj\u00edc\u00ed \u010d\u00e1sti Evropy st\u00e1le o setk\u00e1n\u00ed ml\u017e\u00ed..<\/p>\n<p>Putin v\u00a0podstat\u011b nic od Bidena nepot\u0159ebuje. Na rozd\u00edl od minulosti, kdy USA a jeho spojenci libovoln\u011b zahajovaly nejagresivn\u011bj\u0161\u00ed v\u00e1lky v\u00a0Ir\u00e1ku, humanit\u00e1rn\u00ed bombardov\u00e1n\u00ed Srbska, v\u00e1lku v\u00a0Libyi, p\u0159evrat na Ukrajin\u011b atd, dnes u\u017e nejsou schopny barevn\u00e9 revoluce spojen\u00e9 s\u00a0p\u0159evratem a\u017e ji\u017e p\u0159i odvol\u00e1n\u00ed Luka\u0161enka \u010di barevnou revoluci spojenou se jm\u00e9nem Navaln\u00e9ho dov\u00e9st do \u00fasp\u011b\u0161n\u00e9ho konce.<\/p>\n<p>Fakt nev\u00edm. Pokud Putin setk\u00e1n\u00ed je\u0161t\u011b nepotvrdil, Zd\u00e1 se, \u017ee by na nepotvrzen\u00ed setk\u00e1n\u00ed m\u011bl setrvat. Pro\u010d vzbuzovat nerealistick\u00e9 nad\u011bje.<\/p>\n<\/div>\n<p><a href=\"http:\/\/vasevec.parlamentnilisty.cz\/komentare\/ma-smysl-aby-se-putin-setkal-s-bidenem-tezko\">Ji\u0159\u00ed Vyvadil<\/a><\/p>\n<p>&nbsp;<\/p>\n","protected":false},"excerpt":{"rendered":"<p>Setk\u00e1n\u00ed hlav Ruska (d\u0159\u00edve Sov\u011btsk\u00e9ho svazu) a USA byla v\u017edy v minulosti vrcholnou celosv\u011btovou politickou&#8230;<\/p>\n","protected":false},"author":2,"featured_media":672,"comment_status":"closed","ping_status":"closed","sticky":false,"template":"","format":"standard","meta":[],"categories":[6],"tags":[72,29,102],"_links":{"self":[{"href":"https:\/\/www.infokuryr.cz\/n\/wp-json\/wp\/v2\/posts\/1911"}],"collection":[{"href":"https:\/\/www.infokuryr.cz\/n\/wp-json\/wp\/v2\/posts"}],"about":[{"href":"https:\/\/www.infokuryr.cz\/n\/wp-json\/wp\/v2\/types\/post"}],"author":[{"embeddable":true,"href":"https:\/\/www.infokuryr.cz\/n\/wp-json\/wp\/v2\/users\/2"}],"replies":[{"embeddable":true,"href":"https:\/\/www.infokuryr.cz\/n\/wp-json\/wp\/v2\/comments?post=1911"}],"version-history":[{"count":0,"href":"https:\/\/www.infokuryr.cz\/n\/wp-json\/wp\/v2\/posts\/1911\/revisions"}],"wp:featuredmedia":[{"embeddable":true,"href":"https:\/\/www.infokuryr.cz\/n\/wp-json\/wp\/v2\/media\/672"}],"wp:attachment":[{"href":"https:\/\/www.infokuryr.cz\/n\/wp-json\/wp\/v2\/media?parent=1911"}],"wp:term":[{"taxonomy":"category","embeddable":true,"href":"https:\/\/www.infokuryr.cz\/n\/wp-json\/wp\/v2\/categories?post=1911"},{"taxonomy":"post_tag","embeddable":true,"href":"https:\/\/www.infokuryr.cz\/n\/wp-json\/wp\/v2\/tags?post=1911"}],"curies":[{"name":"wp","href":"https:\/\/api.w.org\/{rel}","templated":true}]}}