{"id":19109,"date":"2022-12-02T05:34:11","date_gmt":"2022-12-02T04:34:11","guid":{"rendered":"http:\/\/www.infokuryr.cz\/n\/?p=19109"},"modified":"2022-12-02T10:43:56","modified_gmt":"2022-12-02T09:43:56","slug":"italie-muze-dodat-ukrajine-rakety-aspide","status":"publish","type":"post","link":"https:\/\/www.infokuryr.cz\/n\/2022\/12\/02\/italie-muze-dodat-ukrajine-rakety-aspide\/","title":{"rendered":"It\u00e1lie m\u016f\u017ee dodat Ukrajin\u011b rakety Aspide"},"content":{"rendered":"<div id=\"fb-root\"><\/div>\n<p><strong>It\u00e1lie m\u016f\u017ee poslat Ukrajin\u011b v r\u00e1mci nov\u00e9ho bal\u00ed\u010dku vojensk\u00e9 pomoci \u0159\u00edzen\u00e9 rakety Aspide st\u0159edn\u00edho doletu za \u00fa\u010delem zasa\u017een\u00ed vzdu\u0161n\u00fdch c\u00edl\u016f, p\u00ed\u0161e La Repubblica.<\/strong><\/p>\n<p>V \u010dl\u00e1nku\u00a0<a href=\"https:\/\/jppx.azurewebsites.net\/browse.php?u=https%3A%2F%2Fwww.repubblica.it%2Fpolitica%2F2022%2F12%2F01%2Fnews%2Fmissili_aspide_scudo_anti_aereo_armi_italia_ucraina-376965120%2F%3Fref%3DRHLF-BG-I376977903-P3-S2-T1&amp;b=8\">se prav\u00ed<\/a>, \u017ee italsk\u00e1 vl\u00e1da m\u00e1 schv\u00e1lit \u0161est\u00fd bal\u00ed\u010dek se seznamem zbran\u00ed na konci prosince. Rakety t\u0159\u00eddy vzduch-vzduch star\u00e9 generace byly sta\u017eeny z italsk\u00fdch ozbrojen\u00fdch sil v roce 2021. \u0158\u00edm p\u0159edt\u00edm podobn\u00e9 zbran\u011b nedod\u00e1val, proto m\u00e1 dan\u00e9 rozhodnut\u00ed politickou povahu.<\/p>\n<p>Za politick\u00fd sign\u00e1l ozna\u010dili auto\u0159i p\u0159\u00edsp\u011bvku tak\u00e9 fakt, \u017ee vl\u00e1da pokra\u010duje v kurzu p\u0159edch\u00e1zej\u00edc\u00edho kabinetu Maria Draghiho v\u016f\u010di Ukrajin\u011b, a \u017ee premi\u00e9rka Giorgia Meloniov\u00e1 ignoruje pokusy spojenc\u016f z vl\u00e1dnouc\u00ed koalice o zru\u0161en\u00ed dod\u00e1vek zbran\u00ed.<\/p>\n<p>Doln\u00ed komora italsk\u00e9ho parlamentu p\u0159ijala 30. listopadu rezoluci vl\u00e1dnouc\u00ed v\u011bt\u0161iny o prodlou\u017een\u00ed term\u00edn\u016f ji\u017e p\u0159ijat\u00fdch rozhodnut\u00ed, je\u017e vypr\u0161\u00ed 31. prosince, o eventu\u00e1ln\u00edch vojensk\u00fdch dod\u00e1vk\u00e1ch Kyjevu. P\u0159itom rezoluce o zru\u0161en\u00ed pomoci a zam\u011b\u0159en\u00ed m\u00edsto toho \u00fasil\u00ed na dosa\u017een\u00ed diplomatick\u00e9ho urovn\u00e1n\u00ed ukrajinsk\u00e9ho konfliktu byly zam\u00edtnuty.<\/p>\n<p>List p\u0159ipom\u00edn\u00e1, \u017ee bal\u00ed\u010dky vojensk\u00e9 pomoci Ukrajin\u011b budou tajn\u00e9, a \u017ee vl\u00e1da pod\u00e1v\u00e1 o tom zpr\u00e1vy pouze parlamentn\u00edmu bezpe\u010dnostn\u00edmu v\u00fdboru.<\/p>\n<p>B\u00fdval\u00fd italsk\u00fd premi\u00e9r a v\u016fdce strany Hnut\u00ed p\u011bti hv\u011bzd Giuseppe Conti po\u017e\u00e1dal o zm\u011bny v politice EU a NATO v\u016f\u010di konfliktu na Ukrajin\u011b. Politik zd\u016fraznil, \u017ee dod\u00e1vky zbran\u00ed Kyjevu nejsou p\u0159ekon\u00e1n\u00edm konfliktu, a \u017ee je pot\u0159ebn\u00fd p\u0159echod k diplomacii.<\/p>\n<p><img decoding=\"async\" loading=\"lazy\" class=\"alignnone size-full wp-image-1185\" src=\"http:\/\/www.infokuryr.cz\/n\/wp-content\/uploads\/2021\/04\/kuryr-podpis.png\" alt=\"\" width=\"84\" height=\"24\" \/><\/p>\n<div class=\"article__content\">\n<div class=\"wp-playlist wp-video-playlist wp-playlist-light\">\n<div id=\"mep_0\" class=\"mejs-container mejs-video\" tabindex=\"0\" role=\"application\" aria-label=\"Video p\u0159ehr\u00e1va\u010d\">\n<div class=\"mejs-inner\">\n<div class=\"mejs-mediaelement\"><img decoding=\"async\" loading=\"lazy\" class=\"wp-image-19116 aligncenter\" src=\"http:\/\/www.infokuryr.cz\/n\/wp-content\/uploads\/2022\/12\/PRO-LOGO-300x29.jpg\" alt=\"\" width=\"1055\" height=\"102\" srcset=\"https:\/\/www.infokuryr.cz\/n\/wp-content\/uploads\/2022\/12\/PRO-LOGO-300x29.jpg 300w, https:\/\/www.infokuryr.cz\/n\/wp-content\/uploads\/2022\/12\/PRO-LOGO-768x75.jpg 768w, https:\/\/www.infokuryr.cz\/n\/wp-content\/uploads\/2022\/12\/PRO-LOGO.jpg 998w\" sizes=\"(max-width: 1055px) 100vw, 1055px\" \/><\/div>\n<\/div>\n<\/div>\n<\/div>\n<\/div>\n<p>&nbsp;<\/p>\n","protected":false},"excerpt":{"rendered":"<p>It\u00e1lie m\u016f\u017ee poslat Ukrajin\u011b v r\u00e1mci nov\u00e9ho bal\u00ed\u010dku vojensk\u00e9 pomoci \u0159\u00edzen\u00e9 rakety Aspide st\u0159edn\u00edho doletu&#8230;<\/p>\n","protected":false},"author":2,"featured_media":19110,"comment_status":"closed","ping_status":"closed","sticky":false,"template":"","format":"standard","meta":[],"categories":[7],"tags":[191,349,26,73],"_links":{"self":[{"href":"https:\/\/www.infokuryr.cz\/n\/wp-json\/wp\/v2\/posts\/19109"}],"collection":[{"href":"https:\/\/www.infokuryr.cz\/n\/wp-json\/wp\/v2\/posts"}],"about":[{"href":"https:\/\/www.infokuryr.cz\/n\/wp-json\/wp\/v2\/types\/post"}],"author":[{"embeddable":true,"href":"https:\/\/www.infokuryr.cz\/n\/wp-json\/wp\/v2\/users\/2"}],"replies":[{"embeddable":true,"href":"https:\/\/www.infokuryr.cz\/n\/wp-json\/wp\/v2\/comments?post=19109"}],"version-history":[{"count":1,"href":"https:\/\/www.infokuryr.cz\/n\/wp-json\/wp\/v2\/posts\/19109\/revisions"}],"predecessor-version":[{"id":19119,"href":"https:\/\/www.infokuryr.cz\/n\/wp-json\/wp\/v2\/posts\/19109\/revisions\/19119"}],"wp:featuredmedia":[{"embeddable":true,"href":"https:\/\/www.infokuryr.cz\/n\/wp-json\/wp\/v2\/media\/19110"}],"wp:attachment":[{"href":"https:\/\/www.infokuryr.cz\/n\/wp-json\/wp\/v2\/media?parent=19109"}],"wp:term":[{"taxonomy":"category","embeddable":true,"href":"https:\/\/www.infokuryr.cz\/n\/wp-json\/wp\/v2\/categories?post=19109"},{"taxonomy":"post_tag","embeddable":true,"href":"https:\/\/www.infokuryr.cz\/n\/wp-json\/wp\/v2\/tags?post=19109"}],"curies":[{"name":"wp","href":"https:\/\/api.w.org\/{rel}","templated":true}]}}