{"id":19105,"date":"2022-12-02T05:19:57","date_gmt":"2022-12-02T04:19:57","guid":{"rendered":"http:\/\/www.infokuryr.cz\/n\/?p=19105"},"modified":"2022-12-02T10:45:21","modified_gmt":"2022-12-02T09:45:21","slug":"eu-v-predklonu-s-ruskem-uz-zadne-obchody-skvele-chvali-strejda-sam-vezmu-to-za-vas","status":"publish","type":"post","link":"https:\/\/www.infokuryr.cz\/n\/2022\/12\/02\/eu-v-predklonu-s-ruskem-uz-zadne-obchody-skvele-chvali-strejda-sam-vezmu-to-za-vas\/","title":{"rendered":"EU v p\u0159edklonu: S Ruskem u\u017e \u017e\u00e1dn\u00e9 obchody! Skv\u011ble, chv\u00e1l\u00ed strejda Sam, vezmu to za v\u00e1s"},"content":{"rendered":"<div id=\"fb-root\"><\/div>\n<div id=\"ArticleTop\">\n<h2>Jak demilitarizovat N\u011bmecko? Pro\u010d? Ud\u011bl\u00e1 to samo. U\u017e jen denacifikovat. Amerika vyd\u011bl\u00e1v\u00e1 a vel\u00ed: P\u0159\u00e1tel\u00e9, p\u0159ipravte sv\u00e9 ovce na maso!<\/h2>\n<p class=\"clkPerex\"><strong><a class=\"clkAutor\" href=\"https:\/\/protiproud.info\/autor\/alexandr-staver.htm\">ALEXANDR STAV\u011aR<\/a> vy\u010d\u00edsluje d\u016fsledky, jak\u00e9 maj\u00ed pro st\u00e1ty EU nekone\u010dn\u00e9 dod\u00e1vky zbran\u00ed Kyjevu \u010di sebevra\u017eedn\u00e9 demonstrativn\u00ed rozv\u00e1z\u00e1n\u00ed obchodn\u00edch vztah\u016f s Ruskem &#8211; co\u017e jde k duhu pouze USA, kter\u00e9 na &#8222;koloni\u00e1ln\u00edm p\u0159edklonu&#8220; bruselsk\u00fdch pan\u00e1k\u016f nehor\u00e1zn\u011b vyd\u011bl\u00e1vaj\u00ed<\/strong><\/p>\n<\/div>\n<div id=\"Article\">\n<p>U\u017e m\u011b unavuj\u00ed anekdoty jednoho kyjevsk\u00e9ho papal\u00e1\u0161e o tom, \u017ee Putinovi do\u0161ly rakety. T\u00e9m\u011b\u0159 po ka\u017ed\u00e9m masov\u00e9m pou\u017eit\u00ed raket nebo bezpilotn\u00edch letoun\u016f se tu a tam objev\u00ed n\u011bco \u201eorigin\u00e1ln\u00edho\u201c, jako \u201e\u0158ekn\u011bte n\u011bkdo Putinovi, \u017ee mu do\u0161ly rakety\u201c. Takov\u00e9 vt\u00edpky u\u017e nejsou ani k pousm\u00e1n\u00ed.<\/p>\n<p>Na druhou stranu kdekomu p\u0159ich\u00e1z\u00ed na mysl, \u017ee p\u0159ece \u201enen\u00ed kou\u0159e bez ohn\u011b\u201c. V\u00e1lka je skute\u010dn\u011b n\u00e1kladn\u00e1 z\u00e1le\u017eitost. Ji\u017e mnohokr\u00e1t jsme psali, \u017ee \u201eje nutn\u00e9 urychlen\u011b p\u0159ev\u00e9st rusk\u00fd pr\u016fmysl na v\u00e1le\u010dn\u00fd re\u017eim\u201c. Obt\u00ed\u017en\u00e9, ale nezbytn\u00e9. Ale u\u017e jsou tu v\u00fdsledky. Samoz\u0159ejm\u011b by ka\u017ed\u00fd cht\u011bl m\u00edt v\u0161echno najednou, ale v re\u00e1ln\u00e9m sv\u011bt\u011b nen\u00ed nic jako v poh\u00e1dce. Nikdo nem\u00e1 kouzeln\u00fd proutek.<\/p>\n<h2>V\u017edycky n\u011bco chyb\u00ed<\/h2>\n<p>Ani veden\u00ed Ruska, kde po v\u0161ech sankc\u00edch, vetech a dal\u0161\u00edch omezen\u00edch na takovou zm\u011bnu re\u017eimu st\u00e1le je\u0161t\u011b jsou pen\u00edze a kde nejsou probl\u00e9my s energiemi a zdroji.<\/p>\n<p>Ale co Evropa, USA a dal\u0161\u00ed zem\u011b, kde je nyn\u00ed nedostatek plynu, elekt\u0159iny, ropy a dal\u0161\u00edch pot\u0159ebn\u00fdch surovin? Zem\u011b, kter\u00e9 horliv\u011b dod\u00e1vaj\u00ed zbran\u011b a munici na Ukrajinu a sv\u00e9 vlastn\u00ed arm\u00e1dy nech\u00e1vaj\u00ed na suchu.<\/p>\n<p>Arzen\u00e1l ka\u017ed\u00e9ho st\u00e1tu je zna\u010dn\u011b omezen\u00fd. A ka\u017ed\u00e1 v\u00e1lka odhal\u00ed mnoho nedostatk\u016f, pokud jde o z\u00e1sobov\u00e1n\u00ed arm\u00e1dy b\u011bhem bojov\u00fdch operac\u00ed. To se t\u00fdk\u00e1 doslova cel\u00e9ho registru vojensk\u00e9ho vybaven\u00ed.<\/p>\n<p>N\u011b\u010deho je dost, ale to n\u011bco v dan\u00e9 vojensk\u00e9 operaci nen\u00ed pot\u0159eba. N\u011b\u010deho se zase nedost\u00e1v\u00e1 jen proto, \u017ee vojen\u0161t\u00ed analytici v\u010das nevyhodnotili v\u00fdznam dan\u00e9 v\u00fdzbroje pro modern\u00ed boj. N\u011bco bylo jednodu\u0161e odeps\u00e1no nebo rozkradeno. Ani takov\u00fdch p\u0159\u00edpad\u016f nen\u00ed m\u00e1lo.<\/p>\n<p>Hlavn\u00ed probl\u00e9my v\u0161ak vznikaj\u00ed s vybaven\u00edm, kter\u00e9 je sice dod\u00e1v\u00e1no pr\u016fb\u011b\u017en\u011b, ale je klasifikov\u00e1no jako spot\u0159ebn\u00ed materi\u00e1l. V\u017edycky je nedostatek munice. S p\u0159\u00edchodem chladn\u00e9ho po\u010das\u00ed neust\u00e1le chyb\u00ed tepl\u00e9 oble\u010den\u00ed, kamna, topivo na zimu a mnoho dal\u0161\u00edch v\u011bc\u00ed. I se z\u00e1sobov\u00e1n\u00edm potravinami jsou v\u017edycky probl\u00e9my.<\/p>\n<p>P\u0159i\u010dem\u017e takov\u00e9to situace vznikaj\u00ed bez ohledu na to, zda je arm\u00e1da ve v\u00e1lce, nebo se \u00fa\u010dastn\u00ed n\u011bjak\u00e9ho cvi\u010den\u00ed \u010di man\u00e9vr\u016f. Mnoh\u00e9 zpr\u00e1vy z vojensk\u00fdch cvi\u010den\u00ed pobavily \u010dten\u00e1\u0159e po cel\u00e9m sv\u011bt\u011b. N\u011bmci klepali kosu v tuh\u00e9 zim\u011b u Baltu. Ameri\u010dan\u00e9 p\u0159ist\u00e1li na pob\u0159e\u017e\u00ed a se sv\u00fdmi auty se zahrabali do p\u00edsku.<\/p>\n<h2>Na po\u010d\u00e1tku byla Velk\u00e1 v\u00fdm\u011bna<\/h2>\n<p>Ameri\u010dan\u00e9 nerozpoutali operaci na Ukrajin\u011b jen proto, aby podkopali ruskou ekonomiku a vojenskou s\u00edlu. Jist\u011b, jde o hlavn\u00ed c\u00edl. Nen\u00ed v\u0161ak jedin\u00fd. Je tu tak\u00e9 rostouc\u00ed ekonomick\u00e1 s\u00edla Evropy, kter\u00e1 se stala skute\u010dn\u00fdm konkurentem americk\u00e9ho byznysu. Ukrajina je dostate\u010dn\u011b velk\u00e1 evropsk\u00e1 zem\u011b na to, aby jej\u00ed rozpad z\u00e1sadn\u011b ovlivnil celou Evropu.<\/p>\n<p>Evropsk\u00e9 st\u00e1ty disponuj\u00ed dostate\u010dn\u011b velk\u00fdmi pozemn\u00edmi silami pro operace mimo NATO, jimi\u017e se USA pochlubit nemohou. Nicm\u00e9n\u011b evropsk\u00fd kontingent je pom\u011brn\u011b omezen\u00fd a jeho rychl\u00e9 dopln\u011bn\u00ed o voj\u00e1ky americk\u00e9 arm\u00e1dy je problematick\u00e9. A evrop\u0161t\u00ed politici za\u010dali hromadn\u011b vzn\u00e1\u0161et po\u017eadavky v\u016f\u010di Washingtonu.<\/p>\n<p>P\u0159ipome\u0148me si, \u010d\u00edm za\u010dal chaos v Evrop\u011b. Nikoli v\u00e1lkou v\u00a0Donbasu, a dokonce ani kyjevsk\u00fdm Majdanem. V\u0161e za\u010dalo mnohem d\u0159\u00edve, kdy\u017e nespokojen\u00ed lid\u00e9 n\u00e1hle vy\u0161li do ulic evropsk\u00fdch hlavn\u00edch m\u011bst, zejm\u00e9na v zem\u00edch, kde panovala hospod\u00e1\u0159sk\u00e1 stabilita a prosperita. Nespokojen\u00ed d\u011bln\u00edci, zam\u011bstnanci, zem\u011bd\u011blci, studenti&#8230;<\/p>\n<p>Vl\u00e1dy se sna\u017eily r\u016fzn\u00fdmi zp\u016fsoby zjednat po\u0159\u00e1dek. To tak\u00e9 ud\u011blaly, ale lid\u00e9 u\u017e byli nabuzen\u00ed. A v n\u00e1sleduj\u00edc\u00edch volb\u00e1ch se ve v\u011bt\u0161in\u011b evropsk\u00fdch zem\u00ed dostali k moci zcela jin\u00ed, zjevn\u011b proameri\u010dt\u00ed politici. Do vl\u00e1d p\u0159i\u0161li tac\u00ed lid\u00e9, jim\u017e byla vlastn\u00ed zem\u011b ukraden\u00e1 \u2013 jen aby vyhov\u011bli v\u016fli Washingtonu.<\/p>\n<h2>Ot\u00e1zka dne: Jak z toho vycouvat?<\/h2>\n<p>Pak p\u0159i\u0161el \u010das Ukrajiny. Majdan. Otev\u0159en\u00e1 \u00fa\u010dast Ameri\u010dan\u016f a Evropan\u016f na destrukci vztah\u016f se sousedy a na kolapsu ekonomiky. Za\u010dal se formovat sebevra\u017eedn\u00fd \u00fad\u011bl n\u00e1rod\u016f. Ukrajinci byli indoktrinov\u00e1ni jednoduch\u00fdm dogmatem \u2013 za v\u0161echny probl\u00e9my Ukrajiny m\u016f\u017ee bohat\u00fd soused \u2013 Rusko. Byla to ide\u00e1ln\u00ed volba. V lidsk\u00e9 povaze je hledat p\u0159\u00ed\u010diny vlastn\u00edho ne\u0161t\u011bst\u00ed mimo sebe.<\/p>\n<p>Dal\u0161\u00ed krok byl rovn\u011b\u017e pln\u011b p\u0159edv\u00eddateln\u00fd. Sankce proti Rusku a pomoc Kyjevu ze strany Z\u00e1padu. To se t\u00fdk\u00e1 i ukrajinsk\u00fdch b\u011b\u017eenc\u016f. Z u\u0161lechtil\u00e9ho c\u00edle pomoci uprchl\u00edk\u016fm ud\u011blali Ameri\u010dan\u00e9 \u201en\u00e1\u0161lapnou minu\u201c, kter\u00e1 m\u00e1 podkopat ekonomiku Evropy. P\u0159edev\u0161\u00edm zhor\u0161it \u017eivot oby\u010dejn\u00fdch Evropan\u016f. Nen\u00ed t\u0159eba ob\u0161\u00edrn\u011b popisovat, jak se to stalo a d\u011bje. Sta\u010d\u00ed si p\u0159e\u010d\u00edst n\u00e1\u0159ky evropsk\u00fdch bloger\u016f na internetu.<\/p>\n<p>Apote\u00f3zou cel\u00e9 operace se stala rusk\u00e1 Speci\u00e1ln\u00ed vojensk\u00e1 operace (SVO). Dnes m\u016f\u017eeme \u0159\u00edci, \u017ee Rusko bylo k tomuto kroku aktivn\u011b dotla\u010deno. Vzpome\u0148me jen aktivaci SVO v lednu a \u00fanoru, kdy byly Don\u011bck\u00e1 a Luhansk\u00e1 republika donuceny vyhl\u00e1sit evakuaci&#8230; N\u00e1sledn\u00e9 otev\u0159en\u00e9 v\u00e1le\u010dn\u00e9 akce na Ukrajin\u011b se staly jak\u00fdmsi \u201evysava\u010dem\u201c, kter\u00fd prakticky prom\u011bnil evropsk\u00e9 arm\u00e1dy v d\u011btsk\u00e9 hra\u010dky a evropskou ekonomiku, v kombinaci se sankcemi, kter\u00e9 na sebe uvalili sami Evropan\u00e9, v \u201enemohouc\u00ed sta\u0159enku\u201c.<\/p>\n<p>A\u0165 si dnes evrop\u0161t\u00ed politici \u0159\u00edkaj\u00ed, co cht\u011bj\u00ed, Ameri\u010dan\u00e9 sv\u00fdch c\u00edl\u016f z velk\u00e9 \u010d\u00e1sti dos\u00e1hli. Evropa u\u017e nem\u00e1 bojeschopnou arm\u00e1du. Hospod\u00e1\u0159stv\u00ed je natolik oslabeno, \u017ee mnoho evropsk\u00fdch hospod\u00e1\u0159sk\u00fdch gigant\u016f p\u0159esouv\u00e1 sv\u00e9 v\u00fdrobn\u00ed z\u00e1vody, kancel\u00e1\u0159e a zam\u011bstnance do USA.<\/p>\n<p>Pr\u00e1v\u011b tyto faktory brzy povedou zcela p\u0159edv\u00eddateln\u011b ke ztr\u00e1t\u011b z\u00e1jmu o Ukrajinu jako takovou. Proto se dnes v z\u00e1padn\u00edm tisku objevilo mnoho kritiky Kyjeva. Proto Washington za\u010dal mluvit o auditu sv\u00fdch investic na Ukrajin\u011b.<\/p>\n<p>\u017de by proz\u0159en\u00ed? Bohu\u017eel nikoli \u2013 pouze zp\u016fsob, jak naoko hezky vycouvat z\u00a0nastal\u00e9 situace.<\/p>\n<h2>D\u00e1me v\u0161e, co m\u00e1me<\/h2>\n<p>Ano, N\u011bmecko je op\u011bt n\u00fdmandem. Nen\u00ed to tak d\u00e1vno, co se \u201emotor evropsk\u00e9 ekonomiky\u201c z mocn\u00e9 evropsk\u00e9 velmoci, kter\u00e1 spolu s Franci\u00ed a n\u011bkolika dal\u0161\u00edmi evropsk\u00fdmi \u201esta\u0159\u00edky\u201c ur\u010dovala sm\u011b\u0159ov\u00e1n\u00ed EU, zm\u011bnil v\u00a0tuctovou zemi, by\u0165 st\u00e1le pom\u011brn\u011b velkou.<\/p>\n<p>Ned\u00e1vn\u00fd rozhovor s komisa\u0159kou pro obranu v Bundestagu Evou H\u00f6glovou pro Bild am Sonntag je v tomto ohledu velmi p\u0159\u00edzna\u010dn\u00fd, i kdy\u017e pojat\u00fd z titulu jej\u00ed funkce z vojensk\u00e9ho hlediska. A\u010dkoli pro ty, kte\u0159\u00ed pozorn\u011b sleduj\u00ed situaci v SRN obecn\u011b a v n\u011bmeck\u00e9 arm\u00e1d\u011b zvl\u00e1\u0161t\u011b, ne\u0159ekla Eva H\u00f6glov\u00e1 nic nov\u00e9ho. Parlamentn\u00ed st\u00e1tn\u00ed tajemn\u00edk Bundeswehru Peter Tauber n\u011bco podobn\u00e9ho \u0159ekl ji\u017e v roce 2018.<\/p>\n<p>Ale ne\u017e p\u0159istoup\u00edm k cit\u00e1tu prohl\u00e1\u0161en\u00ed komisa\u0159ky pro obranu, r\u00e1d bych se vr\u00e1til k t\u00e9matu omezenosti arzen\u00e1lu. N\u011bmecko je navzdory \u010detn\u00fdm diskus\u00edm zcela v\u011brn\u00e9 rozhodnut\u00ed sv\u00fdch p\u00e1n\u016f dod\u00e1vat Kyjevu zbran\u011b.<\/p>\n<p>V kan\u00e1lech Telegramu se ji\u017e objevily obrn\u011bn\u00e9 transport\u00e9ry Iris-T SLM, obrn\u011bn\u00e9 transport\u00e9ry Dingo, raketomety Mars II a mnoho dal\u0161\u00edch zbran\u00ed, kter\u00e9 Bundeswehr dod\u00e1v\u00e1 ukrajinsk\u00fdm ozbrojen\u00fdm sil\u00e1m. \u010c\u00edsla sice nejsou na na\u0161e pom\u011bry nijak oslniv\u00e1, ale p\u0159esto. N\u011bmci dodali 30 obrn\u011bn\u00fdch transport\u00e9r\u016f Dingo, 54 obrn\u011bn\u00fdch transport\u00e9r\u016f M113, t\u00e9m\u011b\u0159 15 tis\u00edc protitankov\u00fdch min, 100 tis\u00edc ru\u010dn\u00edch gran\u00e1t\u016f, 500 p\u0159enosn\u00fdch protivzdu\u0161n\u00fdch syst\u00e9m\u016f Stinger, 13,5 tis\u00edce n\u00e1boj\u016f r\u00e1\u017ee 155 mm a mnoho dal\u0161\u00edho. Bundeswehr dokonce poskytl Ukrajinc\u016fm sv\u00e9 pr\u016fzkumn\u00e9 bezpilotn\u00ed letouny.<\/p>\n<h2>N\u011bmecko kone\u010dn\u011b demilitarizov\u00e1no<\/h2>\n<p>A tady je t\u0159eba upozornit na jeden detail, o kter\u00e9m N\u011bmci rad\u011bji nemluv\u00ed. Je jasn\u00e9, \u017ee arm\u00e1da je pro ka\u017ed\u00fd st\u00e1t z\u00e1t\u011b\u017e\u00ed. Nevytv\u00e1\u0159\u00ed t\u00e9m\u011b\u0159 \u017e\u00e1dn\u00e9 p\u0159\u00edjmy, ale vy\u017eaduje mnoho v\u00fddaj\u016f. Voj\u00e1ci pou\u017e\u00edvaj\u00ed nejen nejmodern\u011bj\u0161\u00ed zbra\u0148ov\u00e9 syst\u00e9my, ale tak\u00e9 ty nejdra\u017e\u0161\u00ed. Pou\u017e\u00edv\u00e1n\u00edm mnoho z nich jednodu\u0161e zch\u00e1tr\u00e1 a je t\u0159eba je vym\u011bnit.<\/p>\n<p>To, co je dod\u00e1v\u00e1no na Ukrajinu, logicky nen\u00ed dopl\u0148ov\u00e1no v\u00fdrobou. N\u011bmecko ani takovou mo\u017enost fyzicky nem\u00e1. Ve skute\u010dnosti doch\u00e1z\u00ed k \u201edemilitarizaci st\u00e1tu\u201c.<\/p>\n<p>P\u0159edseda vojensk\u00e9 asociace Bundeswehru, plukovn\u00edk Andre W\u00fcstner, sd\u011blil den\u00edku Die Welt pro N\u011bmce d\u011bsivou zpr\u00e1vu. Ani jedna brig\u00e1da v SRN nen\u00ed v sou\u010dasn\u00e9 dob\u011b kompletn\u00ed a bojeschopn\u00e1!<\/p>\n<p>A nyn\u00ed k tomu, co \u0159ekla Eva H\u00f6glov\u00e1:<\/p>\n<p>\u201e<em>Bundeswehru chyb\u00ed munice za 20 miliard eur. Kritizuji fakt, \u017ee tato \u010d\u00e1stka nebyla zahrnuta do zvl\u00e1\u0161tn\u00edho fondu (zvl\u00e1\u0161tn\u00ed fond pro Bundeswehr ve v\u00fd\u0161i 100 miliard eur) a nyn\u00ed se mus\u00ed ka\u017ed\u00fd rok horko t\u011b\u017eko sh\u00e1n\u011bt z rozpo\u010dtu na obranu.<\/em>\u201c<\/p>\n<p>Dovedete si p\u0159edstavit arm\u00e1du, kter\u00e1 v dob\u011b m\u00edru \u017eije z \u201ehladov\u00fdch d\u00e1vek\u201c? O jak\u00e9m bojov\u00e9m v\u00fdcviku m\u016f\u017eeme mluvit, kdy\u017e voj\u00e1ci nest\u0159\u00edl\u00ed ze zbran\u00ed, ne\u0159\u00edd\u00ed vojenskou techniku, nevyplouvaj\u00ed na mo\u0159e na palub\u00e1ch bitevn\u00edch lodi a podobn\u011b? To v\u0161ak nen\u00ed v\u0161e. H\u00f6glov\u00e1 s\u00e1hla dostate\u010dn\u011b hluboko:<\/p>\n<p>\u201e<em>Nav\u00edc z d\u016fvodu nemocensk\u00fdch, mate\u0159sk\u00fdch dovolen\u00fdch a \u0161kolen\u00ed je po\u010detn\u00ed stav mnoha \u00fatvar\u016f m\u00edsty asi 60 % z toho, co je uvedeno v dokumentech. To je rozhodn\u011b p\u0159\u00edli\u0161 m\u00e1lo. Nedostatek voj\u00e1k\u016f je je\u0161t\u011b hor\u0161\u00ed ne\u017e nedostatek v\u00fdzbroje. P\u0159i nedostatku k\u00e1dr\u016f n\u00e1m nepomohou ani ty nejlep\u0161\u00ed zbran\u011b.<\/em>\u201c<\/p>\n<p>Komisa\u0159ka ov\u0161em N\u011bmce o\u010dividn\u011b u\u0161et\u0159ila toho nejhor\u0161\u00edho. St\u011b\u017eovala si na nedostatek voj\u00e1k\u016f, ani\u017e by zm\u00ednila, \u017ee voj\u00e1ci n\u011bmeckou arm\u00e1du ve velk\u00e9m po\u010dtu opou\u0161t\u011bj\u00ed. Odch\u00e1zej\u00ed, proto\u017ee jsou si v\u011bdomi negativn\u00edch proces\u016f, kter\u00e9 v arm\u00e1d\u011b prob\u00edhaj\u00ed. Pom\u011brn\u011b ned\u00e1vno (podle historick\u00fdch m\u011b\u0159\u00edtek) n\u011b\u010d\u00edm podobn\u00fdm pro\u0161lo tak\u00e9 Rusko.<\/p>\n<p>Nicm\u00e9n\u011b v\u00a0dal\u0161\u00edm u\u017e nem\u011bla pan\u00ed H\u00f6glov\u00e1 slitov\u00e1n\u00ed. Vzpomn\u011bla si na n\u011bmeck\u00e9 voj\u00e1ky v Litv\u011b, kte\u0159\u00ed tam pro nedostatek tepl\u00e9ho oble\u010den\u00ed jednodu\u0161e mrzli. P\u0159itom v \u00fanoru to byla pr\u00e1v\u011b ona, kdo hovo\u0159il o pot\u0159eb\u011b dod\u00e1vat tepl\u00e9 pr\u00e1dlo p\u0159\u00edslu\u0161n\u00edk\u016fm Bundeswehru v\u00a0Litv\u011b:<\/p>\n<p>\u201e<em>Nechce se mi uv\u011b\u0159it, \u017ee je n\u011bco takov\u00e9ho v\u016fbec mo\u017en\u00e9. V sou\u010dasn\u00e9 dob\u011b nos\u00ed uniformu 182 tis\u00edc mu\u017e\u016f a \u017een. Pokud se po\u010det voj\u00e1k\u016f v\u00fdrazn\u011b nezv\u00fd\u0161\u00ed, bude t\u0159eba stanovit priority v pln\u011bn\u00ed operac\u00ed a \u00fakol\u016f. Hlavn\u00ed d\u016fraz mus\u00ed b\u00fdt samoz\u0159ejm\u011b kladen na obranu zem\u011b a aliance. Tud\u00ed\u017e bude nutn\u00e9 upustit od mezin\u00e1rodn\u00edch operac\u00ed. Nem\u016f\u017eeme voj\u00e1k\u016fm zad\u00e1vat \u00fakoly, kter\u00e9 jsou nad jejich s\u00edly.<\/em>\u201c<\/p>\n<p>Co jin\u00e9ho to je, ne\u017e p\u0159izn\u00e1n\u00ed, \u017ee jedna z kdysi nejsiln\u011bj\u0161\u00edch arm\u00e1d v Evrop\u011b se stala prakticky neschopnou boje?<\/p>\n<h2>Zaoce\u00e1nsk\u00fd ba\u010da a ovce na maso<\/h2>\n<p>V ostatn\u00edch evropsk\u00fdch arm\u00e1d\u00e1ch to nen\u00ed lep\u0161\u00ed. Arzen\u00e1ly se vypr\u00e1zdnily. V\u0161ichni se obracej\u00ed na Pentagon a \u017e\u00e1daj\u00ed dod\u00e1vky americk\u00fdch zbran\u00ed. Pro Ameri\u010dany je v\u0161ak fyzicky nemo\u017en\u00e9 v\u00a0kr\u00e1tk\u00e9 dob\u011b naplnit takov\u00fd rozsah objedn\u00e1vek.<\/p>\n<p>23. listopadu Ameri\u010dan\u00e9 EU dorazili rukama sv\u00fdch unijn\u00edch zmocn\u011bnc\u016f! Takzvan\u00fd Evropsk\u00fd parlament odhlasoval uzn\u00e1n\u00ed Ruska za sponzora terorismu. To bude znamenat faktick\u00e9 p\u0159eru\u0161en\u00ed v\u0161ech hospod\u00e1\u0159sk\u00fdch vazeb mezi EU a Ruskem.<\/p>\n<p>Tak\u017ee v\u0161echno prost\u011b pokra\u010duje. Kdy Evropan\u00e9 p\u0159estanou b\u00fdt ovcemi, co jdou na por\u00e1\u017eku za kozlem provokat\u00e9rem? Kozel s\u00e1m za sebe nesp\u011bch\u00e1 s rozhodnut\u00edm, po n\u011bm\u017e by u\u017e nem\u011bl na v\u00fdb\u011br. USA neprohl\u00e1s\u00ed Rusko sponzorem terorismu. Kozel na jatka nep\u016fjde, zato ovce nikdo neu\u0161et\u0159\u00ed.<\/p>\n<p>Ty p\u016fjdou p\u011bkn\u011b na maso.<\/p>\n<p><a href=\"https:\/\/topwar.ru\/205533-evropu-vyvodjat-iz-igry.html\" target=\"_blank\" rel=\"noopener\">Zdroj.<\/a><\/p>\n<p>P\u0159evzato\u00a0<a href=\"https:\/\/protiproud.info\/politika\/6858-eu-v-predklonu-s-ruskem-uz-zadne-obchody-skvele-chvali-strejda-sam-vezmu-to-za-vas-jak-demilitarizovat-nemecko-proc-udela-to-samo-uz-jen-denacifikovat-amerika-vydelava-a-veli-pratele-pripravte-sve-ovce-na-maso.htm\">PROTIPROUD<\/a><\/p>\n<p><img decoding=\"async\" loading=\"lazy\" class=\"wp-image-19116 aligncenter\" src=\"http:\/\/www.infokuryr.cz\/n\/wp-content\/uploads\/2022\/12\/PRO-LOGO-300x29.jpg\" alt=\"\" width=\"993\" height=\"96\" srcset=\"https:\/\/www.infokuryr.cz\/n\/wp-content\/uploads\/2022\/12\/PRO-LOGO-300x29.jpg 300w, https:\/\/www.infokuryr.cz\/n\/wp-content\/uploads\/2022\/12\/PRO-LOGO-768x75.jpg 768w, https:\/\/www.infokuryr.cz\/n\/wp-content\/uploads\/2022\/12\/PRO-LOGO.jpg 998w\" sizes=\"(max-width: 993px) 100vw, 993px\" \/><\/p>\n<\/div>\n","protected":false},"excerpt":{"rendered":"<p>Jak demilitarizovat N\u011bmecko? Pro\u010d? Ud\u011bl\u00e1 to samo. U\u017e jen denacifikovat. Amerika vyd\u011bl\u00e1v\u00e1 a vel\u00ed: P\u0159\u00e1tel\u00e9,&#8230;<\/p>\n","protected":false},"author":2,"featured_media":19106,"comment_status":"closed","ping_status":"closed","sticky":false,"template":"","format":"standard","meta":[],"categories":[7],"tags":[41,283,371,22,37],"_links":{"self":[{"href":"https:\/\/www.infokuryr.cz\/n\/wp-json\/wp\/v2\/posts\/19105"}],"collection":[{"href":"https:\/\/www.infokuryr.cz\/n\/wp-json\/wp\/v2\/posts"}],"about":[{"href":"https:\/\/www.infokuryr.cz\/n\/wp-json\/wp\/v2\/types\/post"}],"author":[{"embeddable":true,"href":"https:\/\/www.infokuryr.cz\/n\/wp-json\/wp\/v2\/users\/2"}],"replies":[{"embeddable":true,"href":"https:\/\/www.infokuryr.cz\/n\/wp-json\/wp\/v2\/comments?post=19105"}],"version-history":[{"count":0,"href":"https:\/\/www.infokuryr.cz\/n\/wp-json\/wp\/v2\/posts\/19105\/revisions"}],"wp:featuredmedia":[{"embeddable":true,"href":"https:\/\/www.infokuryr.cz\/n\/wp-json\/wp\/v2\/media\/19106"}],"wp:attachment":[{"href":"https:\/\/www.infokuryr.cz\/n\/wp-json\/wp\/v2\/media?parent=19105"}],"wp:term":[{"taxonomy":"category","embeddable":true,"href":"https:\/\/www.infokuryr.cz\/n\/wp-json\/wp\/v2\/categories?post=19105"},{"taxonomy":"post_tag","embeddable":true,"href":"https:\/\/www.infokuryr.cz\/n\/wp-json\/wp\/v2\/tags?post=19105"}],"curies":[{"name":"wp","href":"https:\/\/api.w.org\/{rel}","templated":true}]}}